{"id":13802,"date":"2021-05-01T11:02:25","date_gmt":"2021-05-01T11:02:25","guid":{"rendered":"http:\/\/guentersahler.de\/?p=13802"},"modified":"2022-11-06T11:26:35","modified_gmt":"2022-11-06T11:26:35","slug":"steine-bei-stelberg","status":"publish","type":"post","link":"https:\/\/guentersahler.de\/?p=13802","title":{"rendered":"Steine bei Stelberg"},"content":{"rendered":"\n<p>Wegen der Rodungsarbeiten am nord\u00f6stlichen Hang des Stelbergs zwischen Roderwiese und Oberfeld wurde ein einfacher Fahrweg f\u00fcr die Maschinen angelegt. Hierdurch entstand ein Aufschlu\u00df in die oberen Bodenschichten. Ein Aufschlu\u00df zeigt einen Anschnitt des geologischen Untergrunds. Solche Aufschl\u00fcsse k\u00f6nnen ganz nat\u00fcrlich entstehen, z.B. sieht man sie an Steilk\u00fcsten oder durch Eingriffe in die Natur beim Stra\u00dfenbau (oder wie hier beim Wegebau) oder in Steinbr\u00fcchen und Baugruben.<\/p>\n\n\n\n<figure class=\"wp-block-image size-large\"><img loading=\"lazy\" decoding=\"async\" width=\"700\" height=\"419\" src=\"https:\/\/guentersahler.de\/wp-content\/uploads\/2021\/08\/suengerberge561.jpg\" alt=\"\" class=\"wp-image-16433\" srcset=\"https:\/\/guentersahler.de\/wp-content\/uploads\/2021\/08\/suengerberge561.jpg 700w, https:\/\/guentersahler.de\/wp-content\/uploads\/2021\/08\/suengerberge561-300x180.jpg 300w, https:\/\/guentersahler.de\/wp-content\/uploads\/2021\/08\/suengerberge561-624x374.jpg 624w\" sizes=\"(max-width: 700px) 100vw, 700px\" \/><figcaption>In der Bildmitte sieht man den nord\u00f6stlichen Hang des Stelbergs zwischen Roderwiese und Oberfeld. Das Foto wurde Anfang August 2021 vom Vogelsberg aus gemacht. Vorne links sieht man den Ort Oberfeld, hinten Oberb\u00fcschen und weiter rechts ein paar H\u00e4user von Roderwiesen.<\/figcaption><\/figure>\n\n\n\n<figure class=\"wp-block-image size-large\"><img loading=\"lazy\" decoding=\"async\" width=\"700\" height=\"412\" src=\"https:\/\/guentersahler.de\/wp-content\/uploads\/2021\/05\/suengerberge137.jpg\" alt=\"\" class=\"wp-image-13803\" srcset=\"https:\/\/guentersahler.de\/wp-content\/uploads\/2021\/05\/suengerberge137.jpg 700w, https:\/\/guentersahler.de\/wp-content\/uploads\/2021\/05\/suengerberge137-300x177.jpg 300w, https:\/\/guentersahler.de\/wp-content\/uploads\/2021\/05\/suengerberge137-624x367.jpg 624w\" sizes=\"(max-width: 700px) 100vw, 700px\" \/><figcaption>Blick vom Hang des \u00f6stlichen Stelbergs Richtung Breun. Links der Nackenberg bei Roderwiese. Im Hintergrund der Vogelsberg (April 2021)<\/figcaption><\/figure>\n\n\n\n<figure class=\"wp-block-image size-large\"><img loading=\"lazy\" decoding=\"async\" width=\"700\" height=\"525\" src=\"https:\/\/guentersahler.de\/wp-content\/uploads\/2021\/05\/suengerberge138.jpg\" alt=\"\" class=\"wp-image-13805\" srcset=\"https:\/\/guentersahler.de\/wp-content\/uploads\/2021\/05\/suengerberge138.jpg 700w, https:\/\/guentersahler.de\/wp-content\/uploads\/2021\/05\/suengerberge138-300x225.jpg 300w, https:\/\/guentersahler.de\/wp-content\/uploads\/2021\/05\/suengerberge138-624x468.jpg 624w\" sizes=\"(max-width: 700px) 100vw, 700px\" \/><figcaption>Blick vom Hang des \u00f6stlichen Stelbergs Richtung Oberb\u00fcschem. Hier standen Fichten, die der Trockenheit (2017 &#8211; 2020) und dem Borkenk\u00e4fer zum Opfer fielen (April 2021)<\/figcaption><\/figure>\n\n\n\n<figure class=\"wp-block-image size-large\"><img loading=\"lazy\" decoding=\"async\" width=\"700\" height=\"399\" src=\"https:\/\/guentersahler.de\/wp-content\/uploads\/2021\/03\/suengerberge010.jpg\" alt=\"\" class=\"wp-image-13270\" srcset=\"https:\/\/guentersahler.de\/wp-content\/uploads\/2021\/03\/suengerberge010.jpg 700w, https:\/\/guentersahler.de\/wp-content\/uploads\/2021\/03\/suengerberge010-300x171.jpg 300w, https:\/\/guentersahler.de\/wp-content\/uploads\/2021\/03\/suengerberge010-624x356.jpg 624w\" sizes=\"(max-width: 700px) 100vw, 700px\" \/><figcaption>Blick auf Hang des \u00f6stlichen Stelbergs Richtung Oberfeld. Links der Nackenberg (2021)<\/figcaption><\/figure>\n\n\n\n<figure class=\"wp-block-image size-large\"><img loading=\"lazy\" decoding=\"async\" width=\"700\" height=\"351\" src=\"https:\/\/guentersahler.de\/wp-content\/uploads\/2021\/05\/suengerberge284.jpg\" alt=\"\" class=\"wp-image-14605\" srcset=\"https:\/\/guentersahler.de\/wp-content\/uploads\/2021\/05\/suengerberge284.jpg 700w, https:\/\/guentersahler.de\/wp-content\/uploads\/2021\/05\/suengerberge284-300x150.jpg 300w, https:\/\/guentersahler.de\/wp-content\/uploads\/2021\/05\/suengerberge284-624x313.jpg 624w\" sizes=\"(max-width: 700px) 100vw, 700px\" \/><figcaption>[284] Der Stelberg von Oberb\u00fcschem aus gesehen. Der Aufschlu\u00df ist ganz links (Mai 2021)<\/figcaption><\/figure>\n\n\n\n<figure class=\"wp-block-image size-large\"><img loading=\"lazy\" decoding=\"async\" width=\"700\" height=\"525\" src=\"https:\/\/guentersahler.de\/wp-content\/uploads\/2021\/05\/suengerberge141.jpg\" alt=\"\" class=\"wp-image-13810\" srcset=\"https:\/\/guentersahler.de\/wp-content\/uploads\/2021\/05\/suengerberge141.jpg 700w, https:\/\/guentersahler.de\/wp-content\/uploads\/2021\/05\/suengerberge141-300x225.jpg 300w, https:\/\/guentersahler.de\/wp-content\/uploads\/2021\/05\/suengerberge141-624x468.jpg 624w\" sizes=\"(max-width: 700px) 100vw, 700px\" \/><figcaption>\u00d6stlicher Hang des Stelbergs mit Strombauwerk an der Stra\u00dfe von Oberfeld nach Roderwiese (April 2021)<\/figcaption><\/figure>\n\n\n\n<figure class=\"wp-block-image size-large\"><img loading=\"lazy\" decoding=\"async\" width=\"700\" height=\"525\" src=\"https:\/\/guentersahler.de\/wp-content\/uploads\/2021\/05\/suengerberge142.jpg\" alt=\"\" class=\"wp-image-13812\" srcset=\"https:\/\/guentersahler.de\/wp-content\/uploads\/2021\/05\/suengerberge142.jpg 700w, https:\/\/guentersahler.de\/wp-content\/uploads\/2021\/05\/suengerberge142-300x225.jpg 300w, https:\/\/guentersahler.de\/wp-content\/uploads\/2021\/05\/suengerberge142-624x468.jpg 624w\" sizes=\"(max-width: 700px) 100vw, 700px\" \/><figcaption>F\u00fcr die Rodungsarbeiten musste an der \u00f6stlichen Spitze des Stelbergs ein Fahrweg angelegt werden. Hier kamen Steine zum Vorschein (April 2021)<\/figcaption><\/figure>\n\n\n\n<figure class=\"wp-block-image size-large\"><img loading=\"lazy\" decoding=\"async\" width=\"700\" height=\"525\" src=\"https:\/\/guentersahler.de\/wp-content\/uploads\/2021\/05\/suengerberge143.jpg\" alt=\"\" class=\"wp-image-13814\" srcset=\"https:\/\/guentersahler.de\/wp-content\/uploads\/2021\/05\/suengerberge143.jpg 700w, https:\/\/guentersahler.de\/wp-content\/uploads\/2021\/05\/suengerberge143-300x225.jpg 300w, https:\/\/guentersahler.de\/wp-content\/uploads\/2021\/05\/suengerberge143-624x468.jpg 624w\" sizes=\"(max-width: 700px) 100vw, 700px\" \/><figcaption>Obere Bodenschichten an der \u00f6stlichen Spitze des Stelbergs (April 2021)<\/figcaption><\/figure>\n\n\n\n<figure class=\"wp-block-image size-large\"><img loading=\"lazy\" decoding=\"async\" width=\"700\" height=\"525\" src=\"https:\/\/guentersahler.de\/wp-content\/uploads\/2021\/05\/suengerberge144.jpg\" alt=\"\" class=\"wp-image-13816\" srcset=\"https:\/\/guentersahler.de\/wp-content\/uploads\/2021\/05\/suengerberge144.jpg 700w, https:\/\/guentersahler.de\/wp-content\/uploads\/2021\/05\/suengerberge144-300x225.jpg 300w, https:\/\/guentersahler.de\/wp-content\/uploads\/2021\/05\/suengerberge144-624x468.jpg 624w\" sizes=\"(max-width: 700px) 100vw, 700px\" \/><figcaption>Obere Bodenschichten an der \u00f6stlichen Spitze des Stelbergs (April 2021)<\/figcaption><\/figure>\n\n\n\n<figure class=\"wp-block-image size-large\"><img loading=\"lazy\" decoding=\"async\" width=\"700\" height=\"499\" src=\"https:\/\/guentersahler.de\/wp-content\/uploads\/2021\/05\/suengerberge146.jpg\" alt=\"\" class=\"wp-image-13819\" srcset=\"https:\/\/guentersahler.de\/wp-content\/uploads\/2021\/05\/suengerberge146.jpg 700w, https:\/\/guentersahler.de\/wp-content\/uploads\/2021\/05\/suengerberge146-300x214.jpg 300w, https:\/\/guentersahler.de\/wp-content\/uploads\/2021\/05\/suengerberge146-624x445.jpg 624w\" sizes=\"(max-width: 700px) 100vw, 700px\" \/><figcaption>Obere Bodenschichten an der \u00f6stlichen Spitze des Stelbergs (April 2021)<\/figcaption><\/figure>\n\n\n\n<figure class=\"wp-block-image size-large\"><img loading=\"lazy\" decoding=\"async\" width=\"700\" height=\"387\" src=\"https:\/\/guentersahler.de\/wp-content\/uploads\/2021\/05\/suengerberge147.jpg\" alt=\"\" class=\"wp-image-13821\" srcset=\"https:\/\/guentersahler.de\/wp-content\/uploads\/2021\/05\/suengerberge147.jpg 700w, https:\/\/guentersahler.de\/wp-content\/uploads\/2021\/05\/suengerberge147-300x166.jpg 300w, https:\/\/guentersahler.de\/wp-content\/uploads\/2021\/05\/suengerberge147-624x345.jpg 624w\" sizes=\"(max-width: 700px) 100vw, 700px\" \/><figcaption>Obere Bodenschichten an der \u00f6stlichen Spitze des Stelbergs (April 2021)<\/figcaption><\/figure>\n\n\n\n<figure class=\"wp-block-image size-large\"><img loading=\"lazy\" decoding=\"async\" width=\"700\" height=\"525\" src=\"https:\/\/guentersahler.de\/wp-content\/uploads\/2021\/05\/suengerberge152.jpg\" alt=\"\" class=\"wp-image-13836\" srcset=\"https:\/\/guentersahler.de\/wp-content\/uploads\/2021\/05\/suengerberge152.jpg 700w, https:\/\/guentersahler.de\/wp-content\/uploads\/2021\/05\/suengerberge152-300x225.jpg 300w, https:\/\/guentersahler.de\/wp-content\/uploads\/2021\/05\/suengerberge152-624x468.jpg 624w\" sizes=\"(max-width: 700px) 100vw, 700px\" \/><figcaption>Obere Bodenschichten an der \u00f6stlichen Spitze des Stelbergs (April 2021)<\/figcaption><\/figure>\n\n\n\n<figure class=\"wp-block-image size-large\"><img loading=\"lazy\" decoding=\"async\" width=\"700\" height=\"525\" src=\"https:\/\/guentersahler.de\/wp-content\/uploads\/2021\/05\/suengerberge153.jpg\" alt=\"\" class=\"wp-image-13837\" srcset=\"https:\/\/guentersahler.de\/wp-content\/uploads\/2021\/05\/suengerberge153.jpg 700w, https:\/\/guentersahler.de\/wp-content\/uploads\/2021\/05\/suengerberge153-300x225.jpg 300w, https:\/\/guentersahler.de\/wp-content\/uploads\/2021\/05\/suengerberge153-624x468.jpg 624w\" sizes=\"(max-width: 700px) 100vw, 700px\" \/><figcaption>Trockene obere Bodenschicht an der \u00f6stlichen Spitze des Stelbergs (April 2021)<\/figcaption><\/figure>\n\n\n\n<figure class=\"wp-block-image size-large\"><img loading=\"lazy\" decoding=\"async\" width=\"700\" height=\"525\" src=\"https:\/\/guentersahler.de\/wp-content\/uploads\/2021\/05\/suengerberge154.jpg\" alt=\"\" class=\"wp-image-13839\" srcset=\"https:\/\/guentersahler.de\/wp-content\/uploads\/2021\/05\/suengerberge154.jpg 700w, https:\/\/guentersahler.de\/wp-content\/uploads\/2021\/05\/suengerberge154-300x225.jpg 300w, https:\/\/guentersahler.de\/wp-content\/uploads\/2021\/05\/suengerberge154-624x468.jpg 624w\" sizes=\"(max-width: 700px) 100vw, 700px\" \/><figcaption>Lemige, leicht feutche zweite Bodenschicht an der \u00f6stlichen Spitze des Stelbergs (April 2021)<\/figcaption><\/figure>\n\n\n\n<figure class=\"wp-block-image size-large\"><img loading=\"lazy\" decoding=\"async\" width=\"700\" height=\"525\" src=\"https:\/\/guentersahler.de\/wp-content\/uploads\/2021\/05\/suengerberge155.jpg\" alt=\"\" class=\"wp-image-13841\" srcset=\"https:\/\/guentersahler.de\/wp-content\/uploads\/2021\/05\/suengerberge155.jpg 700w, https:\/\/guentersahler.de\/wp-content\/uploads\/2021\/05\/suengerberge155-300x225.jpg 300w, https:\/\/guentersahler.de\/wp-content\/uploads\/2021\/05\/suengerberge155-624x468.jpg 624w\" sizes=\"(max-width: 700px) 100vw, 700px\" \/><figcaption>Steine an der \u00f6stlichen Spitze des Stelbergs (April 2021)<\/figcaption><\/figure>\n\n\n\n<figure class=\"wp-block-image size-large\"><img loading=\"lazy\" decoding=\"async\" width=\"700\" height=\"499\" src=\"https:\/\/guentersahler.de\/wp-content\/uploads\/2021\/05\/suengerberge157.jpg\" alt=\"\" class=\"wp-image-13844\" srcset=\"https:\/\/guentersahler.de\/wp-content\/uploads\/2021\/05\/suengerberge157.jpg 700w, https:\/\/guentersahler.de\/wp-content\/uploads\/2021\/05\/suengerberge157-300x214.jpg 300w, https:\/\/guentersahler.de\/wp-content\/uploads\/2021\/05\/suengerberge157-624x445.jpg 624w\" sizes=\"(max-width: 700px) 100vw, 700px\" \/><figcaption>Stein von der \u00f6stlichen Spitze des Stelbergs. 6 cm breit, 4.7 cm hoch, 0,5 cm dick (April 2021)<\/figcaption><\/figure>\n\n\n\n<figure class=\"wp-block-image size-large\"><img loading=\"lazy\" decoding=\"async\" width=\"700\" height=\"465\" src=\"https:\/\/guentersahler.de\/wp-content\/uploads\/2021\/05\/suengerberge156.jpg\" alt=\"\" class=\"wp-image-13842\" srcset=\"https:\/\/guentersahler.de\/wp-content\/uploads\/2021\/05\/suengerberge156.jpg 700w, https:\/\/guentersahler.de\/wp-content\/uploads\/2021\/05\/suengerberge156-300x199.jpg 300w, https:\/\/guentersahler.de\/wp-content\/uploads\/2021\/05\/suengerberge156-624x415.jpg 624w\" sizes=\"(max-width: 700px) 100vw, 700px\" \/><figcaption>Stein von der \u00f6stlichen Spitze des Stelbergs. 6 cm breit, 4.7 cm hoch, 0,5 cm dick (April 2021)<\/figcaption><\/figure>\n\n\n\n<figure class=\"wp-block-image size-large\"><img loading=\"lazy\" decoding=\"async\" width=\"700\" height=\"487\" src=\"https:\/\/guentersahler.de\/wp-content\/uploads\/2021\/05\/suengerberge158.jpg\" alt=\"\" class=\"wp-image-13846\" srcset=\"https:\/\/guentersahler.de\/wp-content\/uploads\/2021\/05\/suengerberge158.jpg 700w, https:\/\/guentersahler.de\/wp-content\/uploads\/2021\/05\/suengerberge158-300x209.jpg 300w, https:\/\/guentersahler.de\/wp-content\/uploads\/2021\/05\/suengerberge158-624x434.jpg 624w\" sizes=\"(max-width: 700px) 100vw, 700px\" \/><figcaption>Stein von der \u00f6stlichen Spitze des Stelbergs. (April 2021)<\/figcaption><\/figure>\n\n\n\n<figure class=\"wp-block-image size-large\"><img loading=\"lazy\" decoding=\"async\" width=\"700\" height=\"523\" src=\"https:\/\/guentersahler.de\/wp-content\/uploads\/2021\/05\/suengerberge159.jpg\" alt=\"\" class=\"wp-image-13848\" srcset=\"https:\/\/guentersahler.de\/wp-content\/uploads\/2021\/05\/suengerberge159.jpg 700w, https:\/\/guentersahler.de\/wp-content\/uploads\/2021\/05\/suengerberge159-300x224.jpg 300w, https:\/\/guentersahler.de\/wp-content\/uploads\/2021\/05\/suengerberge159-624x466.jpg 624w\" sizes=\"(max-width: 700px) 100vw, 700px\" \/><figcaption>Stein von der \u00f6stlichen Spitze des Stelbergs. (April 2021)<\/figcaption><\/figure>\n\n\n\n<figure class=\"wp-block-image size-large\"><img loading=\"lazy\" decoding=\"async\" width=\"700\" height=\"525\" src=\"https:\/\/guentersahler.de\/wp-content\/uploads\/2021\/05\/suengerberge139.jpg\" alt=\"\" class=\"wp-image-13808\" srcset=\"https:\/\/guentersahler.de\/wp-content\/uploads\/2021\/05\/suengerberge139.jpg 700w, https:\/\/guentersahler.de\/wp-content\/uploads\/2021\/05\/suengerberge139-300x225.jpg 300w, https:\/\/guentersahler.de\/wp-content\/uploads\/2021\/05\/suengerberge139-624x468.jpg 624w\" sizes=\"(max-width: 700px) 100vw, 700px\" \/><figcaption>Fichtenwurzel am Hang des \u00f6stlichen Stelbergs Richtung Breun (April 2021)<\/figcaption><\/figure>\n\n\n\n<figure class=\"wp-block-image size-large\"><img loading=\"lazy\" decoding=\"async\" width=\"700\" height=\"453\" src=\"https:\/\/guentersahler.de\/wp-content\/uploads\/2021\/05\/suengerberge140.jpg\" alt=\"\" class=\"wp-image-13809\" srcset=\"https:\/\/guentersahler.de\/wp-content\/uploads\/2021\/05\/suengerberge140.jpg 700w, https:\/\/guentersahler.de\/wp-content\/uploads\/2021\/05\/suengerberge140-300x194.jpg 300w, https:\/\/guentersahler.de\/wp-content\/uploads\/2021\/05\/suengerberge140-624x404.jpg 624w\" sizes=\"(max-width: 700px) 100vw, 700px\" \/><figcaption>Boden unter der Wurzel einer Fichte am \u00f6stlichen Stelberg (2021)<\/figcaption><\/figure>\n\n\n\n<figure class=\"wp-block-image size-large\"><img loading=\"lazy\" decoding=\"async\" width=\"700\" height=\"525\" src=\"https:\/\/guentersahler.de\/wp-content\/uploads\/2021\/05\/suengerberge145.jpg\" alt=\"\" class=\"wp-image-13818\" srcset=\"https:\/\/guentersahler.de\/wp-content\/uploads\/2021\/05\/suengerberge145.jpg 700w, https:\/\/guentersahler.de\/wp-content\/uploads\/2021\/05\/suengerberge145-300x225.jpg 300w, https:\/\/guentersahler.de\/wp-content\/uploads\/2021\/05\/suengerberge145-624x468.jpg 624w\" sizes=\"(max-width: 700px) 100vw, 700px\" \/><figcaption>Stein an der \u00f6stlichen Spitze des Stelbergs (April 2021)<\/figcaption><\/figure>\n","protected":false},"excerpt":{"rendered":"<p>Wegen der Rodungsarbeiten am nord\u00f6stlichen Hang des Stelbergs zwischen Roderwiese und Oberfeld wurde ein einfacher Fahrweg f\u00fcr die Maschinen angelegt. Hierdurch entstand ein Aufschlu\u00df in die oberen Bodenschichten. Ein Aufschlu\u00df zeigt einen Anschnitt des geologischen Untergrunds. Solche Aufschl\u00fcsse k\u00f6nnen ganz &hellip; <a href=\"https:\/\/guentersahler.de\/?p=13802\">Weiter<\/a><\/p>\n","protected":false},"author":1,"featured_media":13844,"comment_status":"closed","ping_status":"closed","sticky":false,"template":"","format":"standard","meta":{"footnotes":""},"categories":[33,29,42,36],"tags":[],"class_list":["post-13802","post","type-post","status-publish","format-standard","has-post-thumbnail","hentry","category-blog","category-lindlar","category-natur","category-suenger-berge"],"_links":{"self":[{"href":"https:\/\/guentersahler.de\/index.php?rest_route=\/wp\/v2\/posts\/13802"}],"collection":[{"href":"https:\/\/guentersahler.de\/index.php?rest_route=\/wp\/v2\/posts"}],"about":[{"href":"https:\/\/guentersahler.de\/index.php?rest_route=\/wp\/v2\/types\/post"}],"author":[{"embeddable":true,"href":"https:\/\/guentersahler.de\/index.php?rest_route=\/wp\/v2\/users\/1"}],"replies":[{"embeddable":true,"href":"https:\/\/guentersahler.de\/index.php?rest_route=%2Fwp%2Fv2%2Fcomments&post=13802"}],"version-history":[{"count":22,"href":"https:\/\/guentersahler.de\/index.php?rest_route=\/wp\/v2\/posts\/13802\/revisions"}],"predecessor-version":[{"id":20826,"href":"https:\/\/guentersahler.de\/index.php?rest_route=\/wp\/v2\/posts\/13802\/revisions\/20826"}],"wp:featuredmedia":[{"embeddable":true,"href":"https:\/\/guentersahler.de\/index.php?rest_route=\/wp\/v2\/media\/13844"}],"wp:attachment":[{"href":"https:\/\/guentersahler.de\/index.php?rest_route=%2Fwp%2Fv2%2Fmedia&parent=13802"}],"wp:term":[{"taxonomy":"category","embeddable":true,"href":"https:\/\/guentersahler.de\/index.php?rest_route=%2Fwp%2Fv2%2Fcategories&post=13802"},{"taxonomy":"post_tag","embeddable":true,"href":"https:\/\/guentersahler.de\/index.php?rest_route=%2Fwp%2Fv2%2Ftags&post=13802"}],"curies":[{"name":"wp","href":"https:\/\/api.w.org\/{rel}","templated":true}]}}