{"id":13924,"date":"2021-05-18T14:35:00","date_gmt":"2021-05-18T14:35:00","guid":{"rendered":"http:\/\/guentersahler.de\/?p=13924"},"modified":"2023-07-14T08:27:15","modified_gmt":"2023-07-14T08:27:15","slug":"hydration-beim-wandern","status":"publish","type":"post","link":"https:\/\/guentersahler.de\/?p=13924","title":{"rendered":"Hydration und Sonnenschutz beim Wandern"},"content":{"rendered":"\n<p>Im Winter und auch noch im Fr\u00fchjahr kam ich gut ohne Wasser unterwegs zurecht und auch ohne speziellen Sonnenschutz aus. Es gab ein paar sch\u00f6ne Tage, ein fr\u00fches Fr\u00fchjahr im Februar, ein paar sch\u00f6ne Tage mit Schnee und Sonne, aber auch kaltem Wind. M\u00fctze, Jacke, dicke Hose &#8211; lange Zeit auch Handschuhe &#8211; waren Pflicht. <\/p>\n\n\n\n<p>Jetzt im Mai (2021 erst im Mai, ja hier im Bergischen Land war es bisher meist windig, kalt, manchmal auch na\u00df) steht zumindest bei den mehrst\u00fcndigen Touren wieder Wassermitnahme auf dem Programm und Sonnenschutz sowieso. <\/p>\n\n\n\n<p>Bei Hydration und Sonnenschutz gibt es in erster Linie zwei Ziele:<\/p>\n\n\n\n<ul class=\"wp-block-list\"><li>Dehydratation vermeiden!<\/li><li>Sonnenbrand vermeiden!<\/li><\/ul>\n\n\n\n<figure class=\"wp-block-image size-large\"><img decoding=\"async\" src=\"https:\/\/guentersahler.de\/wp-content\/uploads\/2022\/07\/suengerberge743.jpg\" alt=\"\"\/><figcaption>19. Juli 2022, Blick in Richtung Hammen um 6.45 Uhr. Im Laufe des Tages wurde es 36 Grad hei\u00df. Jetzt in der Fr\u00fch konnte man es noch aushalten.<\/figcaption><\/figure>\n\n\n\n<p class=\"has-text-align-left\"><strong>Hydration<\/strong><\/p>\n\n\n\n<p>Bei Erwachsenen liegt der Wasseranteil im K\u00f6rper bei rund 50 &#8211; 60 Prozent. Bei \u00e4lteren Menschen sinkt er ab auf rund 45 Prozent. T\u00e4glich werden beim Menschen 5 &#8211; 6 % des K\u00f6rperwassers umgesetzt. Um die physiologischen Funktionen aufrecht zu halten ist eine ausgeglichene Wasserbilanz notwendig. [1] Wasserzufuhr und Wasserabgabe sollen ausgeglichen sein. Schon bei einem Verlust von drei Prozent des Wassers im menschlichen K\u00f6rper kommt es zu Einschr\u00e4nkungen der k\u00f6rperlichen und geistigen Leistungsf\u00e4higkeit [1]. <\/p>\n\n\n\n<p>Das Wasserzufuhr \u00fcber Getr\u00e4nke und Nahrung soll am Tag bei 2 &#8211; 3 Litern liegen. Dabei ist zu beachten, dass unterschiedliche Getr\u00e4nke und Nahrungsmittel einen unterschiedlichen Wasseranteil haben. Wasser hat bezogen auf 100 g nat\u00fcrlich einen Wassergehalt von 100, ein Apfelfruchtsaft aber nur von 88. Eine Gurke hat einen Wassergehalt von 96, eine Banane nur von 75 [1].<\/p>\n\n\n\n<p>Die Wasserabgabe erfolgt \u00fcber Urin, Stuhl, Lunge und Haut. Im Sommer bei h\u00f6heren Temperaturen wird mehr Wasser \u00fcber die Haut verdunstet, wodurch auch ein hoher Verlust von Elektrolyten verbunden ist. Um den K\u00f6rper vor \u00dcberhitzung zu sch\u00fctzen wird je nach Sportart, Dauer, Geschlecht, Gewicht, Bekleidung und den klimatischen Bedingungen eine unterschiedliche Menge Schwei\u00df produziert. Ziel ist das die K\u00f6rperkerntemperatur nicht zu stark ansteigt [2]. Um den individuellen Fl\u00fcssigkeitsverlust festzustellen, wird empfohlen sich vor und nach dem Sport zu wieden (Wiegemethode). Die Differenz, die man im Gewicht feststellt, ist in etwa die Wassermenge die \u00fcber Schwei\u00df verloren gegangen ist [2]. Die w\u00e4hrend der Bewegung zugef\u00fchrten Wassermenge muss in dieser Berechnung abgezogen werden.<\/p>\n\n\n\n<p>Wird im Vergleich zur Wasserabgabe zuwenig Wasser dem K\u00f6rper zugef\u00fchrt, dann kommt es zu Dehydratation. Der K\u00f6rper hat nun eine negative Wasserbilanz [1]. Bereits bei der Verminderung des K\u00f6rperwassers um 0,5 % kommt es zu einem Durstgef\u00fchl, dies ist das Warnsignal f\u00fcr eine negative Wasserbilanz &#8211; nun sollte man ein Getr\u00e4nk zur Hand haben. Denn bei verst\u00e4rkter Schieflage kommt es mehr und mehr zur Beeintr\u00e4chtigung der Sauerstoff-und N\u00e4hrstoffversorgung der Muskel-und Gehirnzellen [1]. Nun nimmt die Konzentrationsf\u00e4higkeit ab, die Reaktionen werden schlechter. Wird kein Wasser zugef\u00fchrt erh\u00f6ht sich die K\u00f6rpertemperatur, es kommt zur Kreislaufschw\u00e4che und gar zu Verwirrtheit [1]. <\/p>\n\n\n\n<p>Die t\u00e4gliche Wasserzufuhr bei einem Erwachsenen sollte deshalb regelm\u00e4\u00dfig \u00fcber Getr\u00e4nke und Nahrung stattfinden. Und zwar bevor der Durst kommt. Es wird aber in der Literatur auch darauf hingewiesen, dass man zuviel trinken kann. In solchen F\u00e4llen wird von einer &#8222;Wasservergiftung&#8220; oder &#8222;Hyponatri\u00e4mie&#8220; gesprochen, durch die es in Ausnahmef\u00e4llen zu Todesf\u00e4llen gekommen ist [2]. Bei einer kurz Wandertour die weniger als eine Stunde dauert, wird im allgemeinen gesagt, dass keine Fl\u00fcssgkeit aufgenommen werden braucht, vorausgesetzt man ist vorher ausreichend hydratisiert. Hier reicht es, wenn man nach der Tour trinkt. Ich finde, selbst auf so einer Kurztour kann man sich eine kleine Wassermenge in die Jackentasche stecken oder an den G\u00fcrtel h\u00e4ngen. <\/p>\n\n\n\n<div class=\"wp-block-image\"><figure class=\"aligncenter size-large is-resized\"><img loading=\"lazy\" decoding=\"async\" src=\"https:\/\/guentersahler.de\/wp-content\/uploads\/2021\/05\/hydra002.jpg\" alt=\"\" class=\"wp-image-13967\" width=\"295\" height=\"221\" srcset=\"https:\/\/guentersahler.de\/wp-content\/uploads\/2021\/05\/hydra002.jpg 700w, https:\/\/guentersahler.de\/wp-content\/uploads\/2021\/05\/hydra002-300x225.jpg 300w, https:\/\/guentersahler.de\/wp-content\/uploads\/2021\/05\/hydra002-624x468.jpg 624w\" sizes=\"(max-width: 295px) 100vw, 295px\" \/><figcaption>F\u00fcr den kleines Durst unterwegs: EazyFlask von Raidlight, ein 150ml Softflask, den man in die Hosen- oder Jackentasche stecken kann und &#8230;<\/figcaption><\/figure><\/div>\n\n\n\n<div class=\"wp-block-image\"><figure class=\"aligncenter size-large is-resized\"><img loading=\"lazy\" decoding=\"async\" src=\"https:\/\/guentersahler.de\/wp-content\/uploads\/2021\/05\/hydra004.jpg\" alt=\"\" class=\"wp-image-13970\" width=\"294\" height=\"198\" srcset=\"https:\/\/guentersahler.de\/wp-content\/uploads\/2021\/05\/hydra004.jpg 700w, https:\/\/guentersahler.de\/wp-content\/uploads\/2021\/05\/hydra004-300x202.jpg 300w, https:\/\/guentersahler.de\/wp-content\/uploads\/2021\/05\/hydra004-624x420.jpg 624w\" sizes=\"(max-width: 294px) 100vw, 294px\" \/><figcaption>&#8230; nach dem Trinken zusammenfalten kann.<\/figcaption><\/figure><\/div>\n\n\n\n<p><\/p>\n\n\n\n<p>Bei l\u00e4ngeren Touren \u00fcber eine Stunde wird empfohlen sich auch unterwegs mit Wasser und Kohlenhydrate zu versorgen [2]. Da \u00fcber den Schwei\u00df auch Natrium verloren geht, sollte w\u00e4hrend der Bewegung auch dieser Verlust ausgeglichen werden. Bevor man mit der Tour beginnt, kann auch der Wasserbedarf geplant werden. Dabei kann man ber\u00fccksichtigen: Wie lange will ich unterwegs sein? Wie ist das Profil der Strecke? Wie sieht es beim Wetter aus? Dementsprechend sollte man reichlich Wasser in oder an den Rucksack stecken (oder an den G\u00fcrtel oder in die Hosen- und Jackentaschen). Hat man sich versch\u00e4tz, kann man noch schauen, ob es unterwegs B\u00e4che gibt, an denen man erneut Wasser aufnehmen, wobei hier eine Filterung des Wassers notwendig ist, um nicht verschmutzes Wasser zu trinken (mehr zur Wasserfilterung [3], [4], im Handel gibt es auch Trinkflaschen mit Filtersystemen).  <\/p>\n\n\n\n<div class=\"wp-block-image\"><figure class=\"aligncenter size-large is-resized\"><img loading=\"lazy\" decoding=\"async\" src=\"https:\/\/guentersahler.de\/wp-content\/uploads\/2021\/05\/hydra006.jpg\" alt=\"\" class=\"wp-image-14345\" width=\"330\" height=\"231\" srcset=\"https:\/\/guentersahler.de\/wp-content\/uploads\/2021\/05\/hydra006.jpg 700w, https:\/\/guentersahler.de\/wp-content\/uploads\/2021\/05\/hydra006-300x210.jpg 300w, https:\/\/guentersahler.de\/wp-content\/uploads\/2021\/05\/hydra006-624x438.jpg 624w\" sizes=\"(max-width: 330px) 100vw, 330px\" \/><figcaption>Wasserflaschen (hier eine aus Edelstahl) lassen sich bei vielen Rucks\u00e4cken au\u00dfen in Seitentaschen stecken und sind so stets griffbereit.<\/figcaption><\/figure><\/div>\n\n\n\n<p>Bei Kunststoffflaschen sind BPA (Bisphenol A) und PVC freie Flaschen vorzuziehen (vgl. z.B hier [<a rel=\"noreferrer noopener\" href=\"https:\/\/www.bergfreunde.de\/basislager\/bpa-freie-lebensmittelbehaelter-und-trinkflaschen-wieso-weshalb-warum\/\" target=\"_blank\">5<\/a>]. Edelstahlflaschen, wie die abgebildete, haben den Vorteil das sie &#8222;rostfrei, antibakteriell, robust und gering im Gewicht&#8220; sind (siehe <a rel=\"noreferrer noopener\" href=\"https:\/\/www.bergfreunde.de\/lacd-steel-bottle-trinkflasche\/\" target=\"_blank\">https:\/\/www.bergfreunde.de\/lacd-steel-bottle-trinkflasche\/<\/a>).<\/p>\n\n\n\n<div class=\"wp-block-image\"><figure class=\"aligncenter size-large is-resized\"><img loading=\"lazy\" decoding=\"async\" src=\"https:\/\/guentersahler.de\/wp-content\/uploads\/2021\/05\/hydra005.jpg\" alt=\"\" width=\"361\" height=\"224\"\/><figcaption>BPA und PVC-freie Softflask. <\/figcaption><\/figure><\/div>\n\n\n\n<p>[1] K\u00f6hnke K, (2011) Der Wasserhaushalt und die ern\u00e4hrungsphysiologische Bedeutungvon Wasser und Getr\u00e4nken. In: Ern\u00e4hrungs Umschau (2\/2011), S. 88 &#8211; 95.<br>https:\/\/www.ernaehrungs-umschau.de\/fileadmin\/Ernaehrungs-Umschau\/pdfs\/pdf_2011\/02_11\/EU02_2011_088_095.qxd.pdf<\/p>\n\n\n\n<p>[2] Mosler S, Braun H, Carlsohn A, Gro\u00dfhauser M, K\u00f6nig D, Lampen A, Nie\u00df A, Oberritter H, Sch\u00e4bethal K, Schek A, Stehle P, Virmani K, Ziegenhagen R, Heseker H (2019) Fl\u00fcssigkeitsmanagement im Sport. Position der Arbeitsgruppe Sportern\u00e4hrung der Deutschen Gesellschaft f\u00fcr Ern\u00e4hrung e. V. (DGE) In: Ern\u00e4hrungs Umschau 66(3): 52\u201359<br>The English version of this article is available online: DOI: 10.4455\/eu.2019.011<br>https:\/\/www.ernaehrungs-umschau.de\/fileadmin\/Ernaehrungs-Umschau\/pdfs\/pdf_2019\/03_19\/EU03_2019_M152-M159.pdf<\/p>\n\n\n\n<p>[3] https:\/\/wolfgangs.de\/blogs\/news\/dehydrierung-beim-wandern-was-sie-entsteht-und-wie-du-sie-vermeidest<\/p>\n\n\n\n<p>[4] https:\/\/wolfgangs.de\/blogs\/news\/methoden-der-wasserfilterung-mit-wenigen-tricks-zu-trinkbarem-wasser<\/p>\n\n\n\n<p>[5] https:\/\/www.bergfreunde.de\/basislager\/bpa-freie-lebensmittelbehaelter-und-trinkflaschen-wieso-weshalb-warum\/<\/p>\n\n\n\n<div class=\"wp-block-image\"><figure class=\"alignleft size-large is-resized\"><img loading=\"lazy\" decoding=\"async\" src=\"https:\/\/guentersahler.de\/wp-content\/uploads\/2021\/05\/hydra008.jpg\" alt=\"\" class=\"wp-image-14347\" width=\"636\" height=\"410\" srcset=\"https:\/\/guentersahler.de\/wp-content\/uploads\/2021\/05\/hydra008.jpg 700w, https:\/\/guentersahler.de\/wp-content\/uploads\/2021\/05\/hydra008-300x194.jpg 300w, https:\/\/guentersahler.de\/wp-content\/uploads\/2021\/05\/hydra008-624x403.jpg 624w\" sizes=\"(max-width: 636px) 100vw, 636px\" \/><figcaption>Trinkflaschen aus Edelstahl und Kunststoff.<\/figcaption><\/figure><\/div>\n\n\n\n<p><\/p>\n\n\n\n<p><strong>Sonnenschutz<\/strong><\/p>\n\n\n\n<p>Experten raten die Haut langsam an die Sonne zugew\u00f6hnen und verschiedene Ma\u00dfnahmen beim &#8222;Sonnenbad&#8220; zu beachten. N\u00e4heres steht hier: <a rel=\"noreferrer noopener\" href=\"https:\/\/hautkrebs-netzwerk.de\/experten-raten-die-haut-langsam-an-die-sonne-gewoehnen\/\" target=\"_blank\">https:\/\/hautkrebs-netzwerk.de\/experten-raten-die-haut-langsam-an-die-sonne-gewoehnen\/<\/a> und auch hier: <a rel=\"noreferrer noopener\" href=\"https:\/\/hubertus-apo.net\/leben\/fruehlingssonne-so-schuetzen-sie-ihre-haut\/\" target=\"_blank\">https:\/\/hubertus-apo.net\/leben\/fruehlingssonne-so-schuetzen-sie-ihre-haut\/<\/a>, und auch hier: <a rel=\"noreferrer noopener\" href=\"https:\/\/www.universimed.com\/ch\/article\/dermatologie\/hotspots-und-altbekanntes-rund-um-den-sonnenschutz-2163501#!\" target=\"_blank\">https:\/\/www.universimed.com\/ch\/article\/dermatologie\/hotspots-und-altbekanntes-rund-um-den-sonnenschutz-2163501#!<\/a> (Stichw\u00f6rter: Melanin, Lichtschwiele, Photoprotektion).<\/p>\n\n\n\n<p>In den w\u00e4rmeren Monaten schaut man sich zuerst die Wettervorhersage an. Ich finde immer noch die im TV am besten (ARD, &#8222;Wetter vor acht&#8220;, <a rel=\"noreferrer noopener\" href=\"https:\/\/www.daserste.de\/information\/nachrichten-wetter\/wetter\/index.html\" target=\"_blank\">hier die Webseite<\/a>). Wie sieht es aus, gibt es morgen Sonne oder regnet es wieder (die Frage im Mai 2021)?<\/p>\n\n\n\n<p><a href=\"https:\/\/www.dwd.de\/DE\/wetter\/vorhersage_aktuell\/vhs_brd_node.html\" target=\"_blank\" rel=\"noreferrer noopener\">Wettervorhersage auf der Webseite des Deutschen Wetterdienstes (DWD)<\/a> am 19.05.2021: <\/p>\n\n\n\n<p>&#8222;Heute viele Wolken, dazwischen auch <strong>etwas Sonne<\/strong>, im Tagesverlauf verbreitet Schauer und ab dem sp\u00e4ten Vormittag auch kurze Gewitter, vereinzelt mit Starkregen oder kleinem Hagel. Im Nordosten und im \u00e4u\u00dfersten Norden freundlicher und oft trocken. K\u00fchl bei H\u00f6chstwerten zwischen 11 und 18 Grad. Schwacher bis m\u00e4\u00dfiger Westwind, in Gewittern starke bis st\u00fcrmische B\u00f6en.&#8220;<\/p>\n\n\n\n<p>F\u00fcr den 20.05.2021:<\/p>\n\n\n\n<p>&#8222;Am Donnerstag in der S\u00fcdosth\u00e4lfte weitere Schauer und einzelne Gewitter, im Nachmittagsverlauf allm\u00e4hlich nachlassend, dann<strong> h\u00e4ufiger Sonne<\/strong>. Im Westen und Norden zun\u00e4chst oft trocken <strong>mit sonnigen Abschnitten<\/strong>, im Tagesverlauf von Westen dichtere Wolkenfelder, aber meist noch trocken. H\u00f6chsttemperaturen 12 bis 18, im Bergland um 11 Grad. Schwacher bis m\u00e4\u00dfiger Wind aus West bis S\u00fcdwest, gelegentlich b\u00f6ig auffrischend.&#8220;<\/p>\n\n\n\n<p>Wettervorhersage auf <a href=\"http:\/\/wetter.de\" target=\"_blank\" rel=\"noreferrer noopener\">wetter.de<\/a> f\u00fcr den 19.05.2021 (Ort Lindlar):<\/p>\n\n\n\n<p>&#8222;Mittags werden in Lindlar Temperaturen von 12\u00b0 (gef\u00fchlt: 18\u00b0) erwartet. Es werden Brisen (15 km\/h) aus Westen mit B\u00f6en (30 km\/h) erwartet. Es kommt zu Niederschlagsmengen von 0,0 l\/m\u00b2, die Niederschlagswahrscheinlichkeit betr\u00e4gt 0% und die Luftfeuchtigkeit 77%.<br>Abends werden es in Lindlar 11\u00b0 (allerdings gef\u00fchlte 12\u00b0). Es wird Wind (9km\/h) aus mit B\u00f6en von bis zu 16km\/h erwartet. Bei einer Luftfeuchtigkeit von 77% werden mit 80% Niederschl\u00e4ge erwartet und es wird 1,8 l\/m\u00b2 Niederschlag in den Abendstunden in Lindlar geben. Die <strong>Sonne<\/strong> scheint in Lindlar 6,4 Stunden lang.&#8220; (Quelle: <a href=\"http:\/\/www.wetter.de\">www.wetter.de<\/a>)<\/p>\n\n\n\n<p>Vorhersage f\u00fcr den 20.05.2021 (Ort Lindlar):<\/p>\n\n\n\n<p>&#8222;Mittags werden in Lindlar Temperaturen von 13\u00b0 (gef\u00fchlt: 19\u00b0) erwartet. Es werden Brisen (13 km\/h) aus Westen mit B\u00f6en (18 km\/h) erwartet. Es kommt zu Niederschlagsmengen von 0,0 l\/m\u00b2, die Niederschlagswahrscheinlichkeit betr\u00e4gt 0% und die Luftfeuchtigkeit 65%.<br>Abends werden es in Lindlar 13\u00b0 (allerdings gef\u00fchlte 14\u00b0). Es wird Wind (11 km\/h) aus mit B\u00f6en von bis zu 28 km\/h erwartet. Bei einer Luftfeuchtigkeit von 61% werden mit 0% Niederschl\u00e4ge erwartet und es wird 0,0 l\/m\u00b2 Niederschlag in den Abendstunden in Lindlar geben. Die Sonne scheint in Lindlar 1,8 Stunden lang.&#8220; (Quelle: <a href=\"http:\/\/www.wetter.de\">www.wetter.de<\/a>)<\/p>\n\n\n\n<p>Lokal nutze ich hier die Facebook-Seite <a rel=\"noreferrer noopener\" href=\"https:\/\/www.facebook.com\/WetterinfoLindlar\/\" target=\"_blank\">Wetterinfo <em>Lindlar<\/em><\/a> von Oliver Baldsiefen. <\/p>\n\n\n\n<p><strong>UV-Index<\/strong><\/p>\n\n\n\n<p>Wie sieht es mit der sch\u00e4dlichen UV-Strahlen (Sonnenbrand, Hautkrebs) aus? Dazu gibt der UV-Index Informationen. <\/p>\n\n\n\n<p>Laut <a rel=\"noreferrer noopener\" href=\"https:\/\/www.bfs.de\" target=\"_blank\">Bundesamt f\u00fcr Strahlenschutz (BfS)<\/a> beschreibt der von der Weltgesundheitsorganisation (WHO) definierte <a rel=\"noreferrer noopener\" href=\"https:\/\/www.who.int\/news-room\/q-a-detail\/radiation-the-ultraviolet-(uv)-index\" target=\"_blank\">UV-Index<\/a> den am &#8222;Boden erwarteten Tagesspitzenwert der sonnenbrandwirksamen UVStrahlung&#8220; [1]. Je h\u00f6her der UV-Index ist, desto schneller kann ein Sonnenbrand entstehen. Und ein Sonnenbrand wollen wir ja unbedingt vermeiden. Der UV-Index hilft also bei der Planung, welche Sonnenschutzma\u00dfnahmen notwendig sind. Die Skala des UV-Index ist nach oben offen. Im Sommer werden in Deutschland Werte von 8 oder 9 erreicht, in den S\u00fcddeutschen Hochlagen sogar 1. Um den \u00c4quator sind 12 oder h\u00f6her m\u00f6glich. Zur Einf\u00fchrung lohnt es sich auch dieses <a rel=\"noreferrer noopener\" href=\"https:\/\/youtu.be\/-WN08kGVmCU\" target=\"_blank\">Video des Deutschen Wetterdienstes (DWD)<\/a> anzusehen.<\/p>\n\n\n\n<p>Eine gute Einf\u00fchrung ins Thema UV-Strahlung und Sonnenbrand gibt es hier bei der Uni Kiel: <a href=\"https:\/\/www.uni-kiel.de\/med-klimatologie\/uvinfo.html\" target=\"_blank\" rel=\"noreferrer noopener\">https:\/\/www.uni-kiel.de\/med-klimatologie\/uvinfo.html<\/a><br>Zur UV-Strahlung und Augen <a href=\"https:\/\/optik-gronde.de\/was-ist-uv-strahlung-und-wie-schaedigt-sie-unsere-augen\/\" target=\"_blank\" rel=\"noreferrer noopener\">hier<\/a> ein Artikel.<\/p>\n\n\n\n<p><strong>Prognosen ansehen<\/strong><\/p>\n\n\n\n<p>Prognosen f\u00fcr die kommenden Tage kann man sich auf den Webseiten des DWD auf <a rel=\"noreferrer noopener\" href=\"https:\/\/kunden.dwd.de\/uvi_de\/index.jsp\" target=\"_blank\">https:\/\/kunden.dwd.de\/uvi_de\/index.jsp<\/a> oder dem <a rel=\"noreferrer noopener\" href=\"https:\/\/www.bfs.de\" target=\"_blank\">Bundesamt f\u00fcr Strahlenschutz (BfS)<\/a> ansehen.<\/p>\n\n\n\n<p>UV 1 und UV 2 Werte werden als &#8222;<strong>Geringe gesundheitliche Gef\u00e4hrdung<\/strong>&#8220; kategorisiert. Hier sind demnach keine Ma\u00dfnahmen zum Schutz der Haut erforderlich. <\/p>\n\n\n\n<p>Beispiel: F\u00fcr den 19.05. wurde in Nordrhein-Westfalen (hier L\u00fcdenscheid) ein UV 4 Wert angegeben. F\u00fcr den 20.05. und den 21.05. dann UV 5. Zusammen mit UV 3 sind geh\u00f6ren UV 4 und UV 5 zur &#8222;<strong>Mittlere gesundheitliche Gef\u00e4hrdung<\/strong>&#8222;, es sind Schutzma\u00dfnahmen erforderlich, angegeben werden: &#8222;Hemd, Sonnencreme und Sonnenbrille sch\u00fctzen vor zu viel UV-Strahlung.&#8220; <\/p>\n\n\n\n<figure class=\"wp-block-table\"><table><tbody><tr><th>Land<br>Germany<\/th><th>Stadt<br>l\u00fcdenscheid<\/th><th scope=\"col\">19-05-2021<br>4<\/th><th scope=\"col\">20-05-2021<br>5<\/th><th class=\"has-text-align-center\" data-align=\"center\" scope=\"col\">21-05-2021<br>5<\/th><\/tr><\/tbody><\/table><figcaption>Angaben von <a href=\"https:\/\/kunden.dwd.de\/uvi_de\/index.jsp\" target=\"_blank\" rel=\"noreferrer noopener\">https:\/\/kunden.dwd.de\/uvi_de\/index.jsp<\/a> (abgerufen am 19.05.2021)<\/figcaption><\/figure>\n\n\n\n<p>UV 6 und UV 7 <strong>Hohe gesundheitliche Gef\u00e4hrdung<\/strong> (Zus\u00e4tzlich: Mittags den Schatten aufsuchen)<br>UV 8, UV 9, UV 10 <strong>Sehr hohe gesundheitliche Gef\u00e4hrdung<\/strong> (Zus\u00e4tzlich: zwischen 11 und 16 Uhr sollte der Aufenthalt im Freien vermieden werden)<br>UV 11 <strong>Extreme gesundheitliche Gef\u00e4hrdung<\/strong> (grunds\u00e4tzlich im Schatten bleiben)<\/p>\n\n\n\n<figure class=\"wp-block-table\"><table><tbody><tr><th>Region<br>Mittelgebirgsregion West<\/th><th>UV-Index<br>6-8<\/th><th>Wetterlage<br>wolkig<\/th><\/tr><\/tbody><\/table><figcaption>Prognose f\u00fcr den 20.05.2021 auf <a href=\"https:\/\/www.bfs.de\/DE\/themen\/opt\/uv\/uv-index\/prognose\/prognose_node.html.\" target=\"_blank\" rel=\"noreferrer noopener\">https:\/\/www.bfs.de\/DE\/themen\/opt\/uv\/uv-index\/prognose\/prognose_node.html.<\/a> Laut Karte dort: Bei Wechsel Wolken und Sonne 6, bei Sonne 8. <\/figcaption><\/figure>\n\n\n\n<p>Weitere Informationen f\u00fcr Prognosen erh\u00e4lt man hier:<\/p>\n\n\n\n<ul class=\"wp-block-list\"><li><a href=\"https:\/\/www.dwd.de\/DE\/leistungen\/gefahrenindizesuvi\/gefahrenindexuvi.html\">https:\/\/www.dwd.de\/DE\/leistungen\/gefahrenindizesuvi\/gefahrenindexuvi.html<\/a><br>Beim DWD kann auch ein Newsletter f\u00fcr UV-Warnungen bestellt werden (der DWD schreibt: &#8222;Warnungen vor hohem UV-Index werden in den Monaten April bis August erstellt. Im Warnfall werden die UV-Warnungen bis 10:00 Uhr des entsprechenden Tages erstellt\/versendet.&#8220;<\/li><\/ul>\n\n\n\n<p><strong>Sonnencreme<\/strong><\/p>\n\n\n\n<p>Lichtschutzfaktor (LSF)<\/p>\n\n\n\n<p>Der LSF gibt an &#8222;wie viel l\u00e4nger man sich im Vergleich zum ungesch\u00fctzten Zustand der Sonne aussetzen kann, ohne einen Sonnenbrand zu bekommen.&#8220; (siehe <a rel=\"noreferrer noopener\" href=\"https:\/\/www.deutsche-apotheker-zeitung.de\/news\/artikel\/2020\/06\/03\/das-sagt-der-lichtschutzfaktor-aus\" target=\"_blank\">https:\/\/www.deutsche-apotheker-zeitung.de\/news\/artikel\/2020\/06\/03\/das-sagt-der-lichtschutzfaktor-aus<\/a>).<\/p>\n\n\n\n<p>Es gibt beim LSF diese Kategorien, die jeweils auf der Tube oder Flasche der Sonnencreme stehen:<\/p>\n\n\n\n<ul class=\"wp-block-list\"><li>Basis-Schutzniveau = LSF 6-10 <\/li><li>mittleres Schutzniveau = LSF 15-20 <\/li><li>hohes Schutzniveau = LSF 30-50<\/li><li>sehr hohes Schutzniveau = LSF 50+ <\/li><\/ul>\n\n\n\n<p><a href=\"https:\/\/www.nivea.de\/beratung\/sonnenschutz\/lichtschutzfaktor\" target=\"_blank\" rel=\"noreferrer noopener\">Hier<\/a> wird erkl\u00e4rt, wie man den LSF berechnet. <\/p>\n\n\n\n<p><strong>Sonnenhut\/-kleidung<\/strong><\/p>\n\n\n\n<ul class=\"wp-block-list\"><li>UPF (Ultraviolet Protection Factor)<\/li><li>ARPANSA<\/li><li>UV-Standard 80, https:\/\/www.uvstandard801.com\/de\/textiler-uv-schutz\/<\/li><li>https:\/\/www.bergfreunde.de\/basislager\/outdoorbekleidung-mit-uv-schutzfaktor-upf-praxistauglich-oder-marketingstrategie\/<\/li><li>Longsleeve<\/li><li>Multifunktionstuch<\/li><\/ul>\n\n\n\n<p><strong>Sonnenbrille<\/strong><\/p>\n\n\n\n<ul class=\"wp-block-list\"><li>UV400<\/li><li>100% UV-Schutz<\/li><li>Schutz-Kategorien<\/li><li><a href=\"https:\/\/optik-gronde.de\/der-richtige-uv-schutz-fuer-ihre-augen\/\" target=\"_blank\" rel=\"noreferrer noopener\">https:\/\/optik-gronde.de\/der-richtige-uv-schutz-fuer-ihre-augen\/<\/a><\/li><\/ul>\n\n\n\n<p>Zeiten<\/p>\n\n\n\n<ul class=\"wp-block-list\"><li>Schattenregel: &#8222;Kurzer Schatten = Gefahr! Langer Schatten = Geringe Gefahr! &#8230;<br>Die Schattenregel stellt eine einfache und verl\u00e4ssliche Alternative dar, um die UV-Belastung ohne Hilfsmittel absch\u00e4tzen zu k\u00f6nnen. Nach dieser Regel sind Schutzma\u00dfnahmen jedenfalls dann anzuwenden, wenn der eigene Schatten k\u00fcrzer ist als man selbst (also die Sonne mehr als 45\u00b0 \u00fcber dem Horizont steht). Die Schat-tenregel gilt eleganterweise zu allen Ta-ges- und Jahreszeiten, da die UV-Belastung eng mit dem Sonnenstand ver-kn\u00fcpft ist.&#8220; (Quelle: <a rel=\"noreferrer noopener\" href=\"https:\/\/www.fs-ev.org\/fileadmin\/user_upload\/04_Arbeitsgruppen\/08_Nichtionisierende_Strahlung\/02_Dokumente\/Leitfaeden\/Leitfaden-Sonnenstrahlung-_AKNIR-29112012.pdf\" target=\"_blank\">https:\/\/www.fs-ev.org\/fileadmin\/user_upload\/04_Arbeitsgruppen\/08_Nichtionisierende_Strahlung\/02_Dokumente\/Leitfaeden\/Leitfaden-Sonnenstrahlung-_AKNIR-29112012.pdf<\/a>)<br>&#8222;Faustregel: Ist der Schatten kleiner als die [eigene] K\u00f6rpergr\u00f6\u00dfe, besteht Gefahr; ist der Schatten gr\u00f6\u00dfer als die K\u00f6rpergr\u00f6\u00dfe, besteht geringere Gefahr.&#8220; (Quelle: <a href=\"https:\/\/www.bgn-branchenwissen.de\/daten\/dguv\/203_085\/4.htm\" target=\"_blank\" rel=\"noreferrer noopener\">https:\/\/www.bgn-branchenwissen.de\/daten\/dguv\/203_085\/4.htm<\/a>)<\/li><\/ul>\n\n\n\n<p>Wege<\/p>\n\n\n\n<p>Wege mit m\u00f6glichst viel Schatten nutzen.<\/p>\n\n\n\n<p>[1] <a rel=\"noreferrer noopener\" href=\"https:\/\/www.bfs.de\" target=\"_blank\">Bundesamt f\u00fcr Strahlenschutz (BfS)<\/a>: https:\/\/www.bfs.de\/DE\/themen\/opt\/uv\/uv-index\/einfuehrung\/einfuehrung_node.html (gesehen 19.05.2021)<\/p>\n","protected":false},"excerpt":{"rendered":"<p>Im Winter und auch noch im Fr\u00fchjahr kam ich gut ohne Wasser unterwegs zurecht und auch ohne speziellen Sonnenschutz aus. Es gab ein paar sch\u00f6ne Tage, ein fr\u00fches Fr\u00fchjahr im Februar, ein paar sch\u00f6ne Tage mit Schnee und Sonne, aber &hellip; <a href=\"https:\/\/guentersahler.de\/?p=13924\">Weiter<\/a><\/p>\n","protected":false},"author":1,"featured_media":14347,"comment_status":"closed","ping_status":"closed","sticky":false,"template":"","format":"standard","meta":{"footnotes":""},"categories":[33,37],"tags":[],"class_list":["post-13924","post","type-post","status-publish","format-standard","has-post-thumbnail","hentry","category-blog","category-natursport"],"_links":{"self":[{"href":"https:\/\/guentersahler.de\/index.php?rest_route=\/wp\/v2\/posts\/13924"}],"collection":[{"href":"https:\/\/guentersahler.de\/index.php?rest_route=\/wp\/v2\/posts"}],"about":[{"href":"https:\/\/guentersahler.de\/index.php?rest_route=\/wp\/v2\/types\/post"}],"author":[{"embeddable":true,"href":"https:\/\/guentersahler.de\/index.php?rest_route=\/wp\/v2\/users\/1"}],"replies":[{"embeddable":true,"href":"https:\/\/guentersahler.de\/index.php?rest_route=%2Fwp%2Fv2%2Fcomments&post=13924"}],"version-history":[{"count":93,"href":"https:\/\/guentersahler.de\/index.php?rest_route=\/wp\/v2\/posts\/13924\/revisions"}],"predecessor-version":[{"id":24898,"href":"https:\/\/guentersahler.de\/index.php?rest_route=\/wp\/v2\/posts\/13924\/revisions\/24898"}],"wp:featuredmedia":[{"embeddable":true,"href":"https:\/\/guentersahler.de\/index.php?rest_route=\/wp\/v2\/media\/14347"}],"wp:attachment":[{"href":"https:\/\/guentersahler.de\/index.php?rest_route=%2Fwp%2Fv2%2Fmedia&parent=13924"}],"wp:term":[{"taxonomy":"category","embeddable":true,"href":"https:\/\/guentersahler.de\/index.php?rest_route=%2Fwp%2Fv2%2Fcategories&post=13924"},{"taxonomy":"post_tag","embeddable":true,"href":"https:\/\/guentersahler.de\/index.php?rest_route=%2Fwp%2Fv2%2Ftags&post=13924"}],"curies":[{"name":"wp","href":"https:\/\/api.w.org\/{rel}","templated":true}]}}