{"id":16396,"date":"2021-08-14T12:49:00","date_gmt":"2021-08-14T12:49:00","guid":{"rendered":"http:\/\/guentersahler.de\/?p=16396"},"modified":"2022-11-06T10:53:36","modified_gmt":"2022-11-06T10:53:36","slug":"pinselkaefer","status":"publish","type":"post","link":"https:\/\/guentersahler.de\/?p=16396","title":{"rendered":"Pinselk\u00e4fer"},"content":{"rendered":"\n<p>Dieser Pinselk\u00e4fer war ins Wasser gefallen. Auf ein paar Bildern sieht man auch das er richtig na\u00df geworden ist und erstmal wieder trocknen wollte.<\/p>\n\n\n\n<figure class=\"wp-block-image size-large\"><img loading=\"lazy\" decoding=\"async\" width=\"700\" height=\"542\" src=\"https:\/\/guentersahler.de\/wp-content\/uploads\/2021\/08\/kaefer043.jpg\" alt=\"\" class=\"wp-image-16387\" srcset=\"https:\/\/guentersahler.de\/wp-content\/uploads\/2021\/08\/kaefer043.jpg 700w, https:\/\/guentersahler.de\/wp-content\/uploads\/2021\/08\/kaefer043-300x232.jpg 300w, https:\/\/guentersahler.de\/wp-content\/uploads\/2021\/08\/kaefer043-624x483.jpg 624w\" sizes=\"(max-width: 700px) 100vw, 700px\" \/><figcaption>Pinselk\u00e4fer nach unfreiwilligem Bad in Lindlar-Hartegasse (Mitte August 2021)<\/figcaption><\/figure>\n\n\n\n<figure class=\"wp-block-image size-large\"><img loading=\"lazy\" decoding=\"async\" width=\"700\" height=\"480\" src=\"https:\/\/guentersahler.de\/wp-content\/uploads\/2021\/08\/kaefer035.jpg\" alt=\"\" class=\"wp-image-16394\" srcset=\"https:\/\/guentersahler.de\/wp-content\/uploads\/2021\/08\/kaefer035.jpg 700w, https:\/\/guentersahler.de\/wp-content\/uploads\/2021\/08\/kaefer035-300x206.jpg 300w, https:\/\/guentersahler.de\/wp-content\/uploads\/2021\/08\/kaefer035-624x428.jpg 624w\" sizes=\"(max-width: 700px) 100vw, 700px\" \/><\/figure>\n\n\n\n<figure class=\"wp-block-image size-large\"><img loading=\"lazy\" decoding=\"async\" width=\"700\" height=\"436\" src=\"https:\/\/guentersahler.de\/wp-content\/uploads\/2021\/08\/kaefer036.jpg\" alt=\"\" class=\"wp-image-16395\" srcset=\"https:\/\/guentersahler.de\/wp-content\/uploads\/2021\/08\/kaefer036.jpg 700w, https:\/\/guentersahler.de\/wp-content\/uploads\/2021\/08\/kaefer036-300x187.jpg 300w, https:\/\/guentersahler.de\/wp-content\/uploads\/2021\/08\/kaefer036-624x389.jpg 624w\" sizes=\"(max-width: 700px) 100vw, 700px\" \/><\/figure>\n\n\n\n<figure class=\"wp-block-image size-large\"><img loading=\"lazy\" decoding=\"async\" width=\"700\" height=\"450\" src=\"https:\/\/guentersahler.de\/wp-content\/uploads\/2021\/08\/kaefer038.jpg\" alt=\"\" class=\"wp-image-16392\" srcset=\"https:\/\/guentersahler.de\/wp-content\/uploads\/2021\/08\/kaefer038.jpg 700w, https:\/\/guentersahler.de\/wp-content\/uploads\/2021\/08\/kaefer038-300x193.jpg 300w, https:\/\/guentersahler.de\/wp-content\/uploads\/2021\/08\/kaefer038-624x401.jpg 624w\" sizes=\"(max-width: 700px) 100vw, 700px\" \/><\/figure>\n\n\n\n<figure class=\"wp-block-image size-large\"><img loading=\"lazy\" decoding=\"async\" width=\"700\" height=\"429\" src=\"https:\/\/guentersahler.de\/wp-content\/uploads\/2021\/08\/kaefer037.jpg\" alt=\"\" class=\"wp-image-16393\" srcset=\"https:\/\/guentersahler.de\/wp-content\/uploads\/2021\/08\/kaefer037.jpg 700w, https:\/\/guentersahler.de\/wp-content\/uploads\/2021\/08\/kaefer037-300x184.jpg 300w, https:\/\/guentersahler.de\/wp-content\/uploads\/2021\/08\/kaefer037-624x382.jpg 624w\" sizes=\"(max-width: 700px) 100vw, 700px\" \/><\/figure>\n\n\n\n<figure class=\"wp-block-image size-large\"><img loading=\"lazy\" decoding=\"async\" width=\"700\" height=\"466\" src=\"https:\/\/guentersahler.de\/wp-content\/uploads\/2021\/08\/kaefer039.jpg\" alt=\"\" class=\"wp-image-16391\" srcset=\"https:\/\/guentersahler.de\/wp-content\/uploads\/2021\/08\/kaefer039.jpg 700w, https:\/\/guentersahler.de\/wp-content\/uploads\/2021\/08\/kaefer039-300x200.jpg 300w, https:\/\/guentersahler.de\/wp-content\/uploads\/2021\/08\/kaefer039-624x415.jpg 624w\" sizes=\"(max-width: 700px) 100vw, 700px\" \/><figcaption>Die Haare sind richtig na\u00df, Pinselk\u00e4fer (Mitte August 2021)<\/figcaption><\/figure>\n\n\n\n<figure class=\"wp-block-image size-large\"><img loading=\"lazy\" decoding=\"async\" width=\"700\" height=\"482\" src=\"https:\/\/guentersahler.de\/wp-content\/uploads\/2021\/08\/kaefer040.jpg\" alt=\"\" class=\"wp-image-16390\" srcset=\"https:\/\/guentersahler.de\/wp-content\/uploads\/2021\/08\/kaefer040.jpg 700w, https:\/\/guentersahler.de\/wp-content\/uploads\/2021\/08\/kaefer040-300x207.jpg 300w, https:\/\/guentersahler.de\/wp-content\/uploads\/2021\/08\/kaefer040-624x430.jpg 624w\" sizes=\"(max-width: 700px) 100vw, 700px\" \/><\/figure>\n\n\n\n<figure class=\"wp-block-image size-large is-resized\"><img loading=\"lazy\" decoding=\"async\" src=\"https:\/\/guentersahler.de\/wp-content\/uploads\/2021\/08\/kaefer042.jpg\" alt=\"\" class=\"wp-image-16388\" width=\"655\" height=\"448\" srcset=\"https:\/\/guentersahler.de\/wp-content\/uploads\/2021\/08\/kaefer042.jpg 700w, https:\/\/guentersahler.de\/wp-content\/uploads\/2021\/08\/kaefer042-300x205.jpg 300w, https:\/\/guentersahler.de\/wp-content\/uploads\/2021\/08\/kaefer042-624x427.jpg 624w\" sizes=\"(max-width: 655px) 100vw, 655px\" \/><figcaption>Die Haare sind richtig na\u00df, Pinselk\u00e4fer (Mitte August 2021)<\/figcaption><\/figure>\n\n\n\n<figure class=\"wp-block-image size-large\"><img loading=\"lazy\" decoding=\"async\" width=\"700\" height=\"451\" src=\"https:\/\/guentersahler.de\/wp-content\/uploads\/2021\/08\/kaefer041.jpg\" alt=\"\" class=\"wp-image-16389\" srcset=\"https:\/\/guentersahler.de\/wp-content\/uploads\/2021\/08\/kaefer041.jpg 700w, https:\/\/guentersahler.de\/wp-content\/uploads\/2021\/08\/kaefer041-300x193.jpg 300w, https:\/\/guentersahler.de\/wp-content\/uploads\/2021\/08\/kaefer041-624x402.jpg 624w\" sizes=\"(max-width: 700px) 100vw, 700px\" \/><\/figure>\n\n\n\n<p>Ich drehte noch ein paar kurze Clips vom K\u00e4fer. Bei einem sprang der K\u00e4fer pl\u00f6tzlich von der Treppe, auf den ich ihn mit dem Holzst\u00fcckchen zum Trocknen gesetzt hatte. <\/p>\n\n\n\n<p><iframe loading=\"lazy\" src=\"https:\/\/www.youtube.com\/embed\/Fx9Nf5ClACo?rel=0\" allowfullscreen=\"allowfullscreen\" width=\"600\" height=\"338\" frameborder=\"0\"><\/iframe><\/p>\n","protected":false},"excerpt":{"rendered":"<p>Dieser Pinselk\u00e4fer war ins Wasser gefallen. Auf ein paar Bildern sieht man auch das er richtig na\u00df geworden ist und erstmal wieder trocknen wollte. Ich drehte noch ein paar kurze Clips vom K\u00e4fer. Bei einem sprang der K\u00e4fer pl\u00f6tzlich von &hellip; <a href=\"https:\/\/guentersahler.de\/?p=16396\">Weiter<\/a><\/p>\n","protected":false},"author":1,"featured_media":16393,"comment_status":"closed","ping_status":"closed","sticky":false,"template":"","format":"standard","meta":{"footnotes":""},"categories":[33,29,42,36],"tags":[],"class_list":["post-16396","post","type-post","status-publish","format-standard","has-post-thumbnail","hentry","category-blog","category-lindlar","category-natur","category-suenger-berge"],"_links":{"self":[{"href":"https:\/\/guentersahler.de\/index.php?rest_route=\/wp\/v2\/posts\/16396"}],"collection":[{"href":"https:\/\/guentersahler.de\/index.php?rest_route=\/wp\/v2\/posts"}],"about":[{"href":"https:\/\/guentersahler.de\/index.php?rest_route=\/wp\/v2\/types\/post"}],"author":[{"embeddable":true,"href":"https:\/\/guentersahler.de\/index.php?rest_route=\/wp\/v2\/users\/1"}],"replies":[{"embeddable":true,"href":"https:\/\/guentersahler.de\/index.php?rest_route=%2Fwp%2Fv2%2Fcomments&post=16396"}],"version-history":[{"count":6,"href":"https:\/\/guentersahler.de\/index.php?rest_route=\/wp\/v2\/posts\/16396\/revisions"}],"predecessor-version":[{"id":16455,"href":"https:\/\/guentersahler.de\/index.php?rest_route=\/wp\/v2\/posts\/16396\/revisions\/16455"}],"wp:featuredmedia":[{"embeddable":true,"href":"https:\/\/guentersahler.de\/index.php?rest_route=\/wp\/v2\/media\/16393"}],"wp:attachment":[{"href":"https:\/\/guentersahler.de\/index.php?rest_route=%2Fwp%2Fv2%2Fmedia&parent=16396"}],"wp:term":[{"taxonomy":"category","embeddable":true,"href":"https:\/\/guentersahler.de\/index.php?rest_route=%2Fwp%2Fv2%2Fcategories&post=16396"},{"taxonomy":"post_tag","embeddable":true,"href":"https:\/\/guentersahler.de\/index.php?rest_route=%2Fwp%2Fv2%2Ftags&post=16396"}],"curies":[{"name":"wp","href":"https:\/\/api.w.org\/{rel}","templated":true}]}}