{"id":16730,"date":"2021-03-26T09:44:00","date_gmt":"2021-03-26T09:44:00","guid":{"rendered":"http:\/\/guentersahler.de\/?p=16730"},"modified":"2026-03-01T17:49:50","modified_gmt":"2026-03-01T17:49:50","slug":"der-aelteste-wald-der-welt","status":"publish","type":"post","link":"https:\/\/guentersahler.de\/?p=16730","title":{"rendered":"Der \u00e4lteste Wald der Welt (Lindlar)"},"content":{"rendered":"\n<figure class=\"wp-block-image size-full\"><img loading=\"lazy\" decoding=\"async\" width=\"700\" height=\"624\" src=\"https:\/\/guentersahler.de\/wp-content\/uploads\/2021\/03\/Karte-Der-aelteste-Wald-der-Welt.jpg\" alt=\"\" class=\"wp-image-36594\" srcset=\"https:\/\/guentersahler.de\/wp-content\/uploads\/2021\/03\/Karte-Der-aelteste-Wald-der-Welt.jpg 700w, https:\/\/guentersahler.de\/wp-content\/uploads\/2021\/03\/Karte-Der-aelteste-Wald-der-Welt-300x267.jpg 300w\" sizes=\"(max-width: 700px) 100vw, 700px\" \/><\/figure>\n\n\n\n<div class=\"wp-block-columns is-layout-flex wp-container-core-columns-is-layout-1 wp-block-columns-is-layout-flex\">\n<div class=\"wp-block-column is-layout-flow wp-block-column-is-layout-flow\" style=\"flex-basis:100%\">\n<blockquote class=\"wp-block-quote is-style-large is-layout-flow wp-block-quote-is-layout-flow\">\n<p><em><span style=\"color:#074d6b\" class=\"has-inline-color\">&#8222;In einem Steinbruch in Lindlar, den ein bekannter Professor aus Bonn [Hans Joachim Schweitzer] schon in den 60er Jahren publik gemacht hatte, habe ich 2008 Teile des \u00e4ltesten Waldes der Welt gefunden. Ganze B\u00e4ume &#8211; vollst\u00e4ndig von der Wurzel bis zur Krone. So etwas ist ganz selten. Da muss ein Tsunami die komplette Vegetation abger\u00e4umt und in direkter Nachbarschaft sofort wieder eingebettet haben, so dass diese so gut erhalten geblieben ist. [&#8230;] Damals war das Bergische Land noch nicht bergig und Teil einer K\u00fcstenregion. Wuppertal lag an der S\u00fcdk\u00fcste des \u201eOld Red Continent\u201c, des alten roten Kontinents, der im Wesentlichen aus Nordamerika und Nordeuropa bestand.&#8220; <\/span><\/em><\/p>\n<cite><em>(<a rel=\"noreferrer noopener\" href=\"https:\/\/www.wz.de\/nrw\/wuppertal\/peter-giesen-wuppertal-lag-am-aequator_aid-28308743\" target=\"_blank\">Peter Giesen<\/a> in einem Zeitungsinterview, 2016)<\/em><\/cite><\/blockquote>\n<\/div>\n<\/div>\n\n\n\n<p>In einem Lindlarer Steinbruch wurden 2008 von Peter Giesen, einem Wuppertaler Geologen und Pal\u00e4obotaniker, Fossilien des \u00e4ltesten Waldes auf der Erde entdeckt (= &#8222;Sensationsfossil&#8220;). Es werden aber immer wieder <em>\u00e4lteste W\u00e4lder der Welt<\/em> entdeckt. 2015 ging der Ort Lindlar damit durch die Weltpresse. 2024 war es Minehead in England. Das Magazin &#8222;National Geographic&#8220; schreibt im M\u00e4rz 2024: <br><br><em>&#8222;Bisher wurde dieser [, also der \u00e4lteste fossile Wald der Welt,] in der Kleinstadt Cairo im Nordosten des US-Bundesstaats New York verortet. Im Jahr 2019 stie\u00df man hier auf die versteinerten \u00dcberreste von B\u00e4umen, die auf ein Alter von 380 Millionen Jahren datiert wurden. [&#8230;] Nun muss der bisherige Spitzenreiter seine Position jedoch r\u00e4umen, denn in der englischen Hangman-Sandstein-Formation an der K\u00fcste von Nord-Devon und West-Somerset haben Forschende der Universit\u00e4ten von Cambridge und Cardiff fossile Hinweise auf einen Wald entdeckt, der vier Millionen Jahre \u00e4lter ist.&#8220;<\/em> (https:\/\/www.nationalgeographic.de\/umwelt\/2024\/03\/versteinerte-baeume-aeltester-fossiler-wald-der-welt-in-england-gefunden-palaontologie)<\/p>\n\n\n\n<p>Auf dieser Seite behandele ich den Fundort Lindlar und dessen Pflanzen sowie andere Fundorte mit alten Devon-W\u00e4ldern.<\/p>\n\n\n\n<p>Lindlar hat heute noch mehrere Steinbr\u00fcche. Die Arbeit der Steinhauer wird beispielsweise in dem Film &#8222;Stein ist Leben&#8220; (2009, von Filmemacher Werner Kubny) geschildert.<\/p>\n\n\n\n<p><strong>Grauwacke-Museum, Lindlar<\/strong><\/p>\n\n\n\n<p>Mehrfach wurde in der lokalen Presse \u00fcber dieses Grauwacke-Museum berichtet (z.B. Bergische Landeszeitung, 9.9.2022). 50 x 5 Meter Fl\u00e4che sollte es haben, konnte man <a rel=\"noreferrer noopener\" href=\"https:\/\/www.rundschau-online.de\/region\/oberberg\/wipperfuerth\/grauwacke-museum-und-powerbaenke-zwei-lindlarer-projekte-im-leader-programm-141679\" target=\"_blank\">bereits 2018<\/a> lesen und in der Location 2T (Bismarckstra\u00dfe, Lindlar) sein. <\/p>\n\n\n\n<p>Zun\u00e4chst sollte das <a rel=\"noreferrer noopener\" href=\"https:\/\/youtu.be\/TRTECWSpgqw\" target=\"_blank\">Grauwacke-Museum Ende 2023<\/a> er\u00f6ffnen. Schlie\u00dflich fand die Er\u00f6ffnung am 4. Mai 2024 in der Eichenhofstra\u00dfe 4 in Lindlar statt (vorher war hier die Touristeninformation). Bereits im Juni 2023 wurde das &#8222;Sensationsfossil&#8220; aus dem Institut f\u00fcr Geowissenschaften der Universit\u00e4t Bonn ins Industriegebiet in Lindlar Klause bef\u00f6rdert (Anzeigen-Echo, 16. Juni 2023). Es soll eine <a rel=\"noreferrer noopener\" href=\"https:\/\/www.rheinische-anzeigenblaetter.de\/lindlar\/c-nachrichten\/neues-grauwackemuseum_a312824\" target=\"_blank\">F\u00f6rderverein<\/a> \u201e\u00c4ltester Wald der Welt\u201c geben.<\/p>\n\n\n\n<figure class=\"wp-block-image size-large\"><img loading=\"lazy\" decoding=\"async\" width=\"700\" height=\"394\" src=\"https:\/\/guentersahler.de\/wp-content\/uploads\/2024\/05\/Touriinfo001.jpg\" alt=\"\" class=\"wp-image-31822\" srcset=\"https:\/\/guentersahler.de\/wp-content\/uploads\/2024\/05\/Touriinfo001.jpg 700w, https:\/\/guentersahler.de\/wp-content\/uploads\/2024\/05\/Touriinfo001-300x169.jpg 300w\" sizes=\"(max-width: 700px) 100vw, 700px\" \/><figcaption class=\"wp-element-caption\"><em>Werbung an der Touristeninformation (Kirchplatz 5, Lindlar) &#8222;Erster &amp; \u00e4ltesten Wald der Welt &#8230; vor 400. Jahren&#8220; (Anfang Mai 2024)<\/em><\/figcaption><\/figure>\n\n\n\n<figure class=\"wp-block-image size-large\"><img decoding=\"async\" src=\"https:\/\/guentersahler.de\/wp-content\/uploads\/2025\/09\/gwm003.jpg\" alt=\"\"\/><figcaption class=\"wp-element-caption\"><em>Grauwacke-Museum (Eichenhofstra\u00dfe 4, Lindlar, Sommer 2025).<\/em><\/figcaption><\/figure>\n\n\n\n<figure class=\"wp-block-image size-full\"><img loading=\"lazy\" decoding=\"async\" width=\"700\" height=\"494\" src=\"https:\/\/guentersahler.de\/wp-content\/uploads\/2021\/03\/gwmu001.jpg\" alt=\"\" class=\"wp-image-37199\" srcset=\"https:\/\/guentersahler.de\/wp-content\/uploads\/2021\/03\/gwmu001.jpg 700w, https:\/\/guentersahler.de\/wp-content\/uploads\/2021\/03\/gwmu001-300x212.jpg 300w\" sizes=\"(max-width: 700px) 100vw, 700px\" \/><figcaption class=\"wp-element-caption\">Im Grauwacke-Museum.<\/figcaption><\/figure>\n\n\n\n<figure class=\"wp-block-image size-full\"><img loading=\"lazy\" decoding=\"async\" width=\"500\" height=\"543\" src=\"https:\/\/guentersahler.de\/wp-content\/uploads\/2021\/03\/gwmu004.jpg\" alt=\"\" class=\"wp-image-37200\" srcset=\"https:\/\/guentersahler.de\/wp-content\/uploads\/2021\/03\/gwmu004.jpg 500w, https:\/\/guentersahler.de\/wp-content\/uploads\/2021\/03\/gwmu004-276x300.jpg 276w\" sizes=\"(max-width: 500px) 100vw, 500px\" \/><figcaption class=\"wp-element-caption\"><em>Das &#8222;Sensationsfossil&#8220; im Grauwacke-Museum (1\/2026).<\/em><\/figcaption><\/figure>\n\n\n\n<figure class=\"wp-block-image size-full\"><img loading=\"lazy\" decoding=\"async\" width=\"700\" height=\"534\" src=\"https:\/\/guentersahler.de\/wp-content\/uploads\/2021\/03\/gwmu003.jpg\" alt=\"\" class=\"wp-image-37201\" srcset=\"https:\/\/guentersahler.de\/wp-content\/uploads\/2021\/03\/gwmu003.jpg 700w, https:\/\/guentersahler.de\/wp-content\/uploads\/2021\/03\/gwmu003-300x229.jpg 300w\" sizes=\"(max-width: 700px) 100vw, 700px\" \/><figcaption class=\"wp-element-caption\"><em>Das &#8222;Sensationsfossil&#8220; (Wurzel) im Grauwacke-Museum (1\/2026).<\/em><\/figcaption><\/figure>\n\n\n\n<figure class=\"wp-block-image size-full\"><img loading=\"lazy\" decoding=\"async\" width=\"500\" height=\"627\" src=\"https:\/\/guentersahler.de\/wp-content\/uploads\/2021\/03\/gwmu002.jpg\" alt=\"\" class=\"wp-image-37202\" srcset=\"https:\/\/guentersahler.de\/wp-content\/uploads\/2021\/03\/gwmu002.jpg 500w, https:\/\/guentersahler.de\/wp-content\/uploads\/2021\/03\/gwmu002-239x300.jpg 239w\" sizes=\"(max-width: 500px) 100vw, 500px\" \/><figcaption class=\"wp-element-caption\"><em>Das &#8222;Sensationsfossil&#8220; im Grauwacke-Museum (1\/2026).<\/em><\/figcaption><\/figure>\n\n\n\n<p><strong>Pflanzen im Devon<\/strong><\/p>\n\n\n\n<p>Wer hier im Bergischen Land etwas in der Erde gr\u00e4bt, der kommt schnell auf Steine die aus dem Erdzeitalter des Devon stammen. Auf die geologischen Zusammenh\u00e4nge will ich hier nicht n\u00e4her eingehen (ich verweise hier auf meinen Text <a href=\"https:\/\/guentersahler.de\/?p=13547\">&#8222;Zur Entstehung der S\u00fcnger Berge&#8220;<\/a>, der weitestgehend auch auf Lindlar passt).<\/p>\n\n\n\n<p>In den Steinbr\u00fcchen um Lindlar werden seit langem Fossilien gefunden. Also Abdr\u00fccke von Pflanzen und Tieren, die nach ihrem Tod im Flachmeer von Sedimenten \u00fcberdeckt wurden und so halbwegs in ihrer Form konserviert wurden. <\/p>\n\n\n\n<p>&#8222;Pflanzen gingen also im Ordovizium und Silur an Land, im Laufe des Devon entwickelten sich dann verschiedene Linien der Sporenpflanzen, unter anderen die Lycopodiopsida (B\u00e4rlappe), Equisetopsida (Schachtelhalme) und Polypodiopsida (Farne). Im Karbon bildeten diese ausgedehnte W\u00e4lder.&#8220; (Jens Boenigk, Sabina Wodniok \u201eBiodiversit\u00e4t und Erdgeschichte\u201c, 2014, S. 96) <\/p>\n\n\n\n<figure class=\"wp-block-image size-large\"><img loading=\"lazy\" decoding=\"async\" width=\"700\" height=\"465\" src=\"https:\/\/guentersahler.de\/wp-content\/uploads\/2022\/01\/steinbruch-lindlar018.jpg\" alt=\"\" class=\"wp-image-19029\" srcset=\"https:\/\/guentersahler.de\/wp-content\/uploads\/2022\/01\/steinbruch-lindlar018.jpg 700w, https:\/\/guentersahler.de\/wp-content\/uploads\/2022\/01\/steinbruch-lindlar018-300x199.jpg 300w, https:\/\/guentersahler.de\/wp-content\/uploads\/2022\/01\/steinbruch-lindlar018-624x415.jpg 624w\" sizes=\"(max-width: 700px) 100vw, 700px\" \/><figcaption class=\"wp-element-caption\">Steinbruch bei Lindlar<\/figcaption><\/figure>\n\n\n\n<figure class=\"wp-block-image size-large\"><img loading=\"lazy\" decoding=\"async\" width=\"700\" height=\"383\" src=\"https:\/\/guentersahler.de\/wp-content\/uploads\/2021\/10\/steinhauerpfad002.jpg\" alt=\"\" class=\"wp-image-17554\" srcset=\"https:\/\/guentersahler.de\/wp-content\/uploads\/2021\/10\/steinhauerpfad002.jpg 700w, https:\/\/guentersahler.de\/wp-content\/uploads\/2021\/10\/steinhauerpfad002-300x164.jpg 300w, https:\/\/guentersahler.de\/wp-content\/uploads\/2021\/10\/steinhauerpfad002-624x341.jpg 624w\" sizes=\"(max-width: 700px) 100vw, 700px\" \/><figcaption class=\"wp-element-caption\">Steinbruch bei Lindlar<\/figcaption><\/figure>\n\n\n\n<p>&#8222;Im Devon breiteten sich die urspr\u00fcnglich farnartigen und b\u00e4rlappartigen Gef\u00e4\u00dfpflanzen weiter aus. Aus dem Devon stammen auch die ersten gesicherten Funde von <a href=\"https:\/\/guentersahler.de\/?p=16571\">Mykorrhiza<\/a>. Die Pflanzen wurden im Devon gr\u00f6\u00dfer und im Oberdevon entstanden in tropischen S\u00fcmpfen die ersten W\u00e4lder mit baumartigen Farnen und B\u00e4rlappen. Erstmals entwickelten sich fl\u00e4chige Bl\u00e4tter, auch Bl\u00fcten und echte Samen traten erstmals im Oberdevon auf.&#8220; (Jens Boenigk, Sabina Wodniok \u201eBiodiversit\u00e4t und Erdgeschichte\u201c, 2014, S. 112)<\/p>\n\n\n\n<p><strong>Erste B\u00e4ume<\/strong><\/p>\n\n\n\n<p>&#8222;<em><strong>Calamophyton<\/strong><\/em> ist eine ausgestorbene, wenige Dezimeter hohe Pflanze mit dichotomer Verzweigung. Sie geh\u00f6rt zur Gruppe der nahe der Basis der Farne stehenden Pseudosporochnales.&#8220; (wikipedia, de.wikipedia.org\/wiki\/Calamophyton)<\/p>\n\n\n\n<p>&#8222;Die <strong>Pseudosporochnales<\/strong> sind eine ausgestorbene Pflanzengruppe, die systematisch nahe der Basis der Farne steht. Mit <em>Eospermatopteris<\/em> geh\u00f6ren ihr die \u00e4ltesten bekannten baumf\u00f6rmigen Pflanzen an. [&#8230;] <em>Eospermatopteris<\/em> wurde erstmals 1924 von Winifred Goldring beschrieben anhand von Funden aus dem Mitteldevon von Gilboa (New York).&#8220; (de.wikipedia.org\/wiki\/Pseudosporochnales)<\/p>\n\n\n\n<p>Lit.: Jamie Boyer (2021): sites.google.com\/site\/paleoplant\/classification\/cladoxylopsid\/pseudosporochnales<\/p>\n\n\n\n<p><strong>Die Fundorte der ersten W\u00e4lder<\/strong><\/p>\n\n\n<div class=\"wp-block-image\">\n<figure class=\"aligncenter size-large\"><img decoding=\"async\" src=\"https:\/\/guentersahler.de\/wp-content\/uploads\/2021\/04\/Avalonia002.gif\" alt=\"\"\/><figcaption class=\"wp-element-caption\">Nordrhein-Westfalen vor 400 Millionen Jahren (Devon) auf dem Kontinent Laurussia (Red-Old-Kontinent). Karte Sahler nach Geologischer Dienst NRW. <br>Auf dieser Seite dinosaurpictures.org\/ancient-earth#400 l\u00e4sst sich schauen, wo sich bestimmte Orte zu einer bestimmten Zeit in der Erdgeschichte befunden haben.<\/figcaption><\/figure><\/div>\n\n\n<figure class=\"wp-block-image size-large\"><img loading=\"lazy\" decoding=\"async\" width=\"700\" height=\"426\" src=\"https:\/\/guentersahler.de\/wp-content\/uploads\/2022\/01\/MittDevonmap.jpg\" alt=\"\" class=\"wp-image-18928\" srcset=\"https:\/\/guentersahler.de\/wp-content\/uploads\/2022\/01\/MittDevonmap.jpg 700w, https:\/\/guentersahler.de\/wp-content\/uploads\/2022\/01\/MittDevonmap-300x183.jpg 300w, https:\/\/guentersahler.de\/wp-content\/uploads\/2022\/01\/MittDevonmap-624x380.jpg 624w\" sizes=\"(max-width: 700px) 100vw, 700px\" \/><figcaption class=\"wp-element-caption\">Diese Karte zeigt ganz grob die damaligen Kontinente Laurussia (<em>Old<\/em>&#8211;<em>Red<\/em>), Siberia und Gondwana sowie die Orte <em>bei denen Fossilien von W\u00e4ldern aus dem Devon gefunden wurden<\/em>. Die Karte basiert auf einer Karte, die Chris Berry von der Universit\u00e4t Cardiff bei einem Vortrag 2016 (vgl. youtu.be\/DwkbePIWeIU) zeigte (Sahler nach Berry, Buntstift, 1\/2022), daher wird der Fundort Minehead hier noch nicht ber\u00fccksichtigt.<\/figcaption><\/figure>\n\n\n\n<p><em>Auf einer anderen Folie hatte Berry die Funde bzw. die Orte nach Alter sortiert: <\/em><\/p>\n\n\n\n<ul class=\"wp-block-list\">\n<li><em>Svalbard (Spitzbergen) = 380 mya (Frasnium<em>-Stufe im Oberdevon<\/em>)<\/em><\/li>\n\n\n\n<li><em>Gilboa (New York) = 383 mya (Givetium<em>-Stufe im <em>Mitteldevon<\/em><\/em>)<\/em><\/li>\n\n\n\n<li><em>Cairo (New York) = 384 mya (Givetium<em>-Stufe im <em>Mitteldevon<\/em><\/em>)<\/em><\/li>\n\n\n\n<li><em>Go\u00e9 = 388 mya (Eifelium<em>-Stufe im <em>Mitteldevon<\/em><\/em>)<\/em><\/li>\n\n\n\n<li><em>Lindlar = 390 mya (Eifelium-Stufe im Mitteldevon) <\/em><\/li>\n<\/ul>\n\n\n\n<p>Dies sind Orte, die seit Jahren in der Fachliteratur genannt werden. So schreiben Christopher M. Berry and Muriel Fairon-Demaret im Buchartikel &#8222;The Middle Devonian Flora Revisited&#8220; (ver\u00f6ffentlicht in &#8222;Plants Invade the Land&#8220;, 2001):<\/p>\n\n\n\n<p>&#8222;Previously, in most reports, the Middle Devonian flora was thought to be from the Givetian (Gensel and Andrews 1984; Meyen1987; Allen and Dineley 1988). However, it is increasingly clear that there are a number of good middle and late Eifelian assemblages in Europe (e.g., <strong>Lindlar<\/strong>, in [Maurice] Streel et al. 1987; <strong>Go\u00e9<\/strong>,in Hance et al. 1996) that contrast with the pre-dominantly Givetian age given to the most diverse and important compression assemblages of New York State. Palynological revision mightincrease the ages of some of these localities, too(e.g., the age of the Blenheim\u2013<strong>Gilboa<\/strong> &#8230;&#8220;<\/p>\n\n\n\n<p>Mit der genannten Streel-Quelle von 1987 wird dies gemeint sein:<\/p>\n\n\n\n<p>&#8222;BERGISCHES LAND: <strong>Lindlar<\/strong>, Muhlenberg fm : Lycopodites lindlarensis, Protolepidodendron scharyanum, Duisbergia mirabilis, Hyenia elegans, Catamophyton primaevum, Rellimia thomsomii, Weylandia rhenana in SCHWEITZER 1974, Spores in RIEGEL 1968.&#8220; (MauriceStreel, KennethHiggs, StanislasLoboziak, WalterRiegel, PhilippeSteemans: &#8222;Spore stratigraphy and correlation with faunas and floras in the type marine Devonian of the Ardenne-Rhenish Regions&#8220;, in: February 1987, Review of Palaeobotany and Palynology&nbsp;50(3):211-229S. 224)<\/p>\n\n\n\n<figure class=\"wp-block-image size-full\"><img loading=\"lazy\" decoding=\"async\" width=\"700\" height=\"394\" src=\"https:\/\/guentersahler.de\/wp-content\/uploads\/2024\/10\/muensterland003.jpg\" alt=\"\" class=\"wp-image-33319\" srcset=\"https:\/\/guentersahler.de\/wp-content\/uploads\/2024\/10\/muensterland003.jpg 700w, https:\/\/guentersahler.de\/wp-content\/uploads\/2024\/10\/muensterland003-300x169.jpg 300w\" sizes=\"(max-width: 700px) 100vw, 700px\" \/><figcaption class=\"wp-element-caption\"><em>Steine im Geomuseum in M\u00fcnster: Progymnosperme (Kr\u00e4usel &amp; Weyland), Fundort Wuppertal (links) und Lindlar (rechts).<\/em><\/figcaption><\/figure>\n\n\n\n<p>Muhlenberg fm = <em>M\u00fchlenberg<\/em>&#8211;<em>Formation<\/em> (&#8222;The&nbsp;M\u00fchlenberg Formation&nbsp;is a&nbsp;geologic formation&nbsp;in&nbsp;Germany. It preserves&nbsp;fossils&nbsp;dating back to the&nbsp;Devonian&nbsp;period.&#8220; (en.wikipedia.org\/wiki\/M%C3%BChlenberg_Formation)<\/p>\n\n\n\n<p>Weitere Infos zu den genannten fossilen Pflanzen: <\/p>\n\n\n\n<ul class=\"wp-block-list\">\n<li><em>Lycopodites lindlarensis<\/em>&nbsp;Schweitzer 1974 = fossile &nbsp;B\u00e4rlappartige.<\/li>\n\n\n\n<li>Protolepidodendron = B\u00e4rlapppflanzen (de.wikipedia.org\/wiki\/Protolepidodendrales)<\/li>\n\n\n\n<li>Protolepidodendron scharyanum (<em>Kr\u00e4usel<\/em>&nbsp;&amp;&nbsp;<em>Weyland<\/em>)<\/li>\n\n\n\n<li>Duisbergia mirabilis (vgl hier de.wikipedia.org\/wiki\/Pseudosporochnales)<\/li>\n\n\n\n<li><em>Hyenia elegans<\/em>, (Schweitzer&nbsp;1972, vgl. de.wikipedia.org\/wiki\/Calamophyton)<\/li>\n\n\n\n<li>Catamophyton primaevum = <em>Calamophyton Primaevus<\/em><\/li>\n\n\n\n<li>&#8222;<em>Rellimia thomsonii<\/em>&nbsp;was first discovered in eastern New York State in 1971\u20131972 during excavations for the Blenheim\u2010Gilboa Pumped &#8230;&#8220; (Joanne&nbsp;M.&nbsp;Dannenhoffer,*&nbsp;William&nbsp;Stein,\u2020 and&nbsp;Patricia&nbsp;M.&nbsp;Bonamo\u2020: The Primary Body of&nbsp;<em>Rellimia thomsonii<\/em>: Integrated Perspective Based on Organically Connected Specimens)<\/li>\n\n\n\n<li>Weylandia rhenana = &#8222;Neben Calamophyton kommen auch die Arten Hyenia elegans und Weylandia rhenana vor. Weylandia z\u00e4hlt zu den seltensten Pflanzen des Mitteldevons \u00fcberhaupt.&#8220; (Peter Giesen, naturwissenschaftlicher-verein-wuppertal.de\/sektionen\/Geologie\/die-lindlar-story)<\/li>\n<\/ul>\n\n\n\n<p>Im Fr\u00fchjahr 2024 wurde gemeldet es w\u00e4ren &#8222;\u00dcberreste des \u00e4ltesten Waldes der Erde gefunden&#8220; (https:\/\/www.spektrum.de\/news\/palaeontologie-ueberreste-des-aeltesten-waldes-der-erde-gefunden\/2210450) worden. &#8222;Die Fossilien sind nochmals vier Millionen Jahre \u00e4lter als der bisherige Rekordhalter, der im US-Bundesstaat New&nbsp;York ausgegraben worden war.&#8220; Von Lindlar war hier keine Rede. In einer anderen Quelle hei\u00dft es: &#8222;Im&nbsp;Zeitalter des Devon&nbsp;war der S\u00fcdwesten Englands noch nicht mit dem Rest der Britischen Insel verbunden* und lag viel weiter s\u00fcdlich, wie die Forschenden berichten. Die Gegend bestand demnach aus einer halbtrockenen, von kleinen Flusskan\u00e4len durchzogenen Ebene, die an Teile des westlichen Mitteleuropas angrenzten \u2013 dort, wo heute Belgien und das nordrhein-westf\u00e4lische <strong>Lindlar<\/strong> liegen.&#8220; (https:\/\/www.scinexx.de\/news\/biowissen\/aeltester-fossiler-wald-der-welt-entdeckt\/)&nbsp;Der Zusammenhang mit Lindlar wurde hier nicht erkl\u00e4rt. &#8222;Demnach wuchs entlang der K\u00fcste von Somerset vor rund 390 Millionen Jahren eine Gemeinschaft aus palmen\u00e4hnlichen Calamophyton-B\u00e4umen.&#8220; (ebd.) Entdecker sind hier die Pal\u00e4ontologen um Neil Davies von der University of Cambridge. Die Versteinerungen wurden in &#8222;N\u00e4he von <strong>Minehead<\/strong> (Somerset) am S\u00fcdufer des Bristol-Kanals gefunden, in der N\u00e4he des heutigen Butlin&#8217;s Ferienlagers&#8220; (https:\/\/www.cam.ac.uk\/stories\/earths-earliest-forest-somerset). Dazu gibt es eine Ver\u00f6ffentlichung von <em>Neil S. Davies, William J. McMahon und Christopher M. Berry<\/em>. Hier in diesem Video spricht Berry dar\u00fcber: https:\/\/youtu.be\/xjoJEm6hSA8?feature=shared<\/p>\n\n\n\n<p>* <em>Den Satz &#8222;&#8220;im&nbsp;Zeitalter des Devon&nbsp;war der S\u00fcdwesten Englands noch nicht mit dem Rest der Britischen Insel verbunden&#8220;, muss ich noch genauer betrachten. Schaue ich mir auf https:\/\/dinosaurpictures.org\/ancient-earth#400 (400 mya) die Orte Glasgow (Schottland), Minehead (GB) und Lindlar an, dann liegen sie alle auf Laurussia. Zuvor (z.B. https:\/\/dinosaurpictures.org\/ancient-earth#470, 470 mya) lag Glasgow auf Laurentia und Minehead (GB) und Lindlar auf Avalonia.<\/em><\/p>\n\n\n\n<p>So kann Chris Berrys Liste um Minehead erg\u00e4nzt werden:<\/p>\n\n\n\n<ul id=\"block-f8991d6a-3075-4a69-91c0-68a9dec05667\" class=\"wp-block-list\">\n<li><em>Svalbard (Spitzbergen) = 380 mya (Frasnium-Stufe im Oberdevon)<\/em><\/li>\n\n\n\n<li><em>Gilboa (New York) = 383 mya (Givetium-Stufe im Mitteldevon)<\/em><\/li>\n\n\n\n<li><em>Cairo (New York) = 384 mya (Givetium-Stufe im Mitteldevon)<\/em><\/li>\n\n\n\n<li><em>Go\u00e9 = 388 mya (Eifelium-Stufe im Mitteldevon)<\/em><\/li>\n\n\n\n<li><em><strong>Lindlar<\/strong> = 390 mya (Eifelium-Stufe im Mitteldevon)<\/em><\/li>\n\n\n\n<li><em><strong>Minehead<\/strong> = 390 mya (Eifelium-Stufe im Mitteldevon)<\/em><\/li>\n<\/ul>\n\n\n\n<p><strong>Fundort Lindlar<\/strong><\/p>\n\n\n\n<figure class=\"wp-block-image size-large\"><img loading=\"lazy\" decoding=\"async\" width=\"700\" height=\"359\" src=\"https:\/\/guentersahler.de\/wp-content\/uploads\/2022\/01\/steinbruch-lindlar010.jpg\" alt=\"\" class=\"wp-image-19037\" srcset=\"https:\/\/guentersahler.de\/wp-content\/uploads\/2022\/01\/steinbruch-lindlar010.jpg 700w, https:\/\/guentersahler.de\/wp-content\/uploads\/2022\/01\/steinbruch-lindlar010-300x154.jpg 300w, https:\/\/guentersahler.de\/wp-content\/uploads\/2022\/01\/steinbruch-lindlar010-624x320.jpg 624w\" sizes=\"(max-width: 700px) 100vw, 700px\" \/><figcaption class=\"wp-element-caption\">Steinbruch bei Lindlar<\/figcaption><\/figure>\n\n\n\n<p><em>&#8222;In einem Steinbruch in Lindlar, den ein bekannter Professor aus Bonn [Hans Joachim Schweitzer] schon in den 60er Jahren publik gemacht hatte, habe ich 2008 Teile des \u00e4ltesten Waldes der Welt gefunden. Ganze B\u00e4ume &#8211; vollst\u00e4ndig von der Wurzel bis zur Krone. So etwas ist ganz selten. Da muss ein Tsunami die komplette Vegetation abger\u00e4umt und in direkter Nachbarschaft sofort wieder eingebettet haben, so dass diese so gut erhalten geblieben ist. [&#8230;] Damals war das Bergische Land noch nicht bergig und Teil einer K\u00fcstenregion. Wuppertal lag an der S\u00fcdk\u00fcste des \u201eOld Red Continent\u201c, des alten roten Kontinents, der im Wesentlichen aus Nordamerika und Nordeuropa bestand.&#8220; (<a rel=\"noreferrer noopener\" href=\"https:\/\/www.wz.de\/nrw\/wuppertal\/peter-giesen-wuppertal-lag-am-aequator_aid-28308743\" target=\"_blank\">Peter Giesen<\/a> in einem Zeitungsinterview, 2016)<\/em><\/p>\n\n\n\n<p>2015, <em>Ausstellung in Bonn<\/em><\/p>\n\n\n\n<p>Arch\u00e4ologischen Landesausstellung NRW im LVR-LandesMuseum Bonn<br>5. September 2015 bis 3. April 2016<\/p>\n\n\n\n<p><em>&#8222;Der vermutlich \u00e4lteste Wald der Erde stand einst im bergischen Lindlar in Nordrhein-Westfalen. Dies belegen arch\u00e4ologische Funde der \u00e4ltesten bisher ausgegrabenen baumf\u00f6rmigen Pflanzen, die 2008\/2009 in der N\u00e4he des St\u00e4dtchens geborgen wurden. Vom 5. September 2015 bis 3. April 2016 sind die Sensationsfunde in der Arch\u00e4ologischen Landesausstellung NRW im LVR-LandesMuseum Bonn zu sehen. Die nun versteinertern B\u00e4umchen wuchsen vor rund 390 Millionen Jahren auf einer Sandinsel in einem ausgedehnten Flachmeer und wurden wahrscheinlich durch einen Tsunami ins Meer gesp\u00fclt, mit Sand und Schlamm \u00fcberdeckt und so bis heute konserviert.&#8220; (touristiker-nrw.de\/landesausstellung-zeigt-sensationsfund-aus-dem-aeltesten-wald-der-welt\/)<\/em><\/p>\n\n\n\n<p><em>&#8222;Der 500 kg schwere Fund wird ab dem 5.9.2015 als eines der Highlights im Rahmen der arch\u00e4ologischen Landesausstellung zun\u00e4chst in LVR-LandesMuseum Bonn zu sehen sein.&#8220; (lwl.org\/jungsteinzeit\/index.php\/aktuelle-meldungen\/37-sensationsfund-fossilien-der-aeltesten-bamuaehnlichen-pflanzen-der-welt-entdeckt.html)<\/em><\/p>\n\n\n\n<p>Der &#8222;\u00e4lteste Wald der Welt&#8220; stand in Lindlar:<\/p>\n\n\n\n<ul class=\"wp-block-list\">\n<li>welt.de\/newsticker\/dpa_nt\/infoline_nt\/wissenschaft_nt\/article145459132\/Aeltester-Wald-der-Welt-soll-im-Bergischen-Land-gestanden-haben.html (20.08.2015)<\/li>\n\n\n\n<li>ksta.de\/region\/oberberg-ks\/&#8211;sote-wald-lindlar-22575718?cb=1629971169856 (20.08.2015)<\/li>\n\n\n\n<li>bild.de\/regional\/koeln\/koeln\/aeltester-dschungel-der-welt-42257118.bild.html (20.08.2015)<\/li>\n\n\n\n<li>focus.de\/wissen\/diverses\/wissenschaft-aeltester-wald-der-welt-soll-im-bergischen-land-gestanden-haben_id_4893660.html (20.08.2015)<\/li>\n\n\n\n<li>wz.de\/nrw\/wuppertal\/peter-giesen-wuppertal-lag-am-aequator_aid-28308743<\/li>\n\n\n\n<li>expedition-rheinland.de\/die-lindlarer-grauwacke (8.8.2021)<\/li>\n\n\n\n<li>naturwissenschaftlicher-verein-wuppertal.de\/sektionen\/Geologie\/die-lindlar-story (&#8222;Die Lindlar Story&#8220; von Peter Giesen)<\/li>\n\n\n\n<li>&#8222;Reconstruction and Growth of the Early Tree <em>Calamophyton<\/em> (Pseudosporochnales, Cladoxylopsida) Based on Exceptionally Complete Specimens from Lindlar, Germany (Mid-Devonian): Organic Connection of <em>Calamophyton<\/em> Branches and <em>Duisbergia<\/em> Trunks&#8220; von Peter Giesen and Christopher M. Berry . Erschien im International Journal of Plant Sciences (IJPS), Ausgabe 174, Seiten 665-686 (International Journal of Plant Sciences, May 2013, Volume 174, Number 4, pp. 665 \u2013 686). Aus dem Abstract: &#8222;Middle Devonian Pseudosporochnales (Cladoxylopsida) are among the earliest tree-sized plants in the fossil record. We describe here new and spectacular complete specimens of <em>Calamophyton primaevum<\/em> Kr\u00e4usel et Weyland from Lindlar (Eifelian, early Mid-Devonian), Germany. &#8230;&#8220; (journals.uchicago.edu\/doi\/full\/10.1086\/669913)<\/li>\n\n\n\n<li>&#8222;Rooted in Earth history: the Devonian transition to a forested planet&#8220;. Video bei YouTube: youtu.be\/DwkbePIWeIU). Lindlar ab 6:10 min. Nach 37 Minuten zeigt Chris Berry eine Folie auf der der Wald bei Lindlar als der \u00e4lteste dargestellt wird, zeitlich vor den W\u00e4ldern in Go\u00e9 (Belgien), Cairo\/New York, Gilboa\/New York und Svalbard (Spitzbergen).<\/li>\n\n\n\n<li>Buch: &#8222;Plants Invade the Land: Evolutionary and Environmental Perspectives&#8220;: &#8222;The Lindlar plants were recovered from a quarry in the Rhineland. The majority of the specimens derived from a single small fossiliferous lens (Schweitzer 1966). &#8230;&#8220; (S. 134)<\/li>\n<\/ul>\n\n\n\n<figure class=\"wp-block-image size-large\"><img loading=\"lazy\" decoding=\"async\" width=\"700\" height=\"303\" src=\"https:\/\/guentersahler.de\/wp-content\/uploads\/2022\/02\/brungerst001.jpg\" alt=\"\" class=\"wp-image-19376\" srcset=\"https:\/\/guentersahler.de\/wp-content\/uploads\/2022\/02\/brungerst001.jpg 700w, https:\/\/guentersahler.de\/wp-content\/uploads\/2022\/02\/brungerst001-300x130.jpg 300w, https:\/\/guentersahler.de\/wp-content\/uploads\/2022\/02\/brungerst001-624x270.jpg 624w\" sizes=\"(max-width: 700px) 100vw, 700px\" \/><figcaption class=\"wp-element-caption\">Der Brungerst von Lindlar-Frangenberg fotografiert (Mitte Februar 2022)<\/figcaption><\/figure>\n\n\n\n<figure class=\"wp-block-image size-large\"><img loading=\"lazy\" decoding=\"async\" width=\"700\" height=\"234\" src=\"https:\/\/guentersahler.de\/wp-content\/uploads\/2022\/03\/brungerst003.jpg\" alt=\"\" class=\"wp-image-19620\" srcset=\"https:\/\/guentersahler.de\/wp-content\/uploads\/2022\/03\/brungerst003.jpg 700w, https:\/\/guentersahler.de\/wp-content\/uploads\/2022\/03\/brungerst003-300x100.jpg 300w, https:\/\/guentersahler.de\/wp-content\/uploads\/2022\/03\/brungerst003-624x209.jpg 624w\" sizes=\"(max-width: 700px) 100vw, 700px\" \/><figcaption class=\"wp-element-caption\">Lindlar und der Brungerst von Lindlar-Burg fotografiert (Mitte M\u00e4rz 2022)<\/figcaption><\/figure>\n\n\n\n<p><strong>Steinbr\u00fcche in Lindlar und Umgebung<\/strong><\/p>\n\n\n\n<p>Steinbr\u00fcche in Lindlar, Brungerst<\/p>\n\n\n<div class=\"wp-block-image\">\n<figure class=\"aligncenter size-large\"><img loading=\"lazy\" decoding=\"async\" width=\"300\" height=\"428\" src=\"https:\/\/guentersahler.de\/wp-content\/uploads\/2021\/12\/Listeinbruch2002.jpg\" alt=\"\" class=\"wp-image-18414\" srcset=\"https:\/\/guentersahler.de\/wp-content\/uploads\/2021\/12\/Listeinbruch2002.jpg 300w, https:\/\/guentersahler.de\/wp-content\/uploads\/2021\/12\/Listeinbruch2002-210x300.jpg 210w\" sizes=\"(max-width: 300px) 100vw, 300px\" \/><figcaption class=\"wp-element-caption\">Steinbruchf\u00fchrung am Brungerst, 2002: <br>Links: Der langj\u00e4hrige Steinbruchf\u00fchrer Helmut Schmal (1926 &#8211; 2016) aus Lindlar-Eichholz. Rechts: G\u00fcnter Sahler als Teilnehmer der F\u00fchrung<\/figcaption><\/figure><\/div>\n\n\n<figure class=\"wp-block-image size-large\"><img loading=\"lazy\" decoding=\"async\" width=\"700\" height=\"423\" src=\"https:\/\/guentersahler.de\/wp-content\/uploads\/2022\/01\/steinbruch-lindlar011.jpg\" alt=\"\" class=\"wp-image-19036\" srcset=\"https:\/\/guentersahler.de\/wp-content\/uploads\/2022\/01\/steinbruch-lindlar011.jpg 700w, https:\/\/guentersahler.de\/wp-content\/uploads\/2022\/01\/steinbruch-lindlar011-300x181.jpg 300w, https:\/\/guentersahler.de\/wp-content\/uploads\/2022\/01\/steinbruch-lindlar011-624x377.jpg 624w\" sizes=\"(max-width: 700px) 100vw, 700px\" \/><figcaption class=\"wp-element-caption\">Steinbruch bei Lindlar<\/figcaption><\/figure>\n\n\n\n<figure class=\"wp-block-image size-large\"><img loading=\"lazy\" decoding=\"async\" width=\"700\" height=\"456\" src=\"https:\/\/guentersahler.de\/wp-content\/uploads\/2022\/02\/brungerst002.jpg\" alt=\"\" class=\"wp-image-19375\" srcset=\"https:\/\/guentersahler.de\/wp-content\/uploads\/2022\/02\/brungerst002.jpg 700w, https:\/\/guentersahler.de\/wp-content\/uploads\/2022\/02\/brungerst002-300x195.jpg 300w, https:\/\/guentersahler.de\/wp-content\/uploads\/2022\/02\/brungerst002-624x406.jpg 624w\" sizes=\"(max-width: 700px) 100vw, 700px\" \/><figcaption class=\"wp-element-caption\"><em>Der Brungerst von Lindlar-Frangenberg fotografiert (Mitte Februar 2022)<\/em><\/figcaption><\/figure>\n\n\n\n<figure class=\"wp-block-image size-large\"><img loading=\"lazy\" decoding=\"async\" width=\"700\" height=\"331\" src=\"https:\/\/guentersahler.de\/wp-content\/uploads\/2022\/03\/brungerst004.jpg\" alt=\"\" class=\"wp-image-19623\" srcset=\"https:\/\/guentersahler.de\/wp-content\/uploads\/2022\/03\/brungerst004.jpg 700w, https:\/\/guentersahler.de\/wp-content\/uploads\/2022\/03\/brungerst004-300x142.jpg 300w, https:\/\/guentersahler.de\/wp-content\/uploads\/2022\/03\/brungerst004-624x295.jpg 624w\" sizes=\"(max-width: 700px) 100vw, 700px\" \/><figcaption class=\"wp-element-caption\"><em>Lindlar und der Brungerst von Lindlar-Burg fotografiert (Mitte M\u00e4rz 2022)<\/em><\/figcaption><\/figure>\n\n\n\n<ul class=\"wp-block-list\">\n<li>Ehemaliger Steinbruch Wolfsschlade (nach H. Schmal, 2011; kuladig.de\/Objektansicht\/KLD-276857)<\/li>\n\n\n\n<li>Ehemaliger Steinbruch in Lindlar Obersch\u00fcmmerich<\/li>\n\n\n\n<li>Steinbruch Hinterr\u00fcbach (kuladig.de\/Objektansicht\/KLD-276844)<\/li>\n\n\n\n<li>Ehemaliger Steinbruch &#8222;In der Horpe&#8220; (nach H. Schmal, 2011)<\/li>\n\n\n\n<li>Ehemalige Steinbr\u00fcche in Remshagen (nach H. Schmal, 2011)<br><\/li>\n<\/ul>\n\n\n\n<p>Lindlar-Linde<\/p>\n\n\n\n<ul class=\"wp-block-list\">\n<li>Ehemaliger Steinbruch bei Lindlar-Linde, Naturschutzgebiet Dolomitsteinbruch Linde \/ &#8222;S\u00fcdwesten der Breuner Mulde&#8220;<\/li>\n\n\n\n<li>Lit.: Hans Martin Weber: &#8222;Mitteldevonische Giganten &#8211; Panzerfische aus dem Steinbruch Pack in Linde&#8220;. In: Arch\u00e4ologie im Rheinland; 2013 (2014), S. 51-53 : Ill.<\/li>\n\n\n\n<li>Lit.: Gerd Hering, Forschungsarbeit im Steinbruck Pack, geobiologie.uni-goettingen.de\/museum\/publications\/images\/GAGP\/pdf\/GAGP_Nr%2065_Hering_Gerd.pdf<\/li>\n<\/ul>\n\n\n\n<p>&#8222;Aus dem Steinbruch Pack in Linde bei Lindlar stammen hervorragend erhaltene Nautiliden, Verwandte des Tintenfischs, die Durchmesser von einem halben Meter erreichten. Funde in diesem Steinbruch belegen auch das erste Auftreten von Lungenfischen im Mitteldevon vor rund 385 Millionen Jahren &#8211; ein lebendes Fossil, das auch heute in den Meeren zu finden ist.&#8220; (bodendenkmalpflege.lvr.de\/\/de\/aktuelles\/presse\/2015\/2015_02_02_1.html=)<\/p>\n\n\n\n<p>Lindlar-Kaiserau, Felsental<\/p>\n\n\n\n<ul class=\"wp-block-list\">\n<li>Ehemaliger Steinbruch&nbsp;Felsenthal, Naturschutzgebiet Felsenthal (Abbau ab ca. 1898)<\/li>\n<\/ul>\n\n\n\n<p>S\u00fclztal bei den S\u00fcnger Bergen<\/p>\n\n\n\n<ul class=\"wp-block-list\">\n<li>Ehemaliger Steinbruch bei Lindlar-Hartegasse<\/li>\n<\/ul>\n\n\n<div class=\"wp-block-image is-resized\">\n<figure class=\"aligncenter size-large\"><img loading=\"lazy\" decoding=\"async\" width=\"700\" height=\"525\" src=\"https:\/\/guentersahler.de\/wp-content\/uploads\/2022\/01\/steinbruch-Hartegasse.jpg\" alt=\"\" class=\"wp-image-18882\" srcset=\"https:\/\/guentersahler.de\/wp-content\/uploads\/2022\/01\/steinbruch-Hartegasse.jpg 700w, https:\/\/guentersahler.de\/wp-content\/uploads\/2022\/01\/steinbruch-Hartegasse-300x225.jpg 300w, https:\/\/guentersahler.de\/wp-content\/uploads\/2022\/01\/steinbruch-Hartegasse-624x468.jpg 624w\" sizes=\"(max-width: 700px) 100vw, 700px\" \/><figcaption class=\"wp-element-caption\">Ehemaliger Steinbruch bei Hartegasse<\/figcaption><\/figure><\/div>\n\n\n<ul class=\"wp-block-list\">\n<li>Ehemaliger Steinbruch bei Lindlar-Untersteinbach<\/li>\n<\/ul>\n\n\n<div class=\"wp-block-image is-resized\">\n<figure class=\"aligncenter size-large\"><img decoding=\"async\" src=\"https:\/\/guentersahler.de\/wp-content\/uploads\/2021\/05\/suengerberge214.jpg\" alt=\"\"\/><figcaption class=\"wp-element-caption\">Kleiner ehemaliger Steinbruch an der Stra\u00dfe zwischen Lindlar-Untersteinbach und -Heibach.<\/figcaption><\/figure><\/div>\n\n\n<p><strong>Stein-Tourismus in Lindlar<\/strong><\/p>\n\n\n\n<ul class=\"wp-block-list\">\n<li>Grauwacke-Museum in der Eichenhofstra\u00dfe 4 in Lindlar.<\/li>\n\n\n\n<li>Steinhauerpfad: &#8222;Auf dem Berg bietet der Steinhauerpfad Einblicke in verlassene Steinbr\u00fcche vergangener Jahrhunderte und in heutige Steinbruchbetrieb.&#8220; (Lindlar Touristik, https:\/\/www.lindlar-touristik.de\/fileadmin\/touristik\/Download-PDFs\/8_Steinhauerpfad_Lindlar_5._Auflage.pdf). Den Steinhauerpfad gibt es seit 1977, Ideengeber war Ulrich Hofstadt aus Lindlar.<\/li>\n<\/ul>\n\n\n<div class=\"wp-block-image\">\n<figure class=\"aligncenter size-large\"><img decoding=\"async\" src=\"https:\/\/guentersahler.de\/wp-content\/uploads\/2022\/01\/steinhauerpfad003.jpg\" alt=\"\"\/><figcaption class=\"wp-element-caption\">G\u00fcnter Sahler auf dem Steinhauerpfad <em>&nbsp;am Brungerst<\/em> bei Lindlar (ca. 2005)<\/figcaption><\/figure><\/div>\n\n\n<figure class=\"wp-block-image size-large\"><img decoding=\"async\" src=\"https:\/\/guentersahler.de\/wp-content\/uploads\/2022\/01\/steinhauerpfad004.jpg\" alt=\"\"\/><figcaption class=\"wp-element-caption\">Steinhauerpfad am Brungerst bei Lindlar (ca. 2005)<\/figcaption><\/figure>\n\n\n\n<figure class=\"wp-block-image size-large\"><img loading=\"lazy\" decoding=\"async\" width=\"700\" height=\"229\" src=\"https:\/\/guentersahler.de\/wp-content\/uploads\/2024\/04\/steinhau001.jpg\" alt=\"\" class=\"wp-image-31762\" srcset=\"https:\/\/guentersahler.de\/wp-content\/uploads\/2024\/04\/steinhau001.jpg 700w, https:\/\/guentersahler.de\/wp-content\/uploads\/2024\/04\/steinhau001-300x98.jpg 300w\" sizes=\"(max-width: 700px) 100vw, 700px\" \/><figcaption class=\"wp-element-caption\">Auf dem Steinhauerpfad (2014)<\/figcaption><\/figure>\n\n\n<div class=\"wp-block-image\">\n<figure class=\"aligncenter size-large\"><img loading=\"lazy\" decoding=\"async\" width=\"400\" height=\"300\" src=\"https:\/\/guentersahler.de\/wp-content\/uploads\/2022\/01\/steinbruch-lindlar003.jpg\" alt=\"\" class=\"wp-image-19044\" srcset=\"https:\/\/guentersahler.de\/wp-content\/uploads\/2022\/01\/steinbruch-lindlar003.jpg 400w, https:\/\/guentersahler.de\/wp-content\/uploads\/2022\/01\/steinbruch-lindlar003-300x225.jpg 300w\" sizes=\"(max-width: 400px) 100vw, 400px\" \/><figcaption class=\"wp-element-caption\">Alte Steinkuhle am Brungerst, Lindlar (2022)<\/figcaption><\/figure><\/div>\n\n\n<figure class=\"wp-block-image size-large\"><img loading=\"lazy\" decoding=\"async\" width=\"700\" height=\"413\" src=\"https:\/\/guentersahler.de\/wp-content\/uploads\/2022\/01\/steinbruch-lindlar005.jpg\" alt=\"\" class=\"wp-image-19042\" srcset=\"https:\/\/guentersahler.de\/wp-content\/uploads\/2022\/01\/steinbruch-lindlar005.jpg 700w, https:\/\/guentersahler.de\/wp-content\/uploads\/2022\/01\/steinbruch-lindlar005-300x177.jpg 300w, https:\/\/guentersahler.de\/wp-content\/uploads\/2022\/01\/steinbruch-lindlar005-624x368.jpg 624w\" sizes=\"(max-width: 700px) 100vw, 700px\" \/><figcaption class=\"wp-element-caption\">Blick in einen Steinbruch von Aussichtspunkt beim Steinhauerpfad.<\/figcaption><\/figure>\n\n\n\n<p><strong>Fundort Go\u00e9, Belgien<\/strong><\/p>\n\n\n\n<p>&#8222;Diese Datierung schliesst ebenfalls die kiesigen, kaolinitischen Sandsteine des Steinbruchs Brandt Nord in Go\u00e9 ein, die traditionell als Givet betrachtet werden. Auf<br>dem danebenliegenden Kartenblatt, im Norden der Oe Verwerfung bei Heusy, ist das Alter der Formation Givet, was auf einen grossen seitlichen Diachronismus hinweist.&#8220; (geologie.wallonie.be\/files\/ressources\/geologie\/notices\/43-5-6_Limbourg_Eupen_DE.pdf)<\/p>\n\n\n\n<p>&#8222;New observations on trunks of Pseudosporochnus nodosus Leclercq et Banks (Cladoxylopsida) from the Middle Devonian (upper Eifelian) of Go\u00e9, Belgium, show for the first time the presence of significant contiguous scars on their surfaces.&#8220; (zu einem Artikel von Christopher Berryund Muriel Fairon-Demaret, researchgate.net\/scientific-contributions\/Muriel-Fairon-Demaret-31146441)<\/p>\n\n\n\n<p>&#8222;The largest known almost complete Calamophyton branch is that of Calamophyton bicephalum, a species thought to be conspecific with Calamophyton primaevum (Fairon-Demaret and Berry 2000), found at Goe \u0301 in Belgium and described by Leclercq and Andrews (1960)&#8220; (Peter Giesen and Christopher M. Berry, orca.cardiff.ac.uk\/47293\/1\/Giesen%202013.pdf)<br><\/p>\n\n\n\n<p><strong>Fundort Cairo, New York<\/strong><\/p>\n\n\n\n<p>&#8222;Eine etwas \u00e4ltere St\u00e4tte in der N\u00e4he von Kairo, New York, bewahrt die Spuren der Wurzeln eines Baumes, wahrscheinlich&nbsp;<em>Archaeopteris<\/em>&nbsp;.&nbsp;Obwohl dort keine echten Baumfossilien gefunden wurden, sind die Wurzelspuren \u00e4u\u00dferst wichtig, da sie uns \u00fcber die Form und Funktion der fr\u00fchen Baumwurzelsysteme Aufschluss geben.&nbsp;Ein weiterer einzigartiger Aspekt dieser Lokalit\u00e4t ist die Erhaltung von Haien und Placoderm (gepanzerten) Fischskeletten zwischen den Baumwurzeln.&#8220; (nysm.nysed.gov\/research-collections\/paleontology\/paleobotany\/collectionsgoogle-\u00dcbersetzung)<\/p>\n\n\n\n<ul class=\"wp-block-list\">\n<li>nikinclothing.com\/blogs\/nikin-blog\/in-new-york-wurde-der-alteste-wald-der-welt-entdeckt (7.2.2020)<\/li>\n<\/ul>\n\n\n\n<p>&#8222;In den USA haben Pal\u00e4ontologen das ausgedehnte Wurzelsystem primitiver B\u00e4ume ans Licht gebracht. Die Fossilien wurden in einem Sandsteinbruch nahe Cairo, New York, ausgegraben und stammen aus der Zeit des Devon vor ca. 386. Mio. Jahren.&#8220; (fgsub.de\/aeltester-fossiler-wald-in-new-york\/, 03.01.2020)<\/p>\n\n\n\n<p><strong>Fundort Gilboa, New York<\/strong><\/p>\n\n\n\n<p>Gilboa, Schoharie County, Bundesstaat New York, hier wurden in 1850er, 1920er [Riverside Quarry] und 2010er Jahren Fossilien der Gilboa-St\u00fcmpfe gefunden. Auch genannt: Gilboa Devonian Forest. vgl. gilboafossils.org\/new-discoveries\/<\/p>\n\n\n\n<p>&#8222;&#8230; Fossilfundstelle Gilboa.&nbsp;Fossile Baumst\u00fcmpfe von dieser St\u00e4tte wurden erstmals zwischen 1852 und 1854 von einem Fossilienj\u00e4ger namens [Samuel] Lockwood entdeckt. In den 1920er Jahren wurden diese Baumst\u00fcmpfe und andere Fossilien w\u00e4hrend des Baus eines Damms in der N\u00e4he von Gilboa, New York, vom damaligen staatlichen Pal\u00e4ontologen Winifred Goldring untersucht.&#8220; (nysm.nysed.gov\/research-collections\/paleontology\/paleobotany\/collections)<\/p>\n\n\n\n<p>&#8222;Die Fossilfundstelle Gilboa ist wichtig, da sie den \u00e4ltesten bekannten fossilen Wald darstellt und aus mindestens drei Arten gro\u00dfer Pflanzen besteht \u2013&nbsp;<em>Eospermatopteris, Tetraxylopteris<\/em>&nbsp;und Lycopsiden.&nbsp;\u00c4ltere fossile B\u00e4ume sind bekannt, aber sie sind kleiner und kommen nicht in Verbindung mit anderen Baumarten vor.&nbsp;Dar\u00fcber hinaus wurden Hunderte von St\u00fcmpfen, die von der St\u00e4tte geborgen wurden, in ihrer aufrechten Lebensposition erhalten.&#8220; (nysm.nysed.gov\/research-collections\/paleontology\/paleobotany\/collections, google-\u00dcbersetzung)<\/p>\n\n\n\n<ul class=\"wp-block-list\">\n<li>at.wikiqube.net\/wiki\/Gilboa_Fossil_Forest<\/li>\n\n\n\n<li>en.wikipedia.org\/wiki\/Gilboa_Fossil_Forest<\/li>\n\n\n\n<li>naturedocumentaries.org\/15738\/devonian-fossil-forest-gilboa\/<\/li>\n\n\n\n<li>townofcairo.com\/oldest-known-forest-discovered-in-town-of-cairo-new-york\/<\/li>\n\n\n\n<li>Field Trip to the NYSM: New York&#8217;s Fossil Forests, youtu.be\/HVfI9GyhdBU<\/li>\n<\/ul>\n\n\n\n<p><strong>Fundort Svalbard \/ Spitzbergen<\/strong><\/p>\n\n\n\n<ul class=\"wp-block-list\">\n<li>boerseos.de\/index.php\/spitzbergens-devon-wald &#8222;Aus dieser fr\u00fchen Phase der Landkolonisation, explodierte die Pflanzenentwicklung f\u00f6rmlich. So entstanden die ersten &#8222;\u00dcbergangsw\u00e4lder&#8220; vor rund 390 Millionen Jahren, was Funde in Lindelar [sic!] im Sauerland [sic!] zeigen&#8220;<\/li>\n\n\n\n<li>fgsub.de\/grosser-andrang-beim-spitzbergen-vortrag\/<br>&#8222;fossilen Lycopsiden-Waldes im Munindalen aus der Zeit des oberen Devon vor etwa 380 Millionen Jahren&#8220;<\/li>\n\n\n\n<li>Berry, C.M., Marshall, J.E.A., 2015. Lycopsid forests in the early Late Devonian paleoequatorial zone of Svalbard. \u2013 Geology 43, 1043-1046.<\/li>\n\n\n\n<li>sci-news.com\/paleontology\/tropical-fossil-forests-svalbard-norway-03449.html: &#8222;Laut den Pal\u00e4ontologen Dr. Chris Berry von der Cardiff University und Prof. John Marshall von der University of Southampton wuchsen die W\u00e4lder w\u00e4hrend des sp\u00e4ten Devon in der N\u00e4he des \u00c4quators.&#8220; (automatische \u00dcbersetzung)<\/li>\n<\/ul>\n\n\n\n<p><strong>Fundort Xinjiang<\/strong><\/p>\n\n\n\n<ul class=\"wp-block-list\">\n<li>scinexx.de\/news\/biowissen\/aeltester-fossiler-wald-asiens-entdeckt\/<\/li>\n\n\n\n<li>global.chinadaily.com.cn\/a\/201710\/25\/WS5a0cf538a31061a738407680.html<\/li>\n\n\n\n<li>theguardian.com\/science\/2017\/nov\/15\/theres-more-than-one-way-to-build-a-tree-374m-year-old-fossils-reveal<br><\/li>\n<\/ul>\n\n\n\n<p><strong>Fundort Yunnan<\/strong><\/p>\n\n\n\n<ul class=\"wp-block-list\">\n<li>&#8222;Spore assemblages from the Lower Devonian Xujiachong Formation from Qujing, Yunnan, China&#8220;, researchgate.net\/publication\/263565599_Spore_assemblages_from_the_Lower_Devonian_Xujiachong_Formation_from_Qujing_Yunnan_China<\/li>\n<\/ul>\n\n\n\n<p><strong>Fundort Minehead (England)<\/strong><\/p>\n\n\n\n<p>390 Millionen Jahre alter Wald  mit <em>Calamophyton<\/em> in den hohen Sandsteinfelsen entlang der K\u00fcste von Devon und Somerset im S\u00fcdwesten Englands&nbsp;(https:\/\/www.lyellcollection.org\/doi\/abs\/10.1144\/jgs2023-204).<\/p>\n\n\n\n<p><strong>Allgemein zu den ersten W\u00e4ldern<\/strong><\/p>\n\n\n\n<ul class=\"wp-block-list\">\n<li>Chris Berry berichtet 2012: youtu.be\/ZfjM0hzIGlE. &#8222;&#8230;the last weeks we been able to work with Victor O. Leshyk, the artist in Arizona and produce a reproduction of the forst growing and its reproduced on the frontcover of Nature this week &#8230;&#8220;<\/li>\n\n\n\n<li>Prof. William Stein \u00fcber World&#8217;s Oldest Fossilized Forest Unearthed in NY youtu.be\/mBp3obZkX4o<\/li>\n<\/ul>\n\n\n<div class=\"wp-block-image\">\n<figure class=\"aligncenter size-large\"><img loading=\"lazy\" decoding=\"async\" width=\"400\" height=\"500\" src=\"https:\/\/guentersahler.de\/wp-content\/uploads\/2022\/01\/Nature-Cover2012.jpg\" alt=\"\" class=\"wp-image-18860\" srcset=\"https:\/\/guentersahler.de\/wp-content\/uploads\/2022\/01\/Nature-Cover2012.jpg 400w, https:\/\/guentersahler.de\/wp-content\/uploads\/2022\/01\/Nature-Cover2012-240x300.jpg 240w\" sizes=\"(max-width: 400px) 100vw, 400px\" \/><figcaption class=\"wp-element-caption\">Cover der Zeitschrift Nature (M\u00e4rz 2012). Illustration von <strong>Victor O. Leshyk<\/strong><\/figcaption><\/figure><\/div>\n\n\n<ul class=\"wp-block-list\">\n<li>nature.com\/articles\/nature10819<\/li>\n\n\n\n<li>thenaturalhistorian.com\/2012\/03\/01\/the-lost-wold-of-new-york-another-ancient-forest-reconstruction\/<\/li>\n\n\n\n<li>victorleshyk.com\/gilboapage.html (K\u00fcnstler Victor O. Leshyk, der das Nature Cover 3\/2012 gemalt hat)<\/li>\n\n\n\n<li>theguardian.com\/science\/2017\/nov\/15\/theres-more-than-one-way-to-build-a-tree-374m-year-old-fossils-reveal<\/li>\n\n\n\n<li>Chris Berry \u00fcber alte W\u00e4lder: youtu.be\/e7fZehmBCy8<\/li>\n\n\n\n<li>Chris Berry (Cardiff University) \u00fcber Earth&#8217;s Earliest Forests (2020) youtu.be\/rcED56vPda0 (bei 7:40 Germany, working with Peter Giesen)<\/li>\n\n\n\n<li>Chris Berry zeigt seine Ancient fossilised trees-Sammlung (2010) youtu.be\/iSNxXGZMTmM<\/li>\n\n\n\n<li>Chris Berry-Vortrag \u00fcber Erdgeschichte und B\u00e4ume (2020) youtu.be\/ShHJuVU5qMs (bei 3:15 Lindlar)<\/li>\n\n\n\n<li>Berry, C. M. 2019. Palaeobotany: the rise of the earth&#8217;s early forests. Current Biology 29(16), pp. R792-R794.&#8220;Das Devon ist f\u00fcr Botaniker das, was das Kambrium (541\u2013485 Ma) f\u00fcr Zoologen ist.&nbsp;Aus fast nichts entstand eine gro\u00dfe Vielfalt an Formen und taxonomischen Gruppen.&#8220;<\/li>\n\n\n\n<li>&#8222;Investigating Devonian trees as geo-engineers of past climates: linking palaeosols to palaeobotany and experimental geobiology&#8220; (2015),  doi.org\/10.1111\/pala.12185<\/li>\n<\/ul>\n\n\n\n<ul class=\"wp-block-list\">\n<li><strong>Namen:<\/strong><\/li>\n<\/ul>\n\n\n\n<ul class=\"wp-block-list\">\n<li>Chris Berry, Palaeobotanist (Pal\u00e4obotaniker), Cardiff University<\/li>\n\n\n\n<li>Peter Giesen, Geologe und Pal\u00e4obotaniker aus Wuppertal<\/li>\n\n\n\n<li>Richard Kr\u00e4usel, Pal\u00e4obotaniker. Beschrieb zusammen mit Hermann Weyland (&#8222;KR\u00c4USEL &amp; WEYLAND&#8220;) die Gattungen Calamophyton und Duisbergia (1926 und 1929), vgl. &#8222;Die Lindlar Story&#8220; von Peter Giesen.<\/li>\n\n\n\n<li>Hans Joachim Schweitzer, Pal\u00e4obotaniker, &#8222;der als erster die Bedeutung Lindlars f\u00fcr die Devonflora-Erforschung erkannt und eine Rekonstruktion der mitteldevonischen Flora von Lindlar erstellt hatte.&#8220; (naturwissenschaftlicher-verein-wuppertal.de\/sektionen\/Geologie\/veranstaltungen\/der-tsunami-von-lindlar). Richard Kr\u00e4usel war sein Doktorvater. Buch: Schweitzer &#8222;Pflanzen erobern das Land&#8220; (Kleine Senckenberg-Reihe Nr. 18)<\/li>\n\n\n\n<li>William Stein, emeritus professor of biological sciences at Binghamton University, he is an an expert in Devonian plant research.<\/li>\n\n\n\n<li>Linda VanAller Hernick, New York State Museum, fand zusammen mit Frank Mannolini 2004 bei Gilboa (New York) Fossilien intakten Baumkrone und 2005 einen 8 Meter langen Stammabschnitt.&nbsp;Sie schrieb 2003 das Buch \u201eThe Gilboa Fossils\u201c (New York State Museum)<\/li>\n\n\n\n<li>Frank Mannolini, New York State Museum<\/li>\n\n\n\n<li>Winifred Goldring (de.wikipedia.org\/wiki\/Winifred_Goldring). Sie studierte intensiv die Fossilien von Gilboa und nannte die B\u00e4ume&nbsp;<em>Eospermatopteris,<\/em> oder \u201ealter Samenfarn\u201c.&nbsp;1924 schrieb sie einen Aufsatz \u00fcber die Baumst\u00fcmpfe und machte damit den Gilboa-Wald zusammen mit der Museumsausstellung \u201eGilboa-Wald\u201c weltweit bekannt (vgl. nysm.nysed.gov\/press\/floor-oldest-forest-discovered-schoharie-county).<\/li>\n\n\n\n<li>Samuel Lockwood, (en.wikisource.org\/wiki\/Popular_Science_Monthly\/Volume_51\/September_1897\/Sketch_of_Samuel_Lockwood), (1819-1894) &#8222;amateur naturalist and minister of the Reformed Church in Gilboa from 1852 to 1854, found a sandstone cast of a portion of a Devonian-age tree trunk in Schoharie Creek near Gilboa&#8220; (&#8222;The Gilboa Fossils&#8220;, hmdb.org\/m.asp?m=153153)<\/li>\n\n\n\n<li>Muriel Fairon-Demaret, University of Li\u00e8ge (dort Dozentin f\u00fcr Palaeobotanik von 1980 bis 2004\/2005). &#8222;Her main research field is Devonian palaeobotany.&#8220; (researchgate.net\/publication\/248295480_Preface_A_tribute_to_Muriel_Fairon-Demaret)<\/li>\n\n\n\n<li>Maurice Streel, University of Li\u00e8ge, Department of Geology, PhD in Botany, Emeritus Professor<\/li>\n\n\n\n<li>Xu Honghe, Wissenschafler aus China vom Nanjing Institute of Geology and Palaeontology Chinese Academy of Sciences.<\/li>\n\n\n\n<li>Neil Davies, Pal\u00e4ontologe von der University of Cambridge.<\/li>\n<\/ul>\n\n\n\n<p><strong>Literatur:<\/strong><\/p>\n\n\n\n<ul class=\"wp-block-list\">\n<li>von Loga, Sven: &#8222;Die Lindlarer Grauwacke&#8220;. In: Fossilien &#8211; Erdgeschichte erleben, 5\/2020, S. 32 &#8211; 39.<\/li>\n\n\n\n<li>Buch: &#8222;Als das Bergische Land noch am \u00c4quator lag&#8220; (2012), S. 74 &#8211; 80.<\/li>\n\n\n\n<li>Go\u00dfmann, Rolf, Jungheim, Hans J.: &#8222;Landpflanzen im Verlauf der Erdgeschichte, Teil 5: Die ersten gro\u00dfen W\u00e4lder I&#8220;. In: Fossilien &#8211; Zeitschrift f\u00fcr Hobbypal\u00e4ontologen, 4\/2008, S. 213 &#8211; 223.<\/li>\n\n\n\n<li>Go\u00dfmann, Rolf, Jungheim, Hans J.: &#8222;Landpflanzen im Verlauf der Erdgeschichte, Teil 6: Die ersten gro\u00dfen W\u00e4lder II&#8220;. In: Fossilien &#8211; Zeitschrift f\u00fcr Hobbypal\u00e4ontologen, 4\/2008, S. 23 &#8211; 33.<\/li>\n\n\n\n<li>Go\u00dfmann, Rolf, Jungheim, Hans J.: &#8222;Landpflanzen im Verlauf der Erdgeschichte, Teil 7: Das Perm, Zeit der ersten Nadelw\u00e4lder I&#8220;. In: Fossilien &#8211; Zeitschrift f\u00fcr Hobbypal\u00e4ontologen, 5\/2009, S. 307 &#8211; 315.<\/li>\n\n\n\n<li>Weber, Hans Martin und Giesen, Peter: &#8222;Fische aus der Bergischen Grauwacke &#8211; Neue Funde aus dem Mitteldevon in Lindlar&#8220;. In: Arch\u00e4ologie im Rheinland 2012, S. 47 &#8211; 48<\/li>\n\n\n\n<li>Jamie Boyer: sites.google.com\/site\/paleoplant\/short-course<\/li>\n\n\n\n<li><em>Neil S. Davies, William J. McMahon and Christopher M. Berry.  \u2018Earth&#8217;s earliest forest: fossilized trees and vegetation-induced sedimentary structures from the Middle Devonian (Eifelian) Hangman Sandstone Formation, Somerset and Devon, SW England.\u2019 Journal of the Geological Society (2024). DOI: 10.1144\/jgs2023-204<\/em><\/li>\n<\/ul>\n\n\n\n<h3 class=\"wp-block-heading\">Weitere Beitr\u00e4ge zu den Steinbr\u00fcchen<\/h3>\n\n\n\n<p><a href=\"https:\/\/guentersahler.de\/?p=37610\">Skizzieren auf dem Steinhauerpfad<\/a><br><a href=\"https:\/\/guentersahler.de\/?p=37507\">Lindlar skizziert #002: Im Grauwacke-Museum<\/a><\/p>\n","protected":false},"excerpt":{"rendered":"<p>&#8222;In einem Steinbruch in Lindlar, den ein bekannter Professor aus Bonn [Hans Joachim Schweitzer] schon in den 60er Jahren publik gemacht hatte, habe ich 2008 Teile des \u00e4ltesten Waldes der Welt gefunden. Ganze B\u00e4ume &#8211; vollst\u00e4ndig von der Wurzel bis &hellip; <a href=\"https:\/\/guentersahler.de\/?p=16730\">Weiter<\/a><\/p>\n","protected":false},"author":1,"featured_media":18860,"comment_status":"closed","ping_status":"closed","sticky":false,"template":"","format":"standard","meta":{"footnotes":""},"categories":[33,65,66,114],"tags":[],"class_list":["post-16730","post","type-post","status-publish","format-standard","has-post-thumbnail","hentry","category-blog","category-der-aelteste-wald-der-welt","category-fossilien","category-nature-journaling-im-bergischen-land"],"_links":{"self":[{"href":"https:\/\/guentersahler.de\/index.php?rest_route=\/wp\/v2\/posts\/16730"}],"collection":[{"href":"https:\/\/guentersahler.de\/index.php?rest_route=\/wp\/v2\/posts"}],"about":[{"href":"https:\/\/guentersahler.de\/index.php?rest_route=\/wp\/v2\/types\/post"}],"author":[{"embeddable":true,"href":"https:\/\/guentersahler.de\/index.php?rest_route=\/wp\/v2\/users\/1"}],"replies":[{"embeddable":true,"href":"https:\/\/guentersahler.de\/index.php?rest_route=%2Fwp%2Fv2%2Fcomments&post=16730"}],"version-history":[{"count":184,"href":"https:\/\/guentersahler.de\/index.php?rest_route=\/wp\/v2\/posts\/16730\/revisions"}],"predecessor-version":[{"id":37615,"href":"https:\/\/guentersahler.de\/index.php?rest_route=\/wp\/v2\/posts\/16730\/revisions\/37615"}],"wp:featuredmedia":[{"embeddable":true,"href":"https:\/\/guentersahler.de\/index.php?rest_route=\/wp\/v2\/media\/18860"}],"wp:attachment":[{"href":"https:\/\/guentersahler.de\/index.php?rest_route=%2Fwp%2Fv2%2Fmedia&parent=16730"}],"wp:term":[{"taxonomy":"category","embeddable":true,"href":"https:\/\/guentersahler.de\/index.php?rest_route=%2Fwp%2Fv2%2Fcategories&post=16730"},{"taxonomy":"post_tag","embeddable":true,"href":"https:\/\/guentersahler.de\/index.php?rest_route=%2Fwp%2Fv2%2Ftags&post=16730"}],"curies":[{"name":"wp","href":"https:\/\/api.w.org\/{rel}","templated":true}]}}