{"id":16963,"date":"2021-08-15T10:06:00","date_gmt":"2021-08-15T10:06:00","guid":{"rendered":"http:\/\/guentersahler.de\/?p=16963"},"modified":"2022-11-06T10:52:22","modified_gmt":"2022-11-06T10:52:22","slug":"blaue-erlenblattkaefer","status":"publish","type":"post","link":"https:\/\/guentersahler.de\/?p=16963","title":{"rendered":"Blaue Erlenblattk\u00e4fer?"},"content":{"rendered":"\n<figure class=\"wp-block-image size-large is-resized\"><img loading=\"lazy\" decoding=\"async\" src=\"https:\/\/guentersahler.de\/wp-content\/uploads\/2021\/08\/kaefer059_kaufmannsomm.jpg\" alt=\"\" class=\"wp-image-16591\" width=\"655\" height=\"411\" srcset=\"https:\/\/guentersahler.de\/wp-content\/uploads\/2021\/08\/kaefer059_kaufmannsomm.jpg 700w, https:\/\/guentersahler.de\/wp-content\/uploads\/2021\/08\/kaefer059_kaufmannsomm-300x189.jpg 300w, https:\/\/guentersahler.de\/wp-content\/uploads\/2021\/08\/kaefer059_kaufmannsomm-624x392.jpg 624w\" sizes=\"(max-width: 655px) 100vw, 655px\" \/><figcaption>In Lindlar-Kaufmannsommer sah ich diese K\u00e4fer. Es k\u00f6nnen blaue Erlenblattk\u00e4fer sein (Mitte August 2021). Von den Bl\u00e4ttern werden sie nicht allzu viel \u00fcbrig lassen. Vgl. dazu <a href=\"https:\/\/guentersahler.de\/?p=16868\">hier<\/a>.<\/figcaption><\/figure>\n\n\n\n<figure class=\"wp-block-image size-large\"><img loading=\"lazy\" decoding=\"async\" width=\"700\" height=\"449\" src=\"https:\/\/guentersahler.de\/wp-content\/uploads\/2021\/08\/kaefer060_kaufmannsomm.jpg\" alt=\"\" class=\"wp-image-16590\" srcset=\"https:\/\/guentersahler.de\/wp-content\/uploads\/2021\/08\/kaefer060_kaufmannsomm.jpg 700w, https:\/\/guentersahler.de\/wp-content\/uploads\/2021\/08\/kaefer060_kaufmannsomm-300x192.jpg 300w, https:\/\/guentersahler.de\/wp-content\/uploads\/2021\/08\/kaefer060_kaufmannsomm-624x400.jpg 624w\" sizes=\"(max-width: 700px) 100vw, 700px\" \/><\/figure>\n","protected":false},"excerpt":{"rendered":"","protected":false},"author":1,"featured_media":16591,"comment_status":"closed","ping_status":"closed","sticky":false,"template":"","format":"standard","meta":{"footnotes":""},"categories":[33,29,42],"tags":[],"class_list":["post-16963","post","type-post","status-publish","format-standard","has-post-thumbnail","hentry","category-blog","category-lindlar","category-natur"],"_links":{"self":[{"href":"https:\/\/guentersahler.de\/index.php?rest_route=\/wp\/v2\/posts\/16963"}],"collection":[{"href":"https:\/\/guentersahler.de\/index.php?rest_route=\/wp\/v2\/posts"}],"about":[{"href":"https:\/\/guentersahler.de\/index.php?rest_route=\/wp\/v2\/types\/post"}],"author":[{"embeddable":true,"href":"https:\/\/guentersahler.de\/index.php?rest_route=\/wp\/v2\/users\/1"}],"replies":[{"embeddable":true,"href":"https:\/\/guentersahler.de\/index.php?rest_route=%2Fwp%2Fv2%2Fcomments&post=16963"}],"version-history":[{"count":4,"href":"https:\/\/guentersahler.de\/index.php?rest_route=\/wp\/v2\/posts\/16963\/revisions"}],"predecessor-version":[{"id":17007,"href":"https:\/\/guentersahler.de\/index.php?rest_route=\/wp\/v2\/posts\/16963\/revisions\/17007"}],"wp:featuredmedia":[{"embeddable":true,"href":"https:\/\/guentersahler.de\/index.php?rest_route=\/wp\/v2\/media\/16591"}],"wp:attachment":[{"href":"https:\/\/guentersahler.de\/index.php?rest_route=%2Fwp%2Fv2%2Fmedia&parent=16963"}],"wp:term":[{"taxonomy":"category","embeddable":true,"href":"https:\/\/guentersahler.de\/index.php?rest_route=%2Fwp%2Fv2%2Fcategories&post=16963"},{"taxonomy":"post_tag","embeddable":true,"href":"https:\/\/guentersahler.de\/index.php?rest_route=%2Fwp%2Fv2%2Ftags&post=16963"}],"curies":[{"name":"wp","href":"https:\/\/api.w.org\/{rel}","templated":true}]}}