{"id":17776,"date":"2021-01-15T11:46:00","date_gmt":"2021-01-15T11:46:00","guid":{"rendered":"http:\/\/guentersahler.de\/?p=17776"},"modified":"2026-01-03T16:53:09","modified_gmt":"2026-01-03T16:53:09","slug":"voegel-in-den-suenger-bergen","status":"publish","type":"post","link":"https:\/\/guentersahler.de\/?p=17776","title":{"rendered":"V\u00f6gel in den S\u00fcnger Bergen"},"content":{"rendered":"\n<figure class=\"wp-block-gallery has-nested-images columns-default is-cropped wp-block-gallery-1 is-layout-flex wp-block-gallery-is-layout-flex\">\n<figure class=\"wp-block-image size-large\"><img loading=\"lazy\" decoding=\"async\" width=\"700\" height=\"365\" data-id=\"22543\" src=\"https:\/\/guentersahler.de\/wp-content\/uploads\/2022\/08\/vogel005.jpg\" alt=\"\" class=\"wp-image-22543\" srcset=\"https:\/\/guentersahler.de\/wp-content\/uploads\/2022\/08\/vogel005.jpg 700w, https:\/\/guentersahler.de\/wp-content\/uploads\/2022\/08\/vogel005-300x156.jpg 300w, https:\/\/guentersahler.de\/wp-content\/uploads\/2022\/08\/vogel005-624x325.jpg 624w\" sizes=\"(max-width: 700px) 100vw, 700px\" \/><\/figure>\n\n\n\n<figure class=\"wp-block-image size-large\"><img loading=\"lazy\" decoding=\"async\" width=\"400\" height=\"254\" data-id=\"22535\" src=\"https:\/\/guentersahler.de\/wp-content\/uploads\/2022\/08\/gruenfink001.jpg\" alt=\"\" class=\"wp-image-22535\" srcset=\"https:\/\/guentersahler.de\/wp-content\/uploads\/2022\/08\/gruenfink001.jpg 400w, https:\/\/guentersahler.de\/wp-content\/uploads\/2022\/08\/gruenfink001-300x191.jpg 300w\" sizes=\"(max-width: 400px) 100vw, 400px\" \/><\/figure>\n\n\n\n<figure class=\"wp-block-image size-large\"><img loading=\"lazy\" decoding=\"async\" width=\"400\" height=\"248\" data-id=\"22536\" src=\"https:\/\/guentersahler.de\/wp-content\/uploads\/2022\/08\/Blaumeise002.jpg\" alt=\"\" class=\"wp-image-22536\" srcset=\"https:\/\/guentersahler.de\/wp-content\/uploads\/2022\/08\/Blaumeise002.jpg 400w, https:\/\/guentersahler.de\/wp-content\/uploads\/2022\/08\/Blaumeise002-300x186.jpg 300w\" sizes=\"(max-width: 400px) 100vw, 400px\" \/><\/figure>\n\n\n\n<figure class=\"wp-block-image size-large\"><img loading=\"lazy\" decoding=\"async\" width=\"400\" height=\"286\" data-id=\"20697\" src=\"https:\/\/guentersahler.de\/wp-content\/uploads\/2022\/05\/gimpel009.jpg\" alt=\"\" class=\"wp-image-20697\" srcset=\"https:\/\/guentersahler.de\/wp-content\/uploads\/2022\/05\/gimpel009.jpg 400w, https:\/\/guentersahler.de\/wp-content\/uploads\/2022\/05\/gimpel009-300x215.jpg 300w\" sizes=\"(max-width: 400px) 100vw, 400px\" \/><\/figure>\n\n\n\n<figure class=\"wp-block-image size-large\"><img loading=\"lazy\" decoding=\"async\" width=\"400\" height=\"305\" data-id=\"20699\" src=\"https:\/\/guentersahler.de\/wp-content\/uploads\/2022\/05\/gimpel007.jpg\" alt=\"\" class=\"wp-image-20699\" srcset=\"https:\/\/guentersahler.de\/wp-content\/uploads\/2022\/05\/gimpel007.jpg 400w, https:\/\/guentersahler.de\/wp-content\/uploads\/2022\/05\/gimpel007-300x229.jpg 300w\" sizes=\"(max-width: 400px) 100vw, 400px\" \/><\/figure>\n\n\n\n<figure class=\"wp-block-image size-large\"><img loading=\"lazy\" decoding=\"async\" width=\"700\" height=\"519\" data-id=\"18532\" src=\"https:\/\/guentersahler.de\/wp-content\/uploads\/2021\/12\/amsel003.jpg\" alt=\"\" class=\"wp-image-18532\" srcset=\"https:\/\/guentersahler.de\/wp-content\/uploads\/2021\/12\/amsel003.jpg 700w, https:\/\/guentersahler.de\/wp-content\/uploads\/2021\/12\/amsel003-300x222.jpg 300w, https:\/\/guentersahler.de\/wp-content\/uploads\/2021\/12\/amsel003-624x463.jpg 624w\" sizes=\"(max-width: 700px) 100vw, 700px\" \/><\/figure>\n\n\n\n<figure class=\"wp-block-image size-large\"><img loading=\"lazy\" decoding=\"async\" width=\"700\" height=\"472\" data-id=\"18035\" src=\"https:\/\/guentersahler.de\/wp-content\/uploads\/2021\/11\/kleiber002.jpg\" alt=\"\" class=\"wp-image-18035\" srcset=\"https:\/\/guentersahler.de\/wp-content\/uploads\/2021\/11\/kleiber002.jpg 700w, https:\/\/guentersahler.de\/wp-content\/uploads\/2021\/11\/kleiber002-300x202.jpg 300w, https:\/\/guentersahler.de\/wp-content\/uploads\/2021\/11\/kleiber002-624x421.jpg 624w\" sizes=\"(max-width: 700px) 100vw, 700px\" \/><\/figure>\n\n\n\n<figure class=\"wp-block-image size-large\"><img loading=\"lazy\" decoding=\"async\" width=\"700\" height=\"451\" data-id=\"18240\" src=\"https:\/\/guentersahler.de\/wp-content\/uploads\/2021\/11\/spatz004.jpg\" alt=\"\" class=\"wp-image-18240\" srcset=\"https:\/\/guentersahler.de\/wp-content\/uploads\/2021\/11\/spatz004.jpg 700w, https:\/\/guentersahler.de\/wp-content\/uploads\/2021\/11\/spatz004-300x193.jpg 300w, https:\/\/guentersahler.de\/wp-content\/uploads\/2021\/11\/spatz004-624x402.jpg 624w\" sizes=\"(max-width: 700px) 100vw, 700px\" \/><\/figure>\n\n\n\n<figure class=\"wp-block-image size-large\"><img loading=\"lazy\" decoding=\"async\" width=\"700\" height=\"348\" data-id=\"30595\" src=\"https:\/\/guentersahler.de\/wp-content\/uploads\/2023\/11\/stare006.jpg\" alt=\"\" class=\"wp-image-30595\" srcset=\"https:\/\/guentersahler.de\/wp-content\/uploads\/2023\/11\/stare006.jpg 700w, https:\/\/guentersahler.de\/wp-content\/uploads\/2023\/11\/stare006-300x149.jpg 300w\" sizes=\"(max-width: 700px) 100vw, 700px\" \/><\/figure>\n\n\n\n<figure class=\"wp-block-image size-large\"><img loading=\"lazy\" decoding=\"async\" width=\"446\" height=\"290\" data-id=\"37040\" src=\"https:\/\/guentersahler.de\/wp-content\/uploads\/2026\/01\/Haubenmeise003.jpg\" alt=\"\" class=\"wp-image-37040\" srcset=\"https:\/\/guentersahler.de\/wp-content\/uploads\/2026\/01\/Haubenmeise003.jpg 446w, https:\/\/guentersahler.de\/wp-content\/uploads\/2026\/01\/Haubenmeise003-300x195.jpg 300w\" sizes=\"(max-width: 446px) 100vw, 446px\" \/><\/figure>\n\n\n\n<figure class=\"wp-block-image size-large\"><img loading=\"lazy\" decoding=\"async\" width=\"356\" height=\"243\" data-id=\"37043\" src=\"https:\/\/guentersahler.de\/wp-content\/uploads\/2026\/01\/Tannenmeise001.jpg\" alt=\"\" class=\"wp-image-37043\" srcset=\"https:\/\/guentersahler.de\/wp-content\/uploads\/2026\/01\/Tannenmeise001.jpg 356w, https:\/\/guentersahler.de\/wp-content\/uploads\/2026\/01\/Tannenmeise001-300x205.jpg 300w\" sizes=\"(max-width: 356px) 100vw, 356px\" \/><\/figure>\n<\/figure>\n\n\n\n<figure class=\"wp-block-image size-large\"><img loading=\"lazy\" decoding=\"async\" width=\"700\" height=\"483\" src=\"https:\/\/guentersahler.de\/wp-content\/uploads\/2022\/10\/taube002.jpg\" alt=\"\" class=\"wp-image-23531\" srcset=\"https:\/\/guentersahler.de\/wp-content\/uploads\/2022\/10\/taube002.jpg 700w, https:\/\/guentersahler.de\/wp-content\/uploads\/2022\/10\/taube002-300x207.jpg 300w, https:\/\/guentersahler.de\/wp-content\/uploads\/2022\/10\/taube002-624x431.jpg 624w\" sizes=\"(max-width: 700px) 100vw, 700px\" \/><figcaption class=\"wp-element-caption\">T\u00fcrkentaube am Futterhaus in Hartegasse (Anfang Oktober 2022)<\/figcaption><\/figure>\n\n\n\n<figure class=\"wp-block-image size-large\"><img loading=\"lazy\" decoding=\"async\" width=\"700\" height=\"412\" src=\"https:\/\/guentersahler.de\/wp-content\/uploads\/2022\/10\/taube001.jpg\" alt=\"\" class=\"wp-image-23530\" srcset=\"https:\/\/guentersahler.de\/wp-content\/uploads\/2022\/10\/taube001.jpg 700w, https:\/\/guentersahler.de\/wp-content\/uploads\/2022\/10\/taube001-300x177.jpg 300w, https:\/\/guentersahler.de\/wp-content\/uploads\/2022\/10\/taube001-624x367.jpg 624w\" sizes=\"(max-width: 700px) 100vw, 700px\" \/><figcaption class=\"wp-element-caption\">T\u00fcrkentaube am Futterhaus in Hartegasse (Anfang Oktober 2022)<\/figcaption><\/figure>\n\n\n\n<figure class=\"wp-block-image size-large\"><img decoding=\"async\" src=\"https:\/\/guentersahler.de\/wp-content\/uploads\/2022\/10\/sbfutterh001.jpg\" alt=\"\"\/><figcaption class=\"wp-element-caption\">Vogelbeobachtung Anfang Oktober 2022.<\/figcaption><\/figure>\n\n\n\n<p>An der Vogeltr\u00e4nke im August 2022<\/p>\n\n\n\n<figure class=\"wp-block-image size-large\"><img loading=\"lazy\" decoding=\"async\" width=\"700\" height=\"365\" src=\"https:\/\/guentersahler.de\/wp-content\/uploads\/2022\/08\/vogel005.jpg\" alt=\"\" class=\"wp-image-22543\" srcset=\"https:\/\/guentersahler.de\/wp-content\/uploads\/2022\/08\/vogel005.jpg 700w, https:\/\/guentersahler.de\/wp-content\/uploads\/2022\/08\/vogel005-300x156.jpg 300w, https:\/\/guentersahler.de\/wp-content\/uploads\/2022\/08\/vogel005-624x325.jpg 624w\" sizes=\"(max-width: 700px) 100vw, 700px\" \/><figcaption class=\"wp-element-caption\">Gr\u00fcnfink in Hartegasse (Mitte August 2022)<\/figcaption><\/figure>\n\n\n\n<figure class=\"wp-block-image size-large\"><img loading=\"lazy\" decoding=\"async\" width=\"700\" height=\"408\" src=\"https:\/\/guentersahler.de\/wp-content\/uploads\/2022\/08\/vogel008.jpg\" alt=\"\" class=\"wp-image-22540\" srcset=\"https:\/\/guentersahler.de\/wp-content\/uploads\/2022\/08\/vogel008.jpg 700w, https:\/\/guentersahler.de\/wp-content\/uploads\/2022\/08\/vogel008-300x175.jpg 300w, https:\/\/guentersahler.de\/wp-content\/uploads\/2022\/08\/vogel008-624x364.jpg 624w\" sizes=\"(max-width: 700px) 100vw, 700px\" \/><figcaption class=\"wp-element-caption\">Gr\u00fcnfink und Blaumeise in Hartegasse (Mitte August 2022)<\/figcaption><\/figure>\n\n\n\n<figure class=\"wp-block-image size-large\"><img loading=\"lazy\" decoding=\"async\" width=\"700\" height=\"345\" src=\"https:\/\/guentersahler.de\/wp-content\/uploads\/2022\/08\/vogel006.jpg\" alt=\"\" class=\"wp-image-22542\" srcset=\"https:\/\/guentersahler.de\/wp-content\/uploads\/2022\/08\/vogel006.jpg 700w, https:\/\/guentersahler.de\/wp-content\/uploads\/2022\/08\/vogel006-300x148.jpg 300w, https:\/\/guentersahler.de\/wp-content\/uploads\/2022\/08\/vogel006-624x308.jpg 624w\" sizes=\"(max-width: 700px) 100vw, 700px\" \/><figcaption class=\"wp-element-caption\">Gr\u00fcnfink in Hartegasse (Mitte August 2022)<\/figcaption><\/figure>\n\n\n\n<figure class=\"wp-block-image size-large\"><img loading=\"lazy\" decoding=\"async\" width=\"700\" height=\"404\" src=\"https:\/\/guentersahler.de\/wp-content\/uploads\/2022\/08\/vogel007.jpg\" alt=\"\" class=\"wp-image-22541\" srcset=\"https:\/\/guentersahler.de\/wp-content\/uploads\/2022\/08\/vogel007.jpg 700w, https:\/\/guentersahler.de\/wp-content\/uploads\/2022\/08\/vogel007-300x173.jpg 300w, https:\/\/guentersahler.de\/wp-content\/uploads\/2022\/08\/vogel007-624x360.jpg 624w\" sizes=\"(max-width: 700px) 100vw, 700px\" \/><figcaption class=\"wp-element-caption\">Gr\u00fcnfink in Hartegasse (Mitte August 2022)<\/figcaption><\/figure>\n\n\n\n<figure class=\"wp-block-image size-large\"><img loading=\"lazy\" decoding=\"async\" width=\"700\" height=\"507\" src=\"https:\/\/guentersahler.de\/wp-content\/uploads\/2022\/08\/vogel009.jpg\" alt=\"\" class=\"wp-image-22539\" srcset=\"https:\/\/guentersahler.de\/wp-content\/uploads\/2022\/08\/vogel009.jpg 700w, https:\/\/guentersahler.de\/wp-content\/uploads\/2022\/08\/vogel009-300x217.jpg 300w, https:\/\/guentersahler.de\/wp-content\/uploads\/2022\/08\/vogel009-624x452.jpg 624w\" sizes=\"(max-width: 700px) 100vw, 700px\" \/><figcaption class=\"wp-element-caption\">Gr\u00fcnfinken in Hartegasse (Mitte August 2022)<\/figcaption><\/figure>\n\n\n\n<figure class=\"wp-block-image size-large\"><img loading=\"lazy\" decoding=\"async\" width=\"700\" height=\"418\" src=\"https:\/\/guentersahler.de\/wp-content\/uploads\/2022\/08\/vogel010.jpg\" alt=\"\" class=\"wp-image-22538\" srcset=\"https:\/\/guentersahler.de\/wp-content\/uploads\/2022\/08\/vogel010.jpg 700w, https:\/\/guentersahler.de\/wp-content\/uploads\/2022\/08\/vogel010-300x179.jpg 300w, https:\/\/guentersahler.de\/wp-content\/uploads\/2022\/08\/vogel010-624x373.jpg 624w\" sizes=\"(max-width: 700px) 100vw, 700px\" \/><figcaption class=\"wp-element-caption\">Gr\u00fcnfinken in Hartegasse (Mitte August 2022)<\/figcaption><\/figure>\n\n\n<div class=\"wp-block-image\">\n<figure class=\"aligncenter size-large\"><img loading=\"lazy\" decoding=\"async\" width=\"400\" height=\"248\" src=\"https:\/\/guentersahler.de\/wp-content\/uploads\/2022\/08\/Blaumeise002.jpg\" alt=\"\" class=\"wp-image-22536\" srcset=\"https:\/\/guentersahler.de\/wp-content\/uploads\/2022\/08\/Blaumeise002.jpg 400w, https:\/\/guentersahler.de\/wp-content\/uploads\/2022\/08\/Blaumeise002-300x186.jpg 300w\" sizes=\"(max-width: 400px) 100vw, 400px\" \/><figcaption class=\"wp-element-caption\">Blaumeise in Hartegasse (Mitte August 2022)<\/figcaption><\/figure><\/div>\n\n\n<figure class=\"wp-block-image size-large\"><img loading=\"lazy\" decoding=\"async\" width=\"700\" height=\"374\" src=\"https:\/\/guentersahler.de\/wp-content\/uploads\/2022\/08\/vogel011.jpg\" alt=\"\" class=\"wp-image-22537\" srcset=\"https:\/\/guentersahler.de\/wp-content\/uploads\/2022\/08\/vogel011.jpg 700w, https:\/\/guentersahler.de\/wp-content\/uploads\/2022\/08\/vogel011-300x160.jpg 300w, https:\/\/guentersahler.de\/wp-content\/uploads\/2022\/08\/vogel011-624x333.jpg 624w\" sizes=\"(max-width: 700px) 100vw, 700px\" \/><figcaption class=\"wp-element-caption\">Gr\u00fcnfinken und Blaumeise in Hartegasse (Mitte August 2022)<\/figcaption><\/figure>\n\n\n<div class=\"wp-block-image is-resized\">\n<figure class=\"aligncenter size-large\"><img loading=\"lazy\" decoding=\"async\" width=\"400\" height=\"254\" src=\"https:\/\/guentersahler.de\/wp-content\/uploads\/2022\/08\/gruenfink001.jpg\" alt=\"\" class=\"wp-image-22535\" srcset=\"https:\/\/guentersahler.de\/wp-content\/uploads\/2022\/08\/gruenfink001.jpg 400w, https:\/\/guentersahler.de\/wp-content\/uploads\/2022\/08\/gruenfink001-300x191.jpg 300w\" sizes=\"(max-width: 400px) 100vw, 400px\" \/><figcaption class=\"wp-element-caption\">Gr\u00fcnfink in Hartegasse (Mitte August 2022)<\/figcaption><\/figure><\/div>\n\n\n<p><\/p>\n\n\n\n<p>Kohlmeise<\/p>\n\n\n\n<figure class=\"wp-block-image size-large\"><img decoding=\"async\" src=\"https:\/\/guentersahler.de\/wp-content\/uploads\/2021\/05\/Kohlmeise001.jpg\" alt=\"\"\/><figcaption class=\"wp-element-caption\">Kohlmeise (Parus major)<\/figcaption><\/figure>\n\n\n\n<figure class=\"wp-block-image size-large is-resized\"><img decoding=\"async\" src=\"https:\/\/guentersahler.de\/wp-content\/uploads\/2021\/05\/Kohlmeise002.jpg\" alt=\"\"\/><figcaption class=\"wp-element-caption\">Kohlmeise (Parus major)<\/figcaption><\/figure>\n\n\n\n<figure class=\"wp-block-image size-large\"><img decoding=\"async\" src=\"https:\/\/guentersahler.de\/wp-content\/uploads\/2021\/05\/Kohlmeise003.jpg\" alt=\"\"\/><figcaption class=\"wp-element-caption\">Kohlmeise (Parus major)<\/figcaption><\/figure>\n\n\n\n<figure class=\"wp-block-image size-large\"><img decoding=\"async\" src=\"https:\/\/guentersahler.de\/wp-content\/uploads\/2021\/05\/sketch008.jpg\" alt=\"\"\/><figcaption class=\"wp-element-caption\">Kohlmeise (Parus major)<\/figcaption><\/figure>\n\n\n\n<figure class=\"wp-block-image size-large\"><img loading=\"lazy\" decoding=\"async\" width=\"700\" height=\"468\" src=\"https:\/\/guentersahler.de\/wp-content\/uploads\/2022\/06\/Kohlmeise008.jpg\" alt=\"\" class=\"wp-image-21084\" srcset=\"https:\/\/guentersahler.de\/wp-content\/uploads\/2022\/06\/Kohlmeise008.jpg 700w, https:\/\/guentersahler.de\/wp-content\/uploads\/2022\/06\/Kohlmeise008-300x201.jpg 300w, https:\/\/guentersahler.de\/wp-content\/uploads\/2022\/06\/Kohlmeise008-624x417.jpg 624w\" sizes=\"(max-width: 700px) 100vw, 700px\" \/><figcaption class=\"wp-element-caption\">Kohlmeise in Hartegasse (Anfang Juni 2022)<\/figcaption><\/figure>\n\n\n\n<figure class=\"wp-block-image size-large\"><img loading=\"lazy\" decoding=\"async\" width=\"690\" height=\"440\" src=\"https:\/\/guentersahler.de\/wp-content\/uploads\/2023\/03\/Meise002.jpg\" alt=\"\" class=\"wp-image-26430\" srcset=\"https:\/\/guentersahler.de\/wp-content\/uploads\/2023\/03\/Meise002.jpg 690w, https:\/\/guentersahler.de\/wp-content\/uploads\/2023\/03\/Meise002-300x191.jpg 300w, https:\/\/guentersahler.de\/wp-content\/uploads\/2023\/03\/Meise002-80x50.jpg 80w\" sizes=\"(max-width: 690px) 100vw, 690px\" \/><figcaption class=\"wp-element-caption\">Eine Kohlweise im Futterhaus (Mitte M\u00e4rz 2023).<\/figcaption><\/figure>\n\n\n\n<figure class=\"wp-block-image size-large\"><img loading=\"lazy\" decoding=\"async\" width=\"700\" height=\"469\" src=\"https:\/\/guentersahler.de\/wp-content\/uploads\/2023\/03\/Meise001.jpg\" alt=\"\" class=\"wp-image-26431\" srcset=\"https:\/\/guentersahler.de\/wp-content\/uploads\/2023\/03\/Meise001.jpg 700w, https:\/\/guentersahler.de\/wp-content\/uploads\/2023\/03\/Meise001-300x201.jpg 300w\" sizes=\"(max-width: 700px) 100vw, 700px\" \/><figcaption class=\"wp-element-caption\">Eine Kohlweise im Futterhaus (Mitte M\u00e4rz 2023)<\/figcaption><\/figure>\n\n\n\n<figure class=\"wp-block-image size-large\"><img loading=\"lazy\" decoding=\"async\" width=\"500\" height=\"300\" src=\"https:\/\/guentersahler.de\/wp-content\/uploads\/2023\/03\/meise003.jpg\" alt=\"\" class=\"wp-image-26429\" srcset=\"https:\/\/guentersahler.de\/wp-content\/uploads\/2023\/03\/meise003.jpg 500w, https:\/\/guentersahler.de\/wp-content\/uploads\/2023\/03\/meise003-300x180.jpg 300w\" sizes=\"(max-width: 500px) 100vw, 500px\" \/><figcaption class=\"wp-element-caption\">Eine Blauweise im Futterhaus (Mitte M\u00e4rz 2023)<\/figcaption><\/figure>\n\n\n\n<p><\/p>\n\n\n\n<p>Gimpel \/ Dompfaff (<em>Pyrrhula pyrrhula<\/em>)<\/p>\n\n\n\n<figure class=\"wp-block-image size-large is-resized\"><img loading=\"lazy\" decoding=\"async\" width=\"700\" height=\"383\" src=\"https:\/\/guentersahler.de\/wp-content\/uploads\/2022\/05\/gimpel001.jpg\" alt=\"\" class=\"wp-image-20705\" srcset=\"https:\/\/guentersahler.de\/wp-content\/uploads\/2022\/05\/gimpel001.jpg 700w, https:\/\/guentersahler.de\/wp-content\/uploads\/2022\/05\/gimpel001-300x164.jpg 300w, https:\/\/guentersahler.de\/wp-content\/uploads\/2022\/05\/gimpel001-624x341.jpg 624w\" sizes=\"(max-width: 700px) 100vw, 700px\" \/><figcaption class=\"wp-element-caption\">Gimpel (Dompfaff) M\u00e4nnchen und Weibchen (re.) in Hartegasse (Mitte Mai 2022)<\/figcaption><\/figure>\n\n\n\n<figure class=\"wp-block-image size-large\"><img loading=\"lazy\" decoding=\"async\" width=\"700\" height=\"562\" src=\"https:\/\/guentersahler.de\/wp-content\/uploads\/2022\/05\/gimpel002.jpg\" alt=\"\" class=\"wp-image-20704\" srcset=\"https:\/\/guentersahler.de\/wp-content\/uploads\/2022\/05\/gimpel002.jpg 700w, https:\/\/guentersahler.de\/wp-content\/uploads\/2022\/05\/gimpel002-300x241.jpg 300w, https:\/\/guentersahler.de\/wp-content\/uploads\/2022\/05\/gimpel002-624x501.jpg 624w\" sizes=\"(max-width: 700px) 100vw, 700px\" \/><figcaption class=\"wp-element-caption\"><em>Gimpel (Dompfaff) Weibchen in Hartegasse (Mitte Mai 2022)<\/em><\/figcaption><\/figure>\n\n\n<div class=\"wp-block-image\">\n<figure class=\"aligncenter size-large\"><img loading=\"lazy\" decoding=\"async\" width=\"400\" height=\"286\" src=\"https:\/\/guentersahler.de\/wp-content\/uploads\/2022\/05\/gimpel009.jpg\" alt=\"\" class=\"wp-image-20697\" srcset=\"https:\/\/guentersahler.de\/wp-content\/uploads\/2022\/05\/gimpel009.jpg 400w, https:\/\/guentersahler.de\/wp-content\/uploads\/2022\/05\/gimpel009-300x215.jpg 300w\" sizes=\"(max-width: 400px) 100vw, 400px\" \/><figcaption class=\"wp-element-caption\"><em>Gimpel (Dompfaff) M\u00e4nnchen in Hartegasse (Mitte Mai 2022)<\/em><\/figcaption><\/figure><\/div>\n\n<div class=\"wp-block-image\">\n<figure class=\"aligncenter size-large\"><img loading=\"lazy\" decoding=\"async\" width=\"400\" height=\"306\" src=\"https:\/\/guentersahler.de\/wp-content\/uploads\/2022\/05\/gimpel006.jpg\" alt=\"\" class=\"wp-image-20700\" srcset=\"https:\/\/guentersahler.de\/wp-content\/uploads\/2022\/05\/gimpel006.jpg 400w, https:\/\/guentersahler.de\/wp-content\/uploads\/2022\/05\/gimpel006-300x230.jpg 300w\" sizes=\"(max-width: 400px) 100vw, 400px\" \/><figcaption class=\"wp-element-caption\"><em>Gimpel (Dompfaff) M\u00e4nnchen betrachtet das Angebot im Futterh\u00e4uschen in Hartegasse (Mitte Mai 2022)<\/em><\/figcaption><\/figure><\/div>\n\n<div class=\"wp-block-image\">\n<figure class=\"aligncenter size-large\"><img loading=\"lazy\" decoding=\"async\" width=\"400\" height=\"305\" src=\"https:\/\/guentersahler.de\/wp-content\/uploads\/2022\/05\/gimpel007.jpg\" alt=\"\" class=\"wp-image-20699\" srcset=\"https:\/\/guentersahler.de\/wp-content\/uploads\/2022\/05\/gimpel007.jpg 400w, https:\/\/guentersahler.de\/wp-content\/uploads\/2022\/05\/gimpel007-300x229.jpg 300w\" sizes=\"(max-width: 400px) 100vw, 400px\" \/><figcaption class=\"wp-element-caption\"><em>Gimpel (Dompfaff) Weibchen in Hartegasse (Mitte Mai 2022)<\/em><\/figcaption><\/figure><\/div>\n\n<div class=\"wp-block-image\">\n<figure class=\"aligncenter size-large\"><img loading=\"lazy\" decoding=\"async\" width=\"400\" height=\"262\" src=\"https:\/\/guentersahler.de\/wp-content\/uploads\/2022\/05\/gimpel008.jpg\" alt=\"\" class=\"wp-image-20698\" srcset=\"https:\/\/guentersahler.de\/wp-content\/uploads\/2022\/05\/gimpel008.jpg 400w, https:\/\/guentersahler.de\/wp-content\/uploads\/2022\/05\/gimpel008-300x197.jpg 300w\" sizes=\"(max-width: 400px) 100vw, 400px\" \/><figcaption class=\"wp-element-caption\"><em>Gimpel (Dompfaff) M\u00e4nnchen in Hartegasse (Mitte Mai 2022)<\/em><\/figcaption><\/figure><\/div>\n\n\n<figure class=\"wp-block-image size-large\"><img loading=\"lazy\" decoding=\"async\" width=\"700\" height=\"402\" src=\"https:\/\/guentersahler.de\/wp-content\/uploads\/2022\/06\/gimpel011.jpg\" alt=\"\" class=\"wp-image-20985\" srcset=\"https:\/\/guentersahler.de\/wp-content\/uploads\/2022\/06\/gimpel011.jpg 700w, https:\/\/guentersahler.de\/wp-content\/uploads\/2022\/06\/gimpel011-300x172.jpg 300w, https:\/\/guentersahler.de\/wp-content\/uploads\/2022\/06\/gimpel011-624x358.jpg 624w\" sizes=\"(max-width: 700px) 100vw, 700px\" \/><figcaption class=\"wp-element-caption\"><em>Gimpel (Dompfaff) Weibchen in Hartegasse (Anfang Juni 2022)<\/em><\/figcaption><\/figure>\n\n\n\n<figure class=\"wp-block-image size-large\"><img loading=\"lazy\" decoding=\"async\" width=\"700\" height=\"409\" src=\"https:\/\/guentersahler.de\/wp-content\/uploads\/2023\/06\/domherr001-1.jpg\" alt=\"\" class=\"wp-image-28151\" srcset=\"https:\/\/guentersahler.de\/wp-content\/uploads\/2023\/06\/domherr001-1.jpg 700w, https:\/\/guentersahler.de\/wp-content\/uploads\/2023\/06\/domherr001-1-300x175.jpg 300w\" sizes=\"(max-width: 700px) 100vw, 700px\" \/><figcaption class=\"wp-element-caption\"><em>Gimpel (Dompfaff) M\u00e4nnchen in Hartegasse (Anfang Juni 2023)<\/em><\/figcaption><\/figure>\n\n\n\n<p>Haussperling (<em>Passer domesticus<\/em>)<\/p>\n\n\n<div class=\"wp-block-image\">\n<figure class=\"aligncenter size-large\"><img loading=\"lazy\" decoding=\"async\" width=\"400\" height=\"314\" src=\"https:\/\/guentersahler.de\/wp-content\/uploads\/2021\/11\/spatz001.jpg\" alt=\"\" class=\"wp-image-18204\" srcset=\"https:\/\/guentersahler.de\/wp-content\/uploads\/2021\/11\/spatz001.jpg 400w, https:\/\/guentersahler.de\/wp-content\/uploads\/2021\/11\/spatz001-300x236.jpg 300w\" sizes=\"(max-width: 400px) 100vw, 400px\" \/><figcaption class=\"wp-element-caption\">Spatz in Hartegasse (Zeichnung nach Foto, November 2021)<\/figcaption><\/figure><\/div>\n\n\n<figure class=\"wp-block-image size-large is-resized\"><img loading=\"lazy\" decoding=\"async\" width=\"700\" height=\"594\" src=\"https:\/\/guentersahler.de\/wp-content\/uploads\/2021\/11\/spatz005.jpg\" alt=\"\" class=\"wp-image-18239\" srcset=\"https:\/\/guentersahler.de\/wp-content\/uploads\/2021\/11\/spatz005.jpg 700w, https:\/\/guentersahler.de\/wp-content\/uploads\/2021\/11\/spatz005-300x255.jpg 300w, https:\/\/guentersahler.de\/wp-content\/uploads\/2021\/11\/spatz005-624x530.jpg 624w\" sizes=\"(max-width: 700px) 100vw, 700px\" \/><figcaption class=\"wp-element-caption\">Haussperling &#8222;Spatz&#8220; in Hartegasse (Mitte November 2021)<\/figcaption><\/figure>\n\n\n\n<figure class=\"wp-block-image size-large\"><img decoding=\"async\" src=\"https:\/\/guentersahler.de\/wp-content\/uploads\/2021\/11\/spatz004.jpg\" alt=\"\"\/><figcaption class=\"wp-element-caption\">Haussperling in Hartegasse (Mitte November 2021)<\/figcaption><\/figure>\n\n\n\n<figure class=\"wp-block-image size-large\"><img decoding=\"async\" src=\"https:\/\/guentersahler.de\/wp-content\/uploads\/2021\/11\/spatz005.jpg\" alt=\"\"\/><figcaption class=\"wp-element-caption\">Haussperling in Hartegasse (Mitte November 2021)<\/figcaption><\/figure>\n\n\n\n<figure class=\"wp-block-image size-large\"><img decoding=\"async\" src=\"https:\/\/guentersahler.de\/wp-content\/uploads\/2021\/11\/spatz006.jpg\" alt=\"\"\/><figcaption class=\"wp-element-caption\"><em>Haussperling in Hartegasse (Mitte November 2021)<\/em><\/figcaption><\/figure>\n\n\n\n<p>G\u00e4nse<\/p>\n\n\n\n<figure class=\"wp-block-image size-large\"><img loading=\"lazy\" decoding=\"async\" width=\"700\" height=\"397\" src=\"https:\/\/guentersahler.de\/wp-content\/uploads\/2021\/11\/gaenze001.jpg\" alt=\"\" class=\"wp-image-18242\" srcset=\"https:\/\/guentersahler.de\/wp-content\/uploads\/2021\/11\/gaenze001.jpg 700w, https:\/\/guentersahler.de\/wp-content\/uploads\/2021\/11\/gaenze001-300x170.jpg 300w, https:\/\/guentersahler.de\/wp-content\/uploads\/2021\/11\/gaenze001-624x354.jpg 624w\" sizes=\"(max-width: 700px) 100vw, 700px\" \/><figcaption class=\"wp-element-caption\">Graug\u00e4nse am Teich bei L\u00f6hs\u00fcng (Mitte November 2021)<br><\/figcaption><\/figure>\n\n\n\n<p>Enten<\/p>\n\n\n\n<figure class=\"wp-block-image size-large\"><img loading=\"lazy\" decoding=\"async\" width=\"700\" height=\"343\" src=\"https:\/\/guentersahler.de\/wp-content\/uploads\/2022\/01\/enten001.jpg\" alt=\"\" class=\"wp-image-19068\" srcset=\"https:\/\/guentersahler.de\/wp-content\/uploads\/2022\/01\/enten001.jpg 700w, https:\/\/guentersahler.de\/wp-content\/uploads\/2022\/01\/enten001-300x147.jpg 300w, https:\/\/guentersahler.de\/wp-content\/uploads\/2022\/01\/enten001-624x306.jpg 624w\" sizes=\"(max-width: 700px) 100vw, 700px\" \/><figcaption class=\"wp-element-caption\">Stockenten auf dem Teich bei Unterb\u00fcschem (Mitte Januar 2022)<\/figcaption><\/figure>\n\n\n\n<figure class=\"wp-block-image size-large\"><img loading=\"lazy\" decoding=\"async\" width=\"500\" height=\"258\" src=\"https:\/\/guentersahler.de\/wp-content\/uploads\/2023\/03\/enten02.jpg\" alt=\"\" class=\"wp-image-26439\" srcset=\"https:\/\/guentersahler.de\/wp-content\/uploads\/2023\/03\/enten02.jpg 500w, https:\/\/guentersahler.de\/wp-content\/uploads\/2023\/03\/enten02-300x155.jpg 300w\" sizes=\"(max-width: 500px) 100vw, 500px\" \/><figcaption class=\"wp-element-caption\">Enten am S\u00fcngerbach in Bonners\u00fcng (Mitte M\u00e4rz 2023)<\/figcaption><\/figure>\n\n\n\n<p>Gr\u00fcnfink &nbsp;(<em>Chloris chloris<\/em>)<\/p>\n\n\n\n<figure class=\"wp-block-image size-large\"><img loading=\"lazy\" decoding=\"async\" width=\"700\" height=\"427\" src=\"https:\/\/guentersahler.de\/wp-content\/uploads\/2022\/05\/vogel002.jpg\" alt=\"\" class=\"wp-image-20650\" srcset=\"https:\/\/guentersahler.de\/wp-content\/uploads\/2022\/05\/vogel002.jpg 700w, https:\/\/guentersahler.de\/wp-content\/uploads\/2022\/05\/vogel002-300x183.jpg 300w, https:\/\/guentersahler.de\/wp-content\/uploads\/2022\/05\/vogel002-624x381.jpg 624w\" sizes=\"(max-width: 700px) 100vw, 700px\" \/><figcaption class=\"wp-element-caption\">Gr\u00fcnfink in Hartegasse (Mitte Mai 2022)<\/figcaption><\/figure>\n\n\n\n<figure class=\"wp-block-image size-large\"><img loading=\"lazy\" decoding=\"async\" width=\"700\" height=\"400\" src=\"https:\/\/guentersahler.de\/wp-content\/uploads\/2022\/05\/vogel001.jpg\" alt=\"\" class=\"wp-image-20651\" srcset=\"https:\/\/guentersahler.de\/wp-content\/uploads\/2022\/05\/vogel001.jpg 700w, https:\/\/guentersahler.de\/wp-content\/uploads\/2022\/05\/vogel001-300x171.jpg 300w, https:\/\/guentersahler.de\/wp-content\/uploads\/2022\/05\/vogel001-624x357.jpg 624w\" sizes=\"(max-width: 700px) 100vw, 700px\" \/><figcaption class=\"wp-element-caption\">Gr\u00fcnf<em>ink in Hartegasse (Mitte Mai 2022)<\/em><\/figcaption><\/figure>\n\n\n\n<p>Amsel \/ Schwarzdrossel (<em>Turdus merula<\/em>)<\/p>\n\n\n\n<figure class=\"wp-block-image size-large\"><img loading=\"lazy\" decoding=\"async\" width=\"700\" height=\"548\" src=\"https:\/\/guentersahler.de\/wp-content\/uploads\/2021\/12\/amsel002.jpg\" alt=\"\" class=\"wp-image-18533\" srcset=\"https:\/\/guentersahler.de\/wp-content\/uploads\/2021\/12\/amsel002.jpg 700w, https:\/\/guentersahler.de\/wp-content\/uploads\/2021\/12\/amsel002-300x235.jpg 300w, https:\/\/guentersahler.de\/wp-content\/uploads\/2021\/12\/amsel002-624x489.jpg 624w\" sizes=\"(max-width: 700px) 100vw, 700px\" \/><figcaption class=\"wp-element-caption\">Amsel M\u00e4nnchen in Hartegasse (Anfang Dezember 2021)<\/figcaption><\/figure>\n\n\n\n<figure class=\"wp-block-image size-large\"><img loading=\"lazy\" decoding=\"async\" width=\"700\" height=\"529\" src=\"https:\/\/guentersahler.de\/wp-content\/uploads\/2021\/12\/amsel004.jpg\" alt=\"\" class=\"wp-image-18531\" srcset=\"https:\/\/guentersahler.de\/wp-content\/uploads\/2021\/12\/amsel004.jpg 700w, https:\/\/guentersahler.de\/wp-content\/uploads\/2021\/12\/amsel004-300x227.jpg 300w, https:\/\/guentersahler.de\/wp-content\/uploads\/2021\/12\/amsel004-624x472.jpg 624w\" sizes=\"(max-width: 700px) 100vw, 700px\" \/><figcaption class=\"wp-element-caption\">Amsel M\u00e4nnchen in Hartegasse (Anfang Dezember 2021)<\/figcaption><\/figure>\n\n\n\n<figure class=\"wp-block-image size-large\"><img loading=\"lazy\" decoding=\"async\" width=\"700\" height=\"519\" src=\"https:\/\/guentersahler.de\/wp-content\/uploads\/2021\/12\/amsel003.jpg\" alt=\"\" class=\"wp-image-18532\" srcset=\"https:\/\/guentersahler.de\/wp-content\/uploads\/2021\/12\/amsel003.jpg 700w, https:\/\/guentersahler.de\/wp-content\/uploads\/2021\/12\/amsel003-300x222.jpg 300w, https:\/\/guentersahler.de\/wp-content\/uploads\/2021\/12\/amsel003-624x463.jpg 624w\" sizes=\"(max-width: 700px) 100vw, 700px\" \/><figcaption class=\"wp-element-caption\">Amsel M\u00e4nnchen in Hartegasse (Anfang Dezember 2021)<\/figcaption><\/figure>\n\n\n\n<figure class=\"wp-block-image size-large\"><img loading=\"lazy\" decoding=\"async\" width=\"700\" height=\"426\" src=\"https:\/\/guentersahler.de\/wp-content\/uploads\/2021\/12\/amsel005.jpg\" alt=\"\" class=\"wp-image-18541\" srcset=\"https:\/\/guentersahler.de\/wp-content\/uploads\/2021\/12\/amsel005.jpg 700w, https:\/\/guentersahler.de\/wp-content\/uploads\/2021\/12\/amsel005-300x183.jpg 300w, https:\/\/guentersahler.de\/wp-content\/uploads\/2021\/12\/amsel005-624x380.jpg 624w\" sizes=\"(max-width: 700px) 100vw, 700px\" \/><figcaption class=\"wp-element-caption\">Amsel Weibchen in Hartegasse (Anfang Dezember 2021)<\/figcaption><\/figure>\n\n\n\n<figure class=\"wp-block-image size-large\"><img loading=\"lazy\" decoding=\"async\" width=\"700\" height=\"489\" src=\"https:\/\/guentersahler.de\/wp-content\/uploads\/2021\/12\/amsel006.jpg\" alt=\"\" class=\"wp-image-18542\" srcset=\"https:\/\/guentersahler.de\/wp-content\/uploads\/2021\/12\/amsel006.jpg 700w, https:\/\/guentersahler.de\/wp-content\/uploads\/2021\/12\/amsel006-300x210.jpg 300w, https:\/\/guentersahler.de\/wp-content\/uploads\/2021\/12\/amsel006-624x436.jpg 624w\" sizes=\"(max-width: 700px) 100vw, 700px\" \/><figcaption class=\"wp-element-caption\">Amsel weibchen in Hartegasse (Anfang Dezember 2021)<\/figcaption><\/figure>\n\n\n\n<figure class=\"wp-block-image size-large\"><img loading=\"lazy\" decoding=\"async\" width=\"700\" height=\"412\" src=\"https:\/\/guentersahler.de\/wp-content\/uploads\/2023\/06\/amsel008.jpg\" alt=\"\" class=\"wp-image-28111\" srcset=\"https:\/\/guentersahler.de\/wp-content\/uploads\/2023\/06\/amsel008.jpg 700w, https:\/\/guentersahler.de\/wp-content\/uploads\/2023\/06\/amsel008-300x177.jpg 300w\" sizes=\"(max-width: 700px) 100vw, 700px\" \/><figcaption class=\"wp-element-caption\">Amsel M\u00e4nnchen in Hartegasse (Anfang Juni 2023)<\/figcaption><\/figure>\n\n\n\n<p>28.05.2021, 21.21 Uhr: Eigentlich wollte ich das Abendkonzert der Amseln mit meinen mobilen Aufnahmeger\u00e4t aufnehmen (fr\u00fcher habe ich damit Musiker interviewt). In dem Moment als ich die Aufnahme startete kam laut eine Ente oder eine Wildgans (ich muss noch etwas recherchieren was es nun war) durchs Tal geflogen. Bei mir landete eine Amsel und begann mit ihrem Gesang. Gl\u00fcck f\u00fcr mich. Doch als die Ente\/Gans sich n\u00e4herte schaute die Amsel verwirrt und flog weg. <\/p>\n\n\n\n<p>Dazu habe ich diese Skizze gezeichnet:<\/p>\n\n\n\n<figure class=\"wp-block-image size-large\"><img loading=\"lazy\" decoding=\"async\" width=\"700\" height=\"930\" src=\"https:\/\/guentersahler.de\/wp-content\/uploads\/2021\/05\/sketch009.jpg\" alt=\"\" class=\"wp-image-14753\" srcset=\"https:\/\/guentersahler.de\/wp-content\/uploads\/2021\/05\/sketch009.jpg 700w, https:\/\/guentersahler.de\/wp-content\/uploads\/2021\/05\/sketch009-226x300.jpg 226w, https:\/\/guentersahler.de\/wp-content\/uploads\/2021\/05\/sketch009-624x829.jpg 624w\" sizes=\"(max-width: 700px) 100vw, 700px\" \/><\/figure>\n\n\n\n<p>Die Audioaufnahme habe ich in der Musik-\/Audiosoftware Audacity verk\u00fcrzt und in der Lautst\u00e4rke etwas verst\u00e4rkt:<\/p>\n\n\n\n<figure class=\"wp-block-audio\"><audio controls src=\"https:\/\/guentersahler.de\/wp-content\/uploads\/2021\/05\/Amselgesang002.mp3\"><\/audio><\/figure>\n\n\n\n<p>Der Ablauf passend zum Bild:<\/p>\n\n\n\n<p>(1) Amsel I sitzt singend auf einem Kamin. Im Hintergrund h\u00f6rt man weitere Amseln.<\/p>\n\n\n\n<p>(2) Durchs Tal fliegt eine Ente bzw. Wildgans (?). Man h\u00f6rt sie n\u00e4her kommen.<\/p>\n\n\n\n<p>(3) <strong>Ab Sekunde 11<\/strong>: Dicht bei mir landet Amsel II und singt ihre Melodie (1. <strong>bei Sekunde 11\/12<\/strong>, 2. <strong>bei Sekunde 19 &#8211; 22<\/strong>, 3. <strong>bei Sekunde 26 &#8211; 28<\/strong>). Sie ist verwirrt wegen der Ente\/Wildgans und <\/p>\n\n\n\n<p>(4) fliegt davon.<\/p>\n\n\n\n<p>(5) Die Ente\/Wildgans fliegt weiter durchs Tal.<\/p>\n\n\n\n<figure class=\"wp-block-image size-large\"><img loading=\"lazy\" decoding=\"async\" width=\"700\" height=\"206\" src=\"https:\/\/guentersahler.de\/wp-content\/uploads\/2021\/05\/amselgesang001.gif\" alt=\"\" class=\"wp-image-14762\"\/><figcaption class=\"wp-element-caption\">Die Audiodatei in der Musik-\/Audiosoftware Audacity. Deutlich sieht man die drei Zeitpunkte an denen Amsel II gesungen hat.<\/figcaption><\/figure>\n\n\n\n<figure class=\"wp-block-image size-large\"><img loading=\"lazy\" decoding=\"async\" width=\"400\" height=\"300\" src=\"https:\/\/guentersahler.de\/wp-content\/uploads\/2021\/05\/tascam001.jpg\" alt=\"\" class=\"wp-image-14764\" srcset=\"https:\/\/guentersahler.de\/wp-content\/uploads\/2021\/05\/tascam001.jpg 400w, https:\/\/guentersahler.de\/wp-content\/uploads\/2021\/05\/tascam001-300x225.jpg 300w\" sizes=\"(max-width: 400px) 100vw, 400px\" \/><figcaption class=\"wp-element-caption\">Das mobile Aufnahmeger\u00e4t TASCAM DR-05 erzeugt eine Aufnahme im MP3-Format.<\/figcaption><\/figure>\n\n\n\n<figure class=\"wp-block-image size-large\"><img loading=\"lazy\" decoding=\"async\" width=\"700\" height=\"334\" src=\"https:\/\/guentersahler.de\/wp-content\/uploads\/2023\/04\/vogelnest001.jpg\" alt=\"\" class=\"wp-image-27500\" srcset=\"https:\/\/guentersahler.de\/wp-content\/uploads\/2023\/04\/vogelnest001.jpg 700w, https:\/\/guentersahler.de\/wp-content\/uploads\/2023\/04\/vogelnest001-300x143.jpg 300w\" sizes=\"(max-width: 700px) 100vw, 700px\" \/><figcaption class=\"wp-element-caption\">Amselnest (?) in Eiche und Stromleitung bei Stelberg (ende April 2023)<\/figcaption><\/figure>\n\n\n\n<p>Video: Haussperlinge, Amsel und Rotkehlchen am Futterhaus<\/p>\n\n\n\n<p><iframe loading=\"lazy\" src=\"https:\/\/www.youtube.com\/embed\/89zgsICjEgo?rel=0\" allowfullscreen=\"allowfullscreen\" width=\"600\" height=\"338\" frameborder=\"0\"><\/iframe><\/p>\n\n\n\n<p>Kleiber (<em>Sitta europaea<\/em>)<\/p>\n\n\n\n<figure class=\"wp-block-image size-large\"><img loading=\"lazy\" decoding=\"async\" width=\"700\" height=\"472\" src=\"https:\/\/guentersahler.de\/wp-content\/uploads\/2021\/11\/kleiber002.jpg\" alt=\"\" class=\"wp-image-18035\" srcset=\"https:\/\/guentersahler.de\/wp-content\/uploads\/2021\/11\/kleiber002.jpg 700w, https:\/\/guentersahler.de\/wp-content\/uploads\/2021\/11\/kleiber002-300x202.jpg 300w, https:\/\/guentersahler.de\/wp-content\/uploads\/2021\/11\/kleiber002-624x421.jpg 624w\" sizes=\"(max-width: 700px) 100vw, 700px\" \/><figcaption class=\"wp-element-caption\">Kleiber am Gartenfutterhaus in Hartegasse (Anfang November 2021)<\/figcaption><\/figure>\n\n\n\n<figure class=\"wp-block-image size-large\"><img loading=\"lazy\" decoding=\"async\" width=\"700\" height=\"416\" src=\"https:\/\/guentersahler.de\/wp-content\/uploads\/2021\/11\/kleiber001.jpg\" alt=\"\" class=\"wp-image-18036\" srcset=\"https:\/\/guentersahler.de\/wp-content\/uploads\/2021\/11\/kleiber001.jpg 700w, https:\/\/guentersahler.de\/wp-content\/uploads\/2021\/11\/kleiber001-300x178.jpg 300w, https:\/\/guentersahler.de\/wp-content\/uploads\/2021\/11\/kleiber001-624x371.jpg 624w\" sizes=\"(max-width: 700px) 100vw, 700px\" \/><figcaption class=\"wp-element-caption\">Kleiber am Gartenfutterhaus in Hartegasse (Anfang November 2021)<\/figcaption><\/figure>\n\n\n\n<figure class=\"wp-block-image size-large\"><img loading=\"lazy\" decoding=\"async\" width=\"700\" height=\"496\" src=\"https:\/\/guentersahler.de\/wp-content\/uploads\/2021\/11\/kleiber004.jpg\" alt=\"\" class=\"wp-image-18033\" srcset=\"https:\/\/guentersahler.de\/wp-content\/uploads\/2021\/11\/kleiber004.jpg 700w, https:\/\/guentersahler.de\/wp-content\/uploads\/2021\/11\/kleiber004-300x213.jpg 300w, https:\/\/guentersahler.de\/wp-content\/uploads\/2021\/11\/kleiber004-624x442.jpg 624w\" sizes=\"(max-width: 700px) 100vw, 700px\" \/><figcaption class=\"wp-element-caption\">Kleiber am Gartenfutterhaus in Hartegasse (Anfang November 2021)<\/figcaption><\/figure>\n\n\n\n<figure class=\"wp-block-image size-large\"><img loading=\"lazy\" decoding=\"async\" width=\"700\" height=\"410\" src=\"https:\/\/guentersahler.de\/wp-content\/uploads\/2021\/11\/KLeiber003.jpg\" alt=\"\" class=\"wp-image-18034\" srcset=\"https:\/\/guentersahler.de\/wp-content\/uploads\/2021\/11\/KLeiber003.jpg 700w, https:\/\/guentersahler.de\/wp-content\/uploads\/2021\/11\/KLeiber003-300x176.jpg 300w, https:\/\/guentersahler.de\/wp-content\/uploads\/2021\/11\/KLeiber003-624x365.jpg 624w\" sizes=\"(max-width: 700px) 100vw, 700px\" \/><figcaption class=\"wp-element-caption\">Kleiber am Gartenfutterhaus in Hartegasse (Anfang November 2021)<\/figcaption><\/figure>\n\n\n\n<figure class=\"wp-block-image size-large\"><img loading=\"lazy\" decoding=\"async\" width=\"700\" height=\"463\" src=\"https:\/\/guentersahler.de\/wp-content\/uploads\/2021\/11\/kleiber005.jpg\" alt=\"\" class=\"wp-image-18032\" srcset=\"https:\/\/guentersahler.de\/wp-content\/uploads\/2021\/11\/kleiber005.jpg 700w, https:\/\/guentersahler.de\/wp-content\/uploads\/2021\/11\/kleiber005-300x198.jpg 300w, https:\/\/guentersahler.de\/wp-content\/uploads\/2021\/11\/kleiber005-624x413.jpg 624w\" sizes=\"(max-width: 700px) 100vw, 700px\" \/><figcaption class=\"wp-element-caption\">Kleiber am Gartenfutterhaus in Hartegasse (Anfang November 2021)<\/figcaption><\/figure>\n\n\n\n<figure class=\"wp-block-image size-large\"><img loading=\"lazy\" decoding=\"async\" width=\"700\" height=\"459\" src=\"https:\/\/guentersahler.de\/wp-content\/uploads\/2023\/04\/kleiber002.jpg\" alt=\"\" class=\"wp-image-27244\" srcset=\"https:\/\/guentersahler.de\/wp-content\/uploads\/2023\/04\/kleiber002.jpg 700w, https:\/\/guentersahler.de\/wp-content\/uploads\/2023\/04\/kleiber002-300x197.jpg 300w\" sizes=\"(max-width: 700px) 100vw, 700px\" \/><figcaption class=\"wp-element-caption\">Toter Kleiber (Anfang April 2023)<\/figcaption><\/figure>\n\n\n\n<figure class=\"wp-block-image size-large\"><img loading=\"lazy\" decoding=\"async\" width=\"700\" height=\"404\" src=\"https:\/\/guentersahler.de\/wp-content\/uploads\/2023\/04\/kleiber003.jpg\" alt=\"\" class=\"wp-image-27243\" srcset=\"https:\/\/guentersahler.de\/wp-content\/uploads\/2023\/04\/kleiber003.jpg 700w, https:\/\/guentersahler.de\/wp-content\/uploads\/2023\/04\/kleiber003-300x173.jpg 300w\" sizes=\"(max-width: 700px) 100vw, 700px\" \/><figcaption class=\"wp-element-caption\">Toter Kleiber (Anfang April 2023)<\/figcaption><\/figure>\n\n\n\n<figure class=\"wp-block-image size-large\"><img loading=\"lazy\" decoding=\"async\" width=\"700\" height=\"478\" src=\"https:\/\/guentersahler.de\/wp-content\/uploads\/2023\/04\/kleiber004.jpg\" alt=\"\" class=\"wp-image-27242\" srcset=\"https:\/\/guentersahler.de\/wp-content\/uploads\/2023\/04\/kleiber004.jpg 700w, https:\/\/guentersahler.de\/wp-content\/uploads\/2023\/04\/kleiber004-300x205.jpg 300w\" sizes=\"(max-width: 700px) 100vw, 700px\" \/><figcaption class=\"wp-element-caption\">Toter Kleiber (Anfang April 2023)<\/figcaption><\/figure>\n\n\n\n<figure class=\"wp-block-image size-large\"><img loading=\"lazy\" decoding=\"async\" width=\"700\" height=\"526\" src=\"https:\/\/guentersahler.de\/wp-content\/uploads\/2023\/04\/kleiber005.jpg\" alt=\"\" class=\"wp-image-27241\" srcset=\"https:\/\/guentersahler.de\/wp-content\/uploads\/2023\/04\/kleiber005.jpg 700w, https:\/\/guentersahler.de\/wp-content\/uploads\/2023\/04\/kleiber005-300x225.jpg 300w\" sizes=\"(max-width: 700px) 100vw, 700px\" \/><figcaption class=\"wp-element-caption\">Toter Kleiber mit Zecke (?) hinter dem rechten Auge (Anfang April 2023)<\/figcaption><\/figure>\n\n\n\n<figure class=\"wp-block-image size-large\"><img loading=\"lazy\" decoding=\"async\" width=\"700\" height=\"526\" src=\"https:\/\/guentersahler.de\/wp-content\/uploads\/2023\/04\/kleiber005.jpg\" alt=\"\" class=\"wp-image-27241\" srcset=\"https:\/\/guentersahler.de\/wp-content\/uploads\/2023\/04\/kleiber005.jpg 700w, https:\/\/guentersahler.de\/wp-content\/uploads\/2023\/04\/kleiber005-300x225.jpg 300w\" sizes=\"(max-width: 700px) 100vw, 700px\" \/><figcaption class=\"wp-element-caption\">Toter Kleiber mit Zecke (?) hinter dem rechten Auge (Anfang April 2023)<\/figcaption><\/figure>\n\n\n\n<figure class=\"wp-block-image size-large\"><img loading=\"lazy\" decoding=\"async\" width=\"700\" height=\"425\" src=\"https:\/\/guentersahler.de\/wp-content\/uploads\/2023\/04\/kleiber007.jpg\" alt=\"\" class=\"wp-image-27240\" srcset=\"https:\/\/guentersahler.de\/wp-content\/uploads\/2023\/04\/kleiber007.jpg 700w, https:\/\/guentersahler.de\/wp-content\/uploads\/2023\/04\/kleiber007-300x182.jpg 300w, https:\/\/guentersahler.de\/wp-content\/uploads\/2023\/04\/kleiber007-80x50.jpg 80w\" sizes=\"(max-width: 700px) 100vw, 700px\" \/><figcaption class=\"wp-element-caption\">Toter Kleiber mit Zecke (?) hinter dem rechten Auge (Anfang April 2023)<\/figcaption><\/figure>\n\n\n\n<p>Video: Kleiber, Amsel (Weibchen) und Buchfink (Weibchen) am Futterhaus.<\/p>\n\n\n\n<p><iframe loading=\"lazy\" src=\"https:\/\/www.youtube.com\/embed\/TFd6wAMNz2Y?rel=0\" allowfullscreen=\"allowfullscreen\" width=\"600\" height=\"338\" frameborder=\"0\"><\/p><\/iframe><\/p>\n\n\n\n<p><\/p>\n\n\n\n<p><\/p>\n\n\n\n<figure class=\"wp-block-image size-large\"><\/figure>\n\n\n\n<figure class=\"wp-block-image size-large\"><\/figure>\n\n\n\n<p><\/p>\n\n\n\n<p><\/p>\n\n\n\n<p><\/p>\n\n\n\n<p><\/p>\n\n\n\n<p><\/p>\n\n\n\n<p><\/p>\n\n\n\n<p><\/p>\n\n\n\n<p><\/p>\n\n\n\n<figure class=\"wp-block-image size-large\"><img loading=\"lazy\" decoding=\"async\" width=\"700\" height=\"479\" src=\"https:\/\/guentersahler.de\/wp-content\/uploads\/2022\/11\/amsel001.jpg\" alt=\"\" class=\"wp-image-24327\" srcset=\"https:\/\/guentersahler.de\/wp-content\/uploads\/2022\/11\/amsel001.jpg 700w, https:\/\/guentersahler.de\/wp-content\/uploads\/2022\/11\/amsel001-300x205.jpg 300w\" sizes=\"(max-width: 700px) 100vw, 700px\" \/><figcaption class=\"wp-element-caption\">Amsel in Hartegasse (Ende November 2022)<\/figcaption><\/figure>\n\n\n\n<p><\/p>\n\n\n\n<p><\/p>\n\n\n\n<p><\/p>\n\n\n\n<p><\/p>\n\n\n\n<p><\/p>\n\n\n\n<p><\/p>\n\n\n\n<figure class=\"wp-block-image size-large\"><img loading=\"lazy\" decoding=\"async\" width=\"700\" height=\"331\" src=\"https:\/\/guentersahler.de\/wp-content\/uploads\/2022\/11\/amsel003.jpg\" alt=\"\" class=\"wp-image-24325\" srcset=\"https:\/\/guentersahler.de\/wp-content\/uploads\/2022\/11\/amsel003.jpg 700w, https:\/\/guentersahler.de\/wp-content\/uploads\/2022\/11\/amsel003-300x142.jpg 300w\" sizes=\"(max-width: 700px) 100vw, 700px\" \/><figcaption class=\"wp-element-caption\">Amsel in Hartegasse (Ende November 2022)<\/figcaption><\/figure>\n\n\n\n<p><\/p>\n\n\n\n<p><\/p>\n\n\n\n<p><\/p>\n\n\n\n<p><\/p>\n\n\n\n<p><\/p>\n\n\n\n<p><\/p>\n\n\n\n<figure class=\"wp-block-image size-large\"><img loading=\"lazy\" decoding=\"async\" width=\"700\" height=\"494\" src=\"https:\/\/guentersahler.de\/wp-content\/uploads\/2022\/11\/amsel002.jpg\" alt=\"\" class=\"wp-image-24326\" srcset=\"https:\/\/guentersahler.de\/wp-content\/uploads\/2022\/11\/amsel002.jpg 700w, https:\/\/guentersahler.de\/wp-content\/uploads\/2022\/11\/amsel002-300x212.jpg 300w\" sizes=\"(max-width: 700px) 100vw, 700px\" \/><\/figure>\n\n\n\n<p><\/p>\n\n\n\n<p><\/p>\n\n\n\n<p><\/p>\n\n\n\n<p><\/p>\n\n\n\n<p><\/p>\n\n\n\n<p><\/p>\n\n\n\n<figure class=\"wp-block-image size-large\"><img decoding=\"async\" src=\"https:\/\/guentersahler.de\/wp-content\/uploads\/2023\/01\/kerrnb002.jpg\" alt=\"\"\/><figcaption class=\"wp-element-caption\">Kernbei\u00dfer in Hartegasse (Mitte Januar 2023).<\/figcaption><\/figure>\n\n\n\n<p><\/p>\n\n\n\n<p><\/p>\n\n\n\n<p><\/p>\n\n\n\n<p><\/p>\n\n\n\n<p><\/p>\n\n\n\n<p><\/p>\n\n\n\n<figure class=\"wp-block-image size-large\"><img decoding=\"async\" src=\"https:\/\/guentersahler.de\/wp-content\/uploads\/2023\/01\/amseln023.jpg\" alt=\"\"\/><figcaption class=\"wp-element-caption\">Amsel mit dem Rest einer Traube (Mitte Januar 2023).<\/figcaption><\/figure>\n\n\n\n<p><\/p>\n\n\n\n<p><\/p>\n\n\n\n<p><\/p>\n\n\n\n<p><\/p>\n\n\n\n<p><\/p>\n\n\n\n<p><\/p>\n\n\n\n<figure class=\"wp-block-image size-large\"><img decoding=\"async\" src=\"https:\/\/guentersahler.de\/wp-content\/uploads\/2023\/01\/distelfinken001.jpg\" alt=\"\"\/><figcaption class=\"wp-element-caption\">Distelfinken in Hartegasse (Mitte Januar 2023)<\/figcaption><\/figure>\n\n\n\n<p><\/p>\n\n\n\n<p><\/p>\n\n\n\n<p><\/p>\n\n\n\n<p><\/p>\n\n\n\n<p><\/p>\n\n\n\n<p><\/p>\n\n\n\n<figure class=\"wp-block-image size-large\"><img loading=\"lazy\" decoding=\"async\" width=\"700\" height=\"248\" src=\"https:\/\/guentersahler.de\/wp-content\/uploads\/2023\/02\/voegel1000.jpg\" alt=\"\" class=\"wp-image-25947\" srcset=\"https:\/\/guentersahler.de\/wp-content\/uploads\/2023\/02\/voegel1000.jpg 700w, https:\/\/guentersahler.de\/wp-content\/uploads\/2023\/02\/voegel1000-300x106.jpg 300w\" sizes=\"(max-width: 700px) 100vw, 700px\" \/><figcaption class=\"wp-element-caption\">Vogelschwarm \u00fcber Hartegasse (Mitte Februar 2023)<\/figcaption><\/figure>\n\n\n\n<p><\/p>\n\n\n\n<p><\/p>\n\n\n\n<p><\/p>\n\n\n\n<p><\/p>\n\n\n\n<p><\/p>\n\n\n\n<p><\/p>\n\n\n\n<figure class=\"wp-block-image size-large\"><img loading=\"lazy\" decoding=\"async\" width=\"700\" height=\"404\" src=\"https:\/\/guentersahler.de\/wp-content\/uploads\/2023\/02\/voegel999.jpg\" alt=\"\" class=\"wp-image-25948\" srcset=\"https:\/\/guentersahler.de\/wp-content\/uploads\/2023\/02\/voegel999.jpg 700w, https:\/\/guentersahler.de\/wp-content\/uploads\/2023\/02\/voegel999-300x173.jpg 300w\" sizes=\"(max-width: 700px) 100vw, 700px\" \/><figcaption class=\"wp-element-caption\">Vogelschwarm \u00fcber Hartegasse (Mitte Februar 2023)<\/figcaption><\/figure>\n\n\n\n<p><\/p>\n\n\n\n<p><\/p>\n\n\n\n<p><\/p>\n\n\n\n<p><\/p>\n\n\n\n<p><\/p>\n\n\n\n<p><\/p>\n\n\n\n<figure class=\"wp-block-image size-large\"><img loading=\"lazy\" decoding=\"async\" width=\"700\" height=\"428\" src=\"https:\/\/guentersahler.de\/wp-content\/uploads\/2023\/03\/vogel02.jpg\" alt=\"\" class=\"wp-image-26292\" srcset=\"https:\/\/guentersahler.de\/wp-content\/uploads\/2023\/03\/vogel02.jpg 700w, https:\/\/guentersahler.de\/wp-content\/uploads\/2023\/03\/vogel02-300x183.jpg 300w, https:\/\/guentersahler.de\/wp-content\/uploads\/2023\/03\/vogel02-80x50.jpg 80w\" sizes=\"(max-width: 700px) 100vw, 700px\" \/><figcaption class=\"wp-element-caption\">Gr\u00fcnfink in Hartegasse (M\u00e4rz 2023)<\/figcaption><\/figure>\n\n\n\n<p><\/p>\n\n\n\n<p><\/p>\n\n\n\n<p><\/p>\n\n\n\n<p><\/p>\n\n\n\n<p><\/p>\n\n\n\n<p><\/p>\n\n\n\n<figure class=\"wp-block-image size-large\"><img loading=\"lazy\" decoding=\"async\" width=\"700\" height=\"461\" src=\"https:\/\/guentersahler.de\/wp-content\/uploads\/2023\/03\/vogel04.jpg\" alt=\"\" class=\"wp-image-26290\" srcset=\"https:\/\/guentersahler.de\/wp-content\/uploads\/2023\/03\/vogel04.jpg 700w, https:\/\/guentersahler.de\/wp-content\/uploads\/2023\/03\/vogel04-300x198.jpg 300w\" sizes=\"(max-width: 700px) 100vw, 700px\" \/><figcaption class=\"wp-element-caption\">Dompfaff Weiben in Hartegasse (M\u00e4rz 2023)<\/figcaption><\/figure>\n\n\n\n<p><\/p>\n\n\n\n<p><\/p>\n\n\n\n<p><\/p>\n\n\n\n<p><\/p>\n\n\n\n<p><\/p>\n\n\n\n<p><\/p>\n\n\n\n<figure class=\"wp-block-image size-large\"><img loading=\"lazy\" decoding=\"async\" width=\"500\" height=\"268\" src=\"https:\/\/guentersahler.de\/wp-content\/uploads\/2023\/03\/vogel05.jpg\" alt=\"\" class=\"wp-image-26324\" srcset=\"https:\/\/guentersahler.de\/wp-content\/uploads\/2023\/03\/vogel05.jpg 500w, https:\/\/guentersahler.de\/wp-content\/uploads\/2023\/03\/vogel05-300x161.jpg 300w\" sizes=\"(max-width: 500px) 100vw, 500px\" \/><figcaption class=\"wp-element-caption\">Gr\u00fcnfink in Hartegasse (M\u00e4rz 2023)<\/figcaption><\/figure>\n\n\n\n<p><\/p>\n\n\n\n<p><\/p>\n\n\n\n<p><\/p>\n\n\n\n<p><\/p>\n\n\n\n<p><\/p>\n\n\n\n<p><\/p>\n\n\n\n<figure class=\"wp-block-image size-large\"><img loading=\"lazy\" decoding=\"async\" width=\"500\" height=\"316\" src=\"https:\/\/guentersahler.de\/wp-content\/uploads\/2023\/03\/enten01.jpg\" alt=\"\" class=\"wp-image-26277\" srcset=\"https:\/\/guentersahler.de\/wp-content\/uploads\/2023\/03\/enten01.jpg 500w, https:\/\/guentersahler.de\/wp-content\/uploads\/2023\/03\/enten01-300x190.jpg 300w, https:\/\/guentersahler.de\/wp-content\/uploads\/2023\/03\/enten01-80x50.jpg 80w\" sizes=\"(max-width: 500px) 100vw, 500px\" \/><figcaption class=\"wp-element-caption\">Enten auf dem B\u00fcschemner Bach (M\u00e4rz 2023)<\/figcaption><\/figure>\n\n\n\n<p><\/p>\n\n\n\n<p><\/p>\n\n\n\n<p><\/p>\n\n\n\n<p><\/p>\n\n\n\n<p><\/p>\n\n\n\n<p><\/p>\n\n\n\n<figure class=\"wp-block-image size-large\"><img loading=\"lazy\" decoding=\"async\" width=\"700\" height=\"208\" src=\"https:\/\/guentersahler.de\/wp-content\/uploads\/2023\/06\/buntspecht001.jpg\" alt=\"\" class=\"wp-image-28112\" srcset=\"https:\/\/guentersahler.de\/wp-content\/uploads\/2023\/06\/buntspecht001.jpg 700w, https:\/\/guentersahler.de\/wp-content\/uploads\/2023\/06\/buntspecht001-300x89.jpg 300w\" sizes=\"(max-width: 700px) 100vw, 700px\" \/><figcaption class=\"wp-element-caption\">Buntspecht (Weibchen) in Hartegasse (Anfang Juni 2023)<\/figcaption><\/figure>\n\n\n\n<p><\/p>\n\n\n\n<p><\/p>\n\n\n\n<p><\/p>\n\n\n\n<p><\/p>\n\n\n\n<p><\/p>\n\n\n\n<p><\/p>\n\n\n\n<figure class=\"wp-block-image size-large\"><img loading=\"lazy\" decoding=\"async\" width=\"700\" height=\"402\" src=\"https:\/\/guentersahler.de\/wp-content\/uploads\/2023\/06\/rmilan001.jpg\" alt=\"\" class=\"wp-image-28315\" srcset=\"https:\/\/guentersahler.de\/wp-content\/uploads\/2023\/06\/rmilan001.jpg 700w, https:\/\/guentersahler.de\/wp-content\/uploads\/2023\/06\/rmilan001-300x172.jpg 300w\" sizes=\"(max-width: 700px) 100vw, 700px\" \/><figcaption class=\"wp-element-caption\">Die Stelberger Wiesen wurden gem\u00e4ht. Nun kamen die Milane und erhofften sich Beute. Rund 2o von ihnen Kreisen \u00fcber den Wiesen und st\u00fcrzten sich hinab &#8230; (Anfang Juni 2023)<\/figcaption><\/figure>\n\n\n\n<p><\/p>\n\n\n\n<p><\/p>\n\n\n\n<p><\/p>\n\n\n\n<p><\/p>\n\n\n\n<p><\/p>\n\n\n\n<p><\/p>\n\n\n\n<figure><\/figure>\n\n\n\n<p><\/p>\n\n\n\n<p><\/p>\n\n\n\n<figure class=\"wp-block-image size-large\"><img loading=\"lazy\" decoding=\"async\" width=\"700\" height=\"418\" src=\"https:\/\/guentersahler.de\/wp-content\/uploads\/2023\/06\/taube008.jpg\" alt=\"\" class=\"wp-image-28412\" srcset=\"https:\/\/guentersahler.de\/wp-content\/uploads\/2023\/06\/taube008.jpg 700w, https:\/\/guentersahler.de\/wp-content\/uploads\/2023\/06\/taube008-300x179.jpg 300w\" sizes=\"(max-width: 700px) 100vw, 700px\" \/><figcaption class=\"wp-element-caption\">T\u00fcrkentaube in Hartegasse (Mitte Juni 2023)<\/figcaption><\/figure>\n\n\n\n<p><\/p>\n\n\n\n<p><\/p>\n\n\n\n<p><\/p>\n\n\n\n<p><\/p>\n\n\n\n<p><\/p>\n\n\n\n<p><\/p>\n\n\n\n<figure class=\"wp-block-image size-large\"><img loading=\"lazy\" decoding=\"async\" width=\"700\" height=\"335\" src=\"https:\/\/guentersahler.de\/wp-content\/uploads\/2023\/07\/voegel009.jpg\" alt=\"\" class=\"wp-image-28654\" srcset=\"https:\/\/guentersahler.de\/wp-content\/uploads\/2023\/07\/voegel009.jpg 700w, https:\/\/guentersahler.de\/wp-content\/uploads\/2023\/07\/voegel009-300x144.jpg 300w\" sizes=\"(max-width: 700px) 100vw, 700px\" \/><figcaption class=\"wp-element-caption\">Schwalben bei Bonners\u00fcng (Anfang Juli 2023)<\/figcaption><\/figure>\n\n\n\n<p><\/p>\n\n\n\n<p><\/p>\n\n\n\n<p><\/p>\n\n\n\n<p><\/p>\n\n\n\n<p><\/p>\n\n\n\n<p><\/p>\n\n\n\n<figure class=\"wp-block-image size-large\"><img loading=\"lazy\" decoding=\"async\" width=\"700\" height=\"292\" src=\"https:\/\/guentersahler.de\/wp-content\/uploads\/2023\/07\/voegel011.jpg\" alt=\"\" class=\"wp-image-28652\" srcset=\"https:\/\/guentersahler.de\/wp-content\/uploads\/2023\/07\/voegel011.jpg 700w, https:\/\/guentersahler.de\/wp-content\/uploads\/2023\/07\/voegel011-300x125.jpg 300w\" sizes=\"(max-width: 700px) 100vw, 700px\" \/><figcaption class=\"wp-element-caption\">Schwalben bei Bonners\u00fcng (Anfang Juli 2023)<\/figcaption><\/figure>\n\n\n\n<p><\/p>\n\n\n\n<p><\/p>\n\n\n\n<p><\/p>\n\n\n\n<p><\/p>\n\n\n\n<p><\/p>\n\n\n\n<p><\/p>\n\n\n\n<figure class=\"wp-block-image size-large\"><img loading=\"lazy\" decoding=\"async\" width=\"700\" height=\"335\" src=\"https:\/\/guentersahler.de\/wp-content\/uploads\/2023\/07\/voegel010.jpg\" alt=\"\" class=\"wp-image-28653\" srcset=\"https:\/\/guentersahler.de\/wp-content\/uploads\/2023\/07\/voegel010.jpg 700w, https:\/\/guentersahler.de\/wp-content\/uploads\/2023\/07\/voegel010-300x144.jpg 300w\" sizes=\"(max-width: 700px) 100vw, 700px\" \/><figcaption class=\"wp-element-caption\">Schwalben bei Bonners\u00fcng (Anfang Juli 2023)<\/figcaption><\/figure>\n\n\n\n<p><\/p>\n\n\n\n<p><\/p>\n\n\n\n<p><\/p>\n\n\n\n<p><\/p>\n\n\n\n<p><\/p>\n\n\n\n<p><\/p>\n\n\n\n<figure class=\"wp-block-image size-large\"><img loading=\"lazy\" decoding=\"async\" width=\"700\" height=\"352\" src=\"https:\/\/guentersahler.de\/wp-content\/uploads\/2023\/07\/voegel012.jpg\" alt=\"\" class=\"wp-image-28651\" srcset=\"https:\/\/guentersahler.de\/wp-content\/uploads\/2023\/07\/voegel012.jpg 700w, https:\/\/guentersahler.de\/wp-content\/uploads\/2023\/07\/voegel012-300x151.jpg 300w\" sizes=\"(max-width: 700px) 100vw, 700px\" \/><figcaption class=\"wp-element-caption\">Schwalben bei Bonners\u00fcng (Anfang Juli 2023)<\/figcaption><\/figure>\n\n\n\n<p><\/p>\n\n\n\n<p><\/p>\n\n\n\n<p><\/p>\n\n\n\n<p><\/p>\n\n\n\n<p><\/p>\n\n\n\n<p><\/p>\n\n\n\n<figure class=\"wp-block-image size-large\"><img loading=\"lazy\" decoding=\"async\" width=\"700\" height=\"410\" src=\"https:\/\/guentersahler.de\/wp-content\/uploads\/2023\/07\/voegel013.jpg\" alt=\"\" class=\"wp-image-28650\" srcset=\"https:\/\/guentersahler.de\/wp-content\/uploads\/2023\/07\/voegel013.jpg 700w, https:\/\/guentersahler.de\/wp-content\/uploads\/2023\/07\/voegel013-300x176.jpg 300w\" sizes=\"(max-width: 700px) 100vw, 700px\" \/><figcaption class=\"wp-element-caption\">Schwalben bei Bonners\u00fcng (Anfang Juli 2023)<\/figcaption><\/figure>\n\n\n\n<p><\/p>\n\n\n\n<p><\/p>\n\n\n\n<p><\/p>\n\n\n\n<p><\/p>\n\n\n\n<p><\/p>\n\n\n\n<p><\/p>\n\n\n\n<figure class=\"wp-block-image size-large\"><img loading=\"lazy\" decoding=\"async\" width=\"700\" height=\"381\" src=\"https:\/\/guentersahler.de\/wp-content\/uploads\/2023\/11\/vogel098.jpg\" alt=\"\" class=\"wp-image-30212\" srcset=\"https:\/\/guentersahler.de\/wp-content\/uploads\/2023\/11\/vogel098.jpg 700w, https:\/\/guentersahler.de\/wp-content\/uploads\/2023\/11\/vogel098-300x163.jpg 300w\" sizes=\"(max-width: 700px) 100vw, 700px\" \/><figcaption class=\"wp-element-caption\">? (Anfang November 2023)<\/figcaption><\/figure>\n\n\n\n<p><\/p>\n\n\n\n<p><\/p>\n\n\n\n<p><\/p>\n\n\n\n<p><\/p>\n\n\n\n<p><\/p>\n\n\n\n<p><\/p>\n\n\n\n<figure class=\"wp-block-image size-large\"><img loading=\"lazy\" decoding=\"async\" width=\"700\" height=\"486\" src=\"https:\/\/guentersahler.de\/wp-content\/uploads\/2023\/11\/vogel097.jpg\" alt=\"\" class=\"wp-image-30211\" srcset=\"https:\/\/guentersahler.de\/wp-content\/uploads\/2023\/11\/vogel097.jpg 700w, https:\/\/guentersahler.de\/wp-content\/uploads\/2023\/11\/vogel097-300x208.jpg 300w\" sizes=\"(max-width: 700px) 100vw, 700px\" \/><figcaption class=\"wp-element-caption\">Amsel (Anfang November 2023)<\/figcaption><\/figure>\n\n\n\n<p><\/p>\n\n\n\n<p><\/p>\n\n\n\n<p><\/p>\n\n\n\n<p><\/p>\n\n\n\n<p><\/p>\n\n\n\n<p><\/p>\n\n\n\n<figure class=\"wp-block-image size-large\"><img loading=\"lazy\" decoding=\"async\" width=\"700\" height=\"340\" src=\"https:\/\/guentersahler.de\/wp-content\/uploads\/2023\/11\/vogel096.jpg\" alt=\"\" class=\"wp-image-30210\" srcset=\"https:\/\/guentersahler.de\/wp-content\/uploads\/2023\/11\/vogel096.jpg 700w, https:\/\/guentersahler.de\/wp-content\/uploads\/2023\/11\/vogel096-300x146.jpg 300w\" sizes=\"(max-width: 700px) 100vw, 700px\" \/><figcaption class=\"wp-element-caption\">Buntspecht (Anfang November 2023)<\/figcaption><\/figure>\n\n\n\n<p><\/p>\n\n\n\n<p><\/p>\n\n\n\n<p><\/p>\n\n\n\n<p><\/p>\n\n\n\n<p><\/p>\n\n\n\n<p><\/p>\n\n\n\n<figure class=\"wp-block-image size-large\"><img loading=\"lazy\" decoding=\"async\" width=\"700\" height=\"356\" src=\"https:\/\/guentersahler.de\/wp-content\/uploads\/2023\/11\/ams003.jpg\" alt=\"\" class=\"wp-image-30293\" srcset=\"https:\/\/guentersahler.de\/wp-content\/uploads\/2023\/11\/ams003.jpg 700w, https:\/\/guentersahler.de\/wp-content\/uploads\/2023\/11\/ams003-300x153.jpg 300w\" sizes=\"(max-width: 700px) 100vw, 700px\" \/><figcaption class=\"wp-element-caption\">Amsel (Anfang November 2023)<\/figcaption><\/figure>\n\n\n\n<p><\/p>\n\n\n\n<p><\/p>\n\n\n\n<p><\/p>\n\n\n\n<p><\/p>\n\n\n\n<p><\/p>\n\n\n\n<p><\/p>\n\n\n\n<figure class=\"wp-block-image size-large\"><img loading=\"lazy\" decoding=\"async\" width=\"700\" height=\"394\" src=\"https:\/\/guentersahler.de\/wp-content\/uploads\/2023\/11\/ams002.jpg\" alt=\"\" class=\"wp-image-30294\" srcset=\"https:\/\/guentersahler.de\/wp-content\/uploads\/2023\/11\/ams002.jpg 700w, https:\/\/guentersahler.de\/wp-content\/uploads\/2023\/11\/ams002-300x169.jpg 300w\" sizes=\"(max-width: 700px) 100vw, 700px\" \/><figcaption class=\"wp-element-caption\">Amsel (Anfang November 2023)<\/figcaption><\/figure>\n\n\n\n<p><\/p>\n\n\n\n<p><\/p>\n\n\n\n<p><\/p>\n\n\n\n<p><\/p>\n\n\n\n<p><\/p>\n\n\n\n<p><\/p>\n\n\n\n<figure class=\"wp-block-image size-large\"><img loading=\"lazy\" decoding=\"async\" width=\"700\" height=\"318\" src=\"https:\/\/guentersahler.de\/wp-content\/uploads\/2023\/11\/ams001.jpg\" alt=\"\" class=\"wp-image-30295\" srcset=\"https:\/\/guentersahler.de\/wp-content\/uploads\/2023\/11\/ams001.jpg 700w, https:\/\/guentersahler.de\/wp-content\/uploads\/2023\/11\/ams001-300x136.jpg 300w\" sizes=\"(max-width: 700px) 100vw, 700px\" \/><figcaption class=\"wp-element-caption\">Amsel (Anfang November 2023)<\/figcaption><\/figure>\n\n\n\n<p><\/p>\n\n\n\n<p><\/p>\n\n\n\n<p><\/p>\n\n\n\n<p><\/p>\n\n\n\n<p><\/p>\n\n\n\n<p><\/p>\n\n\n\n<figure class=\"wp-block-image size-large\"><img loading=\"lazy\" decoding=\"async\" width=\"600\" height=\"335\" src=\"https:\/\/guentersahler.de\/wp-content\/uploads\/2023\/11\/kran001.jpg\" alt=\"\" class=\"wp-image-30428\" srcset=\"https:\/\/guentersahler.de\/wp-content\/uploads\/2023\/11\/kran001.jpg 600w, https:\/\/guentersahler.de\/wp-content\/uploads\/2023\/11\/kran001-300x168.jpg 300w\" sizes=\"(max-width: 600px) 100vw, 600px\" \/><figcaption class=\"wp-element-caption\">Kranische \u00fcber Hartegasse (Mitte November 2023)<\/figcaption><\/figure>\n\n\n\n<p><\/p>\n\n\n\n<p><\/p>\n\n\n\n<p><\/p>\n\n\n\n<p><\/p>\n\n\n\n<p><\/p>\n\n\n\n<p><\/p>\n\n\n\n<figure class=\"wp-block-image size-large\"><img loading=\"lazy\" decoding=\"async\" width=\"400\" height=\"225\" src=\"https:\/\/guentersahler.de\/wp-content\/uploads\/2023\/11\/kran003.jpg\" alt=\"\" class=\"wp-image-30425\" srcset=\"https:\/\/guentersahler.de\/wp-content\/uploads\/2023\/11\/kran003.jpg 400w, https:\/\/guentersahler.de\/wp-content\/uploads\/2023\/11\/kran003-300x169.jpg 300w\" sizes=\"(max-width: 400px) 100vw, 400px\" \/><figcaption class=\"wp-element-caption\">Kranische \u00fcber Hartegasse (Mitte November 2023)<\/figcaption><\/figure>\n\n\n\n<p><\/p>\n\n\n\n<p><\/p>\n\n\n\n<p><\/p>\n\n\n\n<p><\/p>\n\n\n\n<p><\/p>\n\n\n\n<p><\/p>\n\n\n\n<figure class=\"wp-block-image size-large\"><img loading=\"lazy\" decoding=\"async\" width=\"400\" height=\"225\" src=\"https:\/\/guentersahler.de\/wp-content\/uploads\/2023\/11\/kran002.jpg\" alt=\"\" class=\"wp-image-30426\" srcset=\"https:\/\/guentersahler.de\/wp-content\/uploads\/2023\/11\/kran002.jpg 400w, https:\/\/guentersahler.de\/wp-content\/uploads\/2023\/11\/kran002-300x169.jpg 300w\" sizes=\"(max-width: 400px) 100vw, 400px\" \/><figcaption class=\"wp-element-caption\">Kranische \u00fcber Hartegasse (Mitte November 2023)<\/figcaption><\/figure>\n\n\n\n<p><\/p>\n\n\n\n<p><\/p>\n\n\n\n<p><\/p>\n\n\n\n<p><\/p>\n\n\n\n<p><\/p>\n\n\n\n<p><\/p>\n\n\n\n<figure class=\"wp-block-image size-large\"><img loading=\"lazy\" decoding=\"async\" width=\"700\" height=\"448\" src=\"https:\/\/guentersahler.de\/wp-content\/uploads\/2023\/11\/falke001.jpg\" alt=\"\" class=\"wp-image-30418\" srcset=\"https:\/\/guentersahler.de\/wp-content\/uploads\/2023\/11\/falke001.jpg 700w, https:\/\/guentersahler.de\/wp-content\/uploads\/2023\/11\/falke001-300x192.jpg 300w, https:\/\/guentersahler.de\/wp-content\/uploads\/2023\/11\/falke001-80x50.jpg 80w\" sizes=\"(max-width: 700px) 100vw, 700px\" \/><figcaption class=\"wp-element-caption\">Turmfalke bei Oberb\u00fcschem (Mitte November 2023)<\/figcaption><\/figure>\n\n\n\n<p><\/p>\n\n\n\n<p><\/p>\n\n\n\n<p><\/p>\n\n\n\n<p><\/p>\n\n\n\n<p><\/p>\n\n\n\n<p><\/p>\n\n\n\n<figure class=\"wp-block-image size-large\"><img loading=\"lazy\" decoding=\"async\" width=\"500\" height=\"338\" src=\"https:\/\/guentersahler.de\/wp-content\/uploads\/2023\/11\/falke003.jpg\" alt=\"\" class=\"wp-image-30409\" srcset=\"https:\/\/guentersahler.de\/wp-content\/uploads\/2023\/11\/falke003.jpg 500w, https:\/\/guentersahler.de\/wp-content\/uploads\/2023\/11\/falke003-300x203.jpg 300w\" sizes=\"(max-width: 500px) 100vw, 500px\" \/><figcaption class=\"wp-element-caption\">Turmfalke bei Oberb\u00fcschem (Mitte November 2023)<\/figcaption><\/figure>\n\n\n\n<p><\/p>\n\n\n\n<p><\/p>\n\n\n\n<p><\/p>\n\n\n\n<p><\/p>\n\n\n\n<p><\/p>\n\n\n\n<p><\/p>\n\n\n\n<figure class=\"wp-block-image size-large\"><img loading=\"lazy\" decoding=\"async\" width=\"500\" height=\"358\" src=\"https:\/\/guentersahler.de\/wp-content\/uploads\/2023\/11\/falke002.jpg\" alt=\"\" class=\"wp-image-30410\" srcset=\"https:\/\/guentersahler.de\/wp-content\/uploads\/2023\/11\/falke002.jpg 500w, https:\/\/guentersahler.de\/wp-content\/uploads\/2023\/11\/falke002-300x215.jpg 300w\" sizes=\"(max-width: 500px) 100vw, 500px\" \/><figcaption class=\"wp-element-caption\">Turmfalke bei Oberb\u00fcschem (Mitte November 2023)<\/figcaption><\/figure>\n\n\n\n<p><\/p>\n\n\n\n<p><\/p>\n\n\n\n<p><\/p>\n\n\n\n<p><\/p>\n\n\n\n<p><\/p>\n\n\n\n<p><\/p>\n\n\n\n<figure class=\"wp-block-image size-large\"><img loading=\"lazy\" decoding=\"async\" width=\"600\" height=\"364\" src=\"https:\/\/guentersahler.de\/wp-content\/uploads\/2023\/11\/heckenbr001.jpg\" alt=\"\" class=\"wp-image-30537\" srcset=\"https:\/\/guentersahler.de\/wp-content\/uploads\/2023\/11\/heckenbr001.jpg 600w, https:\/\/guentersahler.de\/wp-content\/uploads\/2023\/11\/heckenbr001-300x182.jpg 300w, https:\/\/guentersahler.de\/wp-content\/uploads\/2023\/11\/heckenbr001-80x50.jpg 80w\" sizes=\"(max-width: 600px) 100vw, 600px\" \/><figcaption class=\"wp-element-caption\">Heckenbraunelle in Hartegasse (Ende November 2023)<\/figcaption><\/figure>\n\n\n\n<p><\/p>\n\n\n\n<p><\/p>\n\n\n\n<p><\/p>\n\n\n\n<p><\/p>\n\n\n\n<p><\/p>\n\n\n\n<p><\/p>\n\n\n\n<figure class=\"wp-block-image size-large\"><img decoding=\"async\" src=\"https:\/\/guentersahler.de\/wp-content\/uploads\/2021\/11\/spatz006.jpg\" alt=\"\"\/><figcaption class=\"wp-element-caption\">Heckenbraunelle kann man wegen der F\u00e4rbung leicht mit Spatzen verwechseln, daher zum Vergleich hier ein Spatz &#8211; <em>Haussperling in Hartegasse (Mitte November 2021)<\/em><\/figcaption><\/figure>\n\n\n\n<p><\/p>\n\n\n\n<p><\/p>\n\n\n\n<p><\/p>\n\n\n\n<p><\/p>\n\n\n\n<p><\/p>\n\n\n\n<p><\/p>\n\n\n\n<figure class=\"wp-block-image size-large\"><img loading=\"lazy\" decoding=\"async\" width=\"600\" height=\"392\" src=\"https:\/\/guentersahler.de\/wp-content\/uploads\/2023\/11\/heckenbr002.jpg\" alt=\"\" class=\"wp-image-30538\" srcset=\"https:\/\/guentersahler.de\/wp-content\/uploads\/2023\/11\/heckenbr002.jpg 600w, https:\/\/guentersahler.de\/wp-content\/uploads\/2023\/11\/heckenbr002-300x196.jpg 300w\" sizes=\"(max-width: 600px) 100vw, 600px\" \/><figcaption class=\"wp-element-caption\">Heckenbraunelle in Hartegasse (Ende November 2023)<\/figcaption><\/figure>\n\n\n\n<p><\/p>\n\n\n\n<p><\/p>\n\n\n\n<p><\/p>\n\n\n\n<p><\/p>\n\n\n\n<p><\/p>\n\n\n\n<p><\/p>\n\n\n\n<figure class=\"wp-block-image size-large\"><img loading=\"lazy\" decoding=\"async\" width=\"700\" height=\"371\" src=\"https:\/\/guentersahler.de\/wp-content\/uploads\/2023\/11\/heckenbr003.jpg\" alt=\"\" class=\"wp-image-30539\" srcset=\"https:\/\/guentersahler.de\/wp-content\/uploads\/2023\/11\/heckenbr003.jpg 700w, https:\/\/guentersahler.de\/wp-content\/uploads\/2023\/11\/heckenbr003-300x159.jpg 300w\" sizes=\"(max-width: 700px) 100vw, 700px\" \/><figcaption class=\"wp-element-caption\">Heckenbraunelle in Hartegasse (Ende November 2023)<\/figcaption><\/figure>\n\n\n\n<p><\/p>\n\n\n\n<p><\/p>\n\n\n\n<p><\/p>\n\n\n\n<p><\/p>\n\n\n\n<p><\/p>\n\n\n\n<p><\/p>\n\n\n\n<figure class=\"wp-block-image size-large\"><img loading=\"lazy\" decoding=\"async\" width=\"700\" height=\"368\" src=\"https:\/\/guentersahler.de\/wp-content\/uploads\/2023\/11\/amsel001.jpg\" alt=\"\" class=\"wp-image-30536\" srcset=\"https:\/\/guentersahler.de\/wp-content\/uploads\/2023\/11\/amsel001.jpg 700w, https:\/\/guentersahler.de\/wp-content\/uploads\/2023\/11\/amsel001-300x158.jpg 300w\" sizes=\"(max-width: 700px) 100vw, 700px\" \/><figcaption class=\"wp-element-caption\">Amsel in Hartegasse (Ende November 2023)<\/figcaption><\/figure>\n\n\n\n<p><\/p>\n\n\n\n<p><\/p>\n\n\n\n<p><\/p>\n\n\n\n<p><\/p>\n\n\n\n<p><\/p>\n\n\n\n<p><\/p>\n\n\n\n<figure class=\"wp-block-image size-large\"><img loading=\"lazy\" decoding=\"async\" width=\"700\" height=\"421\" src=\"https:\/\/guentersahler.de\/wp-content\/uploads\/2023\/11\/reiher001.jpg\" alt=\"\" class=\"wp-image-30540\" srcset=\"https:\/\/guentersahler.de\/wp-content\/uploads\/2023\/11\/reiher001.jpg 700w, https:\/\/guentersahler.de\/wp-content\/uploads\/2023\/11\/reiher001-300x180.jpg 300w\" sizes=\"(max-width: 700px) 100vw, 700px\" \/><figcaption class=\"wp-element-caption\">Graureiher am S\u00fcnger Berg. Kurz zuvor hatte dieser Reiher noch \u00c4rger mit zwei Nilg\u00e4nsen (Ende November 2023)<\/figcaption><\/figure>\n\n\n\n<p><\/p>\n\n\n\n<p><\/p>\n\n\n\n<p><\/p>\n\n\n\n<p><\/p>\n\n\n\n<p><\/p>\n\n\n\n<p><\/p>\n\n\n\n<figure class=\"wp-block-image size-large\"><img loading=\"lazy\" decoding=\"async\" width=\"700\" height=\"394\" src=\"https:\/\/guentersahler.de\/wp-content\/uploads\/2023\/11\/reiher002.jpg\" alt=\"\" class=\"wp-image-30541\" srcset=\"https:\/\/guentersahler.de\/wp-content\/uploads\/2023\/11\/reiher002.jpg 700w, https:\/\/guentersahler.de\/wp-content\/uploads\/2023\/11\/reiher002-300x169.jpg 300w\" sizes=\"(max-width: 700px) 100vw, 700px\" \/><figcaption class=\"wp-element-caption\">Graureiher am S\u00fcnger Berg. Kurz zuvor hatte dieser Reiher noch \u00c4rger mit zwei Nilg\u00e4nsen (Ende November 2023)<\/figcaption><\/figure>\n\n\n\n<p><\/p>\n\n\n\n<p><\/p>\n\n\n\n<p><\/p>\n\n\n\n<p><\/p>\n\n\n\n<p><\/p>\n\n\n\n<p><\/p>\n\n\n\n<figure class=\"wp-block-image size-large\"><img loading=\"lazy\" decoding=\"async\" width=\"700\" height=\"465\" src=\"https:\/\/guentersahler.de\/wp-content\/uploads\/2023\/11\/amsel002.jpg\" alt=\"\" class=\"wp-image-30609\" srcset=\"https:\/\/guentersahler.de\/wp-content\/uploads\/2023\/11\/amsel002.jpg 700w, https:\/\/guentersahler.de\/wp-content\/uploads\/2023\/11\/amsel002-300x199.jpg 300w\" sizes=\"(max-width: 700px) 100vw, 700px\" \/><figcaption class=\"wp-element-caption\">Amsel in Hartegasse (Ende November 2023)<\/figcaption><\/figure>\n\n\n\n<p><\/p>\n\n\n\n<p><\/p>\n\n\n\n<p><\/p>\n\n\n\n<p><\/p>\n\n\n\n<p><\/p>\n\n\n\n<p><\/p>\n\n\n\n<figure class=\"wp-block-image size-large\"><img loading=\"lazy\" decoding=\"async\" width=\"600\" height=\"381\" src=\"https:\/\/guentersahler.de\/wp-content\/uploads\/2023\/11\/amsel007.jpg\" alt=\"\" class=\"wp-image-30602\" srcset=\"https:\/\/guentersahler.de\/wp-content\/uploads\/2023\/11\/amsel007.jpg 600w, https:\/\/guentersahler.de\/wp-content\/uploads\/2023\/11\/amsel007-300x191.jpg 300w, https:\/\/guentersahler.de\/wp-content\/uploads\/2023\/11\/amsel007-80x50.jpg 80w\" sizes=\"(max-width: 600px) 100vw, 600px\" \/><figcaption class=\"wp-element-caption\">Amsel in Hartegasse (Ende November 2023)<\/figcaption><\/figure>\n\n\n\n<p><\/p>\n\n\n\n<p><\/p>\n\n\n\n<p><\/p>\n\n\n\n<p><\/p>\n\n\n\n<p><\/p>\n\n\n\n<p><\/p>\n\n\n\n<figure class=\"wp-block-image size-large\"><img loading=\"lazy\" decoding=\"async\" width=\"600\" height=\"399\" src=\"https:\/\/guentersahler.de\/wp-content\/uploads\/2023\/11\/amsel006.jpg\" alt=\"\" class=\"wp-image-30604\" srcset=\"https:\/\/guentersahler.de\/wp-content\/uploads\/2023\/11\/amsel006.jpg 600w, https:\/\/guentersahler.de\/wp-content\/uploads\/2023\/11\/amsel006-300x200.jpg 300w\" sizes=\"(max-width: 600px) 100vw, 600px\" \/><figcaption class=\"wp-element-caption\">Amsel und Ringeltaube in Hartegasse (Ende November 2023)<\/figcaption><\/figure>\n\n\n\n<p><\/p>\n\n\n\n<p><\/p>\n\n\n\n<p><\/p>\n\n\n\n<p><\/p>\n\n\n\n<p><\/p>\n\n\n\n<p><\/p>\n\n\n\n<figure class=\"wp-block-image size-large\"><img loading=\"lazy\" decoding=\"async\" width=\"500\" height=\"281\" src=\"https:\/\/guentersahler.de\/wp-content\/uploads\/2023\/11\/taube001.jpg\" alt=\"\" class=\"wp-image-30603\" srcset=\"https:\/\/guentersahler.de\/wp-content\/uploads\/2023\/11\/taube001.jpg 500w, https:\/\/guentersahler.de\/wp-content\/uploads\/2023\/11\/taube001-300x169.jpg 300w\" sizes=\"(max-width: 500px) 100vw, 500px\" \/><figcaption class=\"wp-element-caption\">Ringeltaube in Hartegasse (Ende November 2023)<\/figcaption><\/figure>\n\n\n\n<p><\/p>\n\n\n\n<p><\/p>\n\n\n\n<p><\/p>\n\n\n\n<p><\/p>\n\n\n\n<p><\/p>\n\n\n\n<p><\/p>\n\n\n\n<figure class=\"wp-block-image size-large\"><img loading=\"lazy\" decoding=\"async\" width=\"700\" height=\"390\" src=\"https:\/\/guentersahler.de\/wp-content\/uploads\/2023\/11\/amsel003.jpg\" alt=\"\" class=\"wp-image-30608\" srcset=\"https:\/\/guentersahler.de\/wp-content\/uploads\/2023\/11\/amsel003.jpg 700w, https:\/\/guentersahler.de\/wp-content\/uploads\/2023\/11\/amsel003-300x167.jpg 300w\" sizes=\"(max-width: 700px) 100vw, 700px\" \/><figcaption class=\"wp-element-caption\">Amsel in Hartegasse (Ende November 2023)<\/figcaption><\/figure>\n\n\n\n<p><\/p>\n\n\n\n<p><\/p>\n\n\n\n<p><\/p>\n\n\n\n<p><\/p>\n\n\n\n<p><\/p>\n\n\n\n<p><\/p>\n\n\n\n<figure class=\"wp-block-image size-large\"><img loading=\"lazy\" decoding=\"async\" width=\"600\" height=\"334\" src=\"https:\/\/guentersahler.de\/wp-content\/uploads\/2023\/11\/amsel005.jpg\" alt=\"\" class=\"wp-image-30606\" srcset=\"https:\/\/guentersahler.de\/wp-content\/uploads\/2023\/11\/amsel005.jpg 600w, https:\/\/guentersahler.de\/wp-content\/uploads\/2023\/11\/amsel005-300x167.jpg 300w\" sizes=\"(max-width: 600px) 100vw, 600px\" \/><figcaption class=\"wp-element-caption\">Amsel in Hartegasse (Ende November 2023)<\/figcaption><\/figure>\n\n\n\n<p><\/p>\n\n\n\n<p><\/p>\n\n\n\n<p><\/p>\n\n\n\n<p><\/p>\n\n\n\n<p><\/p>\n\n\n\n<p><\/p>\n\n\n\n<figure class=\"wp-block-image size-large\"><img loading=\"lazy\" decoding=\"async\" width=\"600\" height=\"338\" src=\"https:\/\/guentersahler.de\/wp-content\/uploads\/2023\/11\/amsel004.jpg\" alt=\"\" class=\"wp-image-30607\" srcset=\"https:\/\/guentersahler.de\/wp-content\/uploads\/2023\/11\/amsel004.jpg 600w, https:\/\/guentersahler.de\/wp-content\/uploads\/2023\/11\/amsel004-300x169.jpg 300w\" sizes=\"(max-width: 600px) 100vw, 600px\" \/><figcaption class=\"wp-element-caption\">Amsel in Hartegasse (Ende November 2023)<\/figcaption><\/figure>\n\n\n\n<p><\/p>\n\n\n\n<p><\/p>\n\n\n\n<p><\/p>\n\n\n\n<p><\/p>\n\n\n\n<p><\/p>\n\n\n\n<p><\/p>\n\n\n\n<figure class=\"wp-block-image size-large\"><img loading=\"lazy\" decoding=\"async\" width=\"700\" height=\"410\" src=\"https:\/\/guentersahler.de\/wp-content\/uploads\/2023\/11\/fink001.jpg\" alt=\"\" class=\"wp-image-30605\" srcset=\"https:\/\/guentersahler.de\/wp-content\/uploads\/2023\/11\/fink001.jpg 700w, https:\/\/guentersahler.de\/wp-content\/uploads\/2023\/11\/fink001-300x176.jpg 300w\" sizes=\"(max-width: 700px) 100vw, 700px\" \/><figcaption class=\"wp-element-caption\">Fink in Hartegasse (Ende November 2023)<\/figcaption><\/figure>\n\n\n\n<p><\/p>\n\n\n\n<p><\/p>\n\n\n\n<p><\/p>\n\n\n\n<p><\/p>\n\n\n\n<p><\/p>\n\n\n\n<p><\/p>\n\n\n\n<figure class=\"wp-block-image size-large\"><img loading=\"lazy\" decoding=\"async\" width=\"700\" height=\"412\" src=\"https:\/\/guentersahler.de\/wp-content\/uploads\/2023\/11\/stare001.jpg\" alt=\"\" class=\"wp-image-30600\" srcset=\"https:\/\/guentersahler.de\/wp-content\/uploads\/2023\/11\/stare001.jpg 700w, https:\/\/guentersahler.de\/wp-content\/uploads\/2023\/11\/stare001-300x177.jpg 300w\" sizes=\"(max-width: 700px) 100vw, 700px\" \/><figcaption class=\"wp-element-caption\">Stare in Hartegasse (Ende November 2023)<\/figcaption><\/figure>\n\n\n\n<p><\/p>\n\n\n\n<p><\/p>\n\n\n\n<p><\/p>\n\n\n\n<p><\/p>\n\n\n\n<p><\/p>\n\n\n\n<p><\/p>\n\n\n\n<figure class=\"wp-block-image size-large\"><img loading=\"lazy\" decoding=\"async\" width=\"600\" height=\"368\" src=\"https:\/\/guentersahler.de\/wp-content\/uploads\/2023\/11\/stare002.jpg\" alt=\"\" class=\"wp-image-30599\" srcset=\"https:\/\/guentersahler.de\/wp-content\/uploads\/2023\/11\/stare002.jpg 600w, https:\/\/guentersahler.de\/wp-content\/uploads\/2023\/11\/stare002-300x184.jpg 300w, https:\/\/guentersahler.de\/wp-content\/uploads\/2023\/11\/stare002-80x50.jpg 80w\" sizes=\"(max-width: 600px) 100vw, 600px\" \/><figcaption class=\"wp-element-caption\">Star in Hartegasse (Ende November 2023)<\/figcaption><\/figure>\n\n\n\n<p><\/p>\n\n\n\n<p><\/p>\n\n\n\n<p><\/p>\n\n\n\n<p><\/p>\n\n\n\n<p><\/p>\n\n\n\n<p><\/p>\n\n\n\n<figure class=\"wp-block-image size-large\"><img loading=\"lazy\" decoding=\"async\" width=\"700\" height=\"309\" src=\"https:\/\/guentersahler.de\/wp-content\/uploads\/2023\/11\/stare004.jpg\" alt=\"\" class=\"wp-image-30597\" srcset=\"https:\/\/guentersahler.de\/wp-content\/uploads\/2023\/11\/stare004.jpg 700w, https:\/\/guentersahler.de\/wp-content\/uploads\/2023\/11\/stare004-300x132.jpg 300w\" sizes=\"(max-width: 700px) 100vw, 700px\" \/><figcaption class=\"wp-element-caption\">Star in Hartegasse (Ende November 2023)<\/figcaption><\/figure>\n\n\n\n<p><\/p>\n\n\n\n<p><\/p>\n\n\n\n<p><\/p>\n\n\n\n<p><\/p>\n\n\n\n<p><\/p>\n\n\n\n<p><\/p>\n\n\n\n<figure class=\"wp-block-image size-large\"><img loading=\"lazy\" decoding=\"async\" width=\"700\" height=\"334\" src=\"https:\/\/guentersahler.de\/wp-content\/uploads\/2023\/11\/stare003.jpg\" alt=\"\" class=\"wp-image-30598\" srcset=\"https:\/\/guentersahler.de\/wp-content\/uploads\/2023\/11\/stare003.jpg 700w, https:\/\/guentersahler.de\/wp-content\/uploads\/2023\/11\/stare003-300x143.jpg 300w\" sizes=\"(max-width: 700px) 100vw, 700px\" \/><figcaption class=\"wp-element-caption\">Stare in Hartegasse (Ende November 2023)<\/figcaption><\/figure>\n\n\n\n<p><\/p>\n\n\n\n<p><\/p>\n\n\n\n<p><\/p>\n\n\n\n<p><\/p>\n\n\n\n<p><\/p>\n\n\n\n<p><\/p>\n\n\n\n<figure class=\"wp-block-image size-large\"><img loading=\"lazy\" decoding=\"async\" width=\"700\" height=\"461\" src=\"https:\/\/guentersahler.de\/wp-content\/uploads\/2023\/11\/stare005.jpg\" alt=\"\" class=\"wp-image-30596\" srcset=\"https:\/\/guentersahler.de\/wp-content\/uploads\/2023\/11\/stare005.jpg 700w, https:\/\/guentersahler.de\/wp-content\/uploads\/2023\/11\/stare005-300x198.jpg 300w\" sizes=\"(max-width: 700px) 100vw, 700px\" \/><figcaption class=\"wp-element-caption\">Star in Hartegasse (Ende November 2023)<\/figcaption><\/figure>\n\n\n\n<p><\/p>\n\n\n\n<p><\/p>\n\n\n\n<p><\/p>\n\n\n\n<p><\/p>\n\n\n\n<p><\/p>\n\n\n\n<p><\/p>\n\n\n\n<figure class=\"wp-block-image size-large\"><img loading=\"lazy\" decoding=\"async\" width=\"700\" height=\"348\" src=\"https:\/\/guentersahler.de\/wp-content\/uploads\/2023\/11\/stare006.jpg\" alt=\"\" class=\"wp-image-30595\" srcset=\"https:\/\/guentersahler.de\/wp-content\/uploads\/2023\/11\/stare006.jpg 700w, https:\/\/guentersahler.de\/wp-content\/uploads\/2023\/11\/stare006-300x149.jpg 300w\" sizes=\"(max-width: 700px) 100vw, 700px\" \/><figcaption class=\"wp-element-caption\">Stare in Hartegasse (Ende November 2023)<\/figcaption><\/figure>\n\n\n\n<p><\/p>\n\n\n\n<p><\/p>\n\n\n\n<p><\/p>\n\n\n\n<p><\/p>\n\n\n\n<p><\/p>\n\n\n\n<p><\/p>\n\n\n\n<figure class=\"wp-block-image size-large\"><img loading=\"lazy\" decoding=\"async\" width=\"700\" height=\"369\" src=\"https:\/\/guentersahler.de\/wp-content\/uploads\/2024\/01\/graureih001.jpg\" alt=\"\" class=\"wp-image-31036\" srcset=\"https:\/\/guentersahler.de\/wp-content\/uploads\/2024\/01\/graureih001.jpg 700w, https:\/\/guentersahler.de\/wp-content\/uploads\/2024\/01\/graureih001-300x158.jpg 300w\" sizes=\"(max-width: 700px) 100vw, 700px\" \/><figcaption class=\"wp-element-caption\">Graureiher am Stelberg bei Bonners\u00fcng (Mitte Januar 2024)<\/figcaption><\/figure>\n\n\n\n<p><\/p>\n\n\n\n<p><\/p>\n\n\n\n<p><\/p>\n\n\n\n<p><\/p>\n\n\n\n<p><\/p>\n\n\n\n<p><\/p>\n\n\n\n<figure class=\"wp-block-image size-large\"><img loading=\"lazy\" decoding=\"async\" width=\"700\" height=\"394\" src=\"https:\/\/guentersahler.de\/wp-content\/uploads\/2024\/01\/sueng007.jpg\" alt=\"\" class=\"wp-image-31043\" srcset=\"https:\/\/guentersahler.de\/wp-content\/uploads\/2024\/01\/sueng007.jpg 700w, https:\/\/guentersahler.de\/wp-content\/uploads\/2024\/01\/sueng007-300x169.jpg 300w\" sizes=\"(max-width: 700px) 100vw, 700px\" \/><figcaption class=\"wp-element-caption\">Buchfinken bei der Winterf\u00fctterung in Hartegasse (Mitte Januar 2024)<\/figcaption><\/figure>\n\n\n\n<p><\/p>\n\n\n\n<p><\/p>\n\n\n\n<p><\/p>\n\n\n\n<p><\/p>\n\n\n\n<p><\/p>\n\n\n\n<p><\/p>\n\n\n\n<figure class=\"wp-block-image size-large\"><img loading=\"lazy\" decoding=\"async\" width=\"700\" height=\"394\" src=\"https:\/\/guentersahler.de\/wp-content\/uploads\/2024\/01\/sueng008.jpg\" alt=\"\" class=\"wp-image-31044\" srcset=\"https:\/\/guentersahler.de\/wp-content\/uploads\/2024\/01\/sueng008.jpg 700w, https:\/\/guentersahler.de\/wp-content\/uploads\/2024\/01\/sueng008-300x169.jpg 300w\" sizes=\"(max-width: 700px) 100vw, 700px\" \/><figcaption class=\"wp-element-caption\">Kernbei\u00dfer bei der Winterf\u00fctterung in Hartegasse. Die erste Sichtung in diesem Winter (Mitte Januar 2024)<\/figcaption><\/figure>\n\n\n\n<p><\/p>\n\n\n\n<p><\/p>\n\n\n\n<p><\/p>\n\n\n\n<p><\/p>\n\n\n\n<p><\/p>\n\n\n\n<p><\/p>\n\n\n\n<figure class=\"wp-block-image size-large\"><img loading=\"lazy\" decoding=\"async\" width=\"700\" height=\"358\" src=\"https:\/\/guentersahler.de\/wp-content\/uploads\/2024\/02\/falke001.jpg\" alt=\"\" class=\"wp-image-31154\" srcset=\"https:\/\/guentersahler.de\/wp-content\/uploads\/2024\/02\/falke001.jpg 700w, https:\/\/guentersahler.de\/wp-content\/uploads\/2024\/02\/falke001-300x153.jpg 300w\" sizes=\"(max-width: 700px) 100vw, 700px\" \/><figcaption class=\"wp-element-caption\">Turmfalke bei Oberb\u00fcschem (Ende Januar 2024)<\/figcaption><\/figure>\n\n\n\n<p><\/p>\n\n\n\n<p><\/p>\n\n\n\n<p><\/p>\n\n\n\n<p><\/p>\n\n\n\n<p><\/p>\n\n\n\n<p><\/p>\n\n\n\n<figure class=\"wp-block-image size-large\"><img loading=\"lazy\" decoding=\"async\" width=\"500\" height=\"179\" src=\"https:\/\/guentersahler.de\/wp-content\/uploads\/2024\/04\/Elster001.jpg\" alt=\"\" class=\"wp-image-31503\" srcset=\"https:\/\/guentersahler.de\/wp-content\/uploads\/2024\/04\/Elster001.jpg 500w, https:\/\/guentersahler.de\/wp-content\/uploads\/2024\/04\/Elster001-300x107.jpg 300w\" sizes=\"(max-width: 500px) 100vw, 500px\" \/><figcaption class=\"wp-element-caption\">Elster bei Oberb\u00fcschen (Anfang April 2024)<\/figcaption><\/figure>\n\n\n\n<p><\/p>\n\n\n\n<p><\/p>\n\n\n\n<p><\/p>\n\n\n\n<p><\/p>\n\n\n\n<p><\/p>\n\n\n\n<p><\/p>\n\n\n\n<p><\/p>\n\n\n\n<p><\/p>\n\n\n\n<p><\/p>\n\n\n\n<p><\/p>\n\n\n\n<figure class=\"wp-block-image size-large\"><img loading=\"lazy\" decoding=\"async\" width=\"700\" height=\"427\" src=\"https:\/\/guentersahler.de\/wp-content\/uploads\/2024\/05\/dbird001.jpg\" alt=\"\" class=\"wp-image-31768\" srcset=\"https:\/\/guentersahler.de\/wp-content\/uploads\/2024\/05\/dbird001.jpg 700w, https:\/\/guentersahler.de\/wp-content\/uploads\/2024\/05\/dbird001-300x183.jpg 300w, https:\/\/guentersahler.de\/wp-content\/uploads\/2024\/05\/dbird001-80x50.jpg 80w\" sizes=\"(max-width: 700px) 100vw, 700px\" \/><figcaption class=\"wp-element-caption\">Toter Star. Aus dem Nest gefallen (Ende April 2024)<\/figcaption><\/figure>\n\n\n\n<p><\/p>\n\n\n\n<p><\/p>\n\n\n\n<p><\/p>\n\n\n\n<p><\/p>\n\n\n\n<p><\/p>\n\n\n\n<p><\/p>\n\n\n\n<figure class=\"wp-block-image size-large\"><img loading=\"lazy\" decoding=\"async\" width=\"700\" height=\"394\" src=\"https:\/\/guentersahler.de\/wp-content\/uploads\/2024\/05\/dbird009b-2.jpg\" alt=\"\" class=\"wp-image-31800\" srcset=\"https:\/\/guentersahler.de\/wp-content\/uploads\/2024\/05\/dbird009b-2.jpg 700w, https:\/\/guentersahler.de\/wp-content\/uploads\/2024\/05\/dbird009b-2-300x169.jpg 300w\" sizes=\"(max-width: 700px) 100vw, 700px\" \/><figcaption class=\"wp-element-caption\">Toter Raubvogel am Stelberg (Anfang Mai 2024)<\/figcaption><\/figure>\n\n\n\n<p><\/p>\n\n\n\n<p><\/p>\n\n\n\n<p><\/p>\n\n\n\n<p><\/p>\n\n\n\n<p><\/p>\n\n\n\n<p><\/p>\n\n\n\n<figure class=\"wp-block-image size-large\"><img loading=\"lazy\" decoding=\"async\" width=\"700\" height=\"394\" src=\"https:\/\/guentersahler.de\/wp-content\/uploads\/2024\/05\/dbird007b-1.jpg\" alt=\"\" class=\"wp-image-31798\" srcset=\"https:\/\/guentersahler.de\/wp-content\/uploads\/2024\/05\/dbird007b-1.jpg 700w, https:\/\/guentersahler.de\/wp-content\/uploads\/2024\/05\/dbird007b-1-300x169.jpg 300w\" sizes=\"(max-width: 700px) 100vw, 700px\" \/><figcaption class=\"wp-element-caption\">Toter Raubvogel am Stelberg (Anfang Mai 2024)<\/figcaption><\/figure>\n\n\n\n<p><\/p>\n\n\n\n<p><\/p>\n\n\n\n<p><\/p>\n\n\n\n<p><\/p>\n\n\n\n<p><\/p>\n\n\n\n<p><\/p>\n\n\n\n<figure class=\"wp-block-image size-large\"><img loading=\"lazy\" decoding=\"async\" width=\"700\" height=\"394\" src=\"https:\/\/guentersahler.de\/wp-content\/uploads\/2024\/05\/dbird008b.jpg\" alt=\"\" class=\"wp-image-31791\" srcset=\"https:\/\/guentersahler.de\/wp-content\/uploads\/2024\/05\/dbird008b.jpg 700w, https:\/\/guentersahler.de\/wp-content\/uploads\/2024\/05\/dbird008b-300x169.jpg 300w\" sizes=\"(max-width: 700px) 100vw, 700px\" \/><figcaption class=\"wp-element-caption\">Toter Raubvogel am Stelberg (Anfang Mai 2024)<\/figcaption><\/figure>\n\n\n\n<p><\/p>\n\n\n\n<p><\/p>\n\n\n\n<p><\/p>\n\n\n\n<p><\/p>\n\n\n\n<p><\/p>\n\n\n\n<p><\/p>\n\n\n\n<figure class=\"wp-block-image size-large\"><img loading=\"lazy\" decoding=\"async\" width=\"700\" height=\"394\" src=\"https:\/\/guentersahler.de\/wp-content\/uploads\/2024\/05\/dbird006b.jpg\" alt=\"\" class=\"wp-image-31789\" srcset=\"https:\/\/guentersahler.de\/wp-content\/uploads\/2024\/05\/dbird006b.jpg 700w, https:\/\/guentersahler.de\/wp-content\/uploads\/2024\/05\/dbird006b-300x169.jpg 300w\" sizes=\"(max-width: 700px) 100vw, 700px\" \/><figcaption class=\"wp-element-caption\">Toter Raubvogel am Stelberg (Anfang Mai 2024)<\/figcaption><\/figure>\n\n\n\n<p><\/p>\n\n\n\n<p><\/p>\n\n\n\n<p><\/p>\n\n\n\n<p><\/p>\n\n\n\n<p><\/p>\n\n\n\n<p><\/p>\n\n\n\n<figure class=\"wp-block-image size-large\"><img loading=\"lazy\" decoding=\"async\" width=\"700\" height=\"447\" src=\"https:\/\/guentersahler.de\/wp-content\/uploads\/2024\/05\/dbird005.jpg\" alt=\"\" class=\"wp-image-31772\" srcset=\"https:\/\/guentersahler.de\/wp-content\/uploads\/2024\/05\/dbird005.jpg 700w, https:\/\/guentersahler.de\/wp-content\/uploads\/2024\/05\/dbird005-300x192.jpg 300w, https:\/\/guentersahler.de\/wp-content\/uploads\/2024\/05\/dbird005-80x50.jpg 80w\" sizes=\"(max-width: 700px) 100vw, 700px\" \/><figcaption class=\"wp-element-caption\">Toter Raubvogel am Stelberg (Anfang Mai 2024)<\/figcaption><\/figure>\n\n\n\n<p><\/p>\n\n\n\n<p><\/p>\n\n\n\n<p><\/p>\n\n\n\n<p><\/p>\n\n\n\n<p><\/p>\n\n\n\n<p><\/p>\n\n\n\n<figure class=\"wp-block-image size-large\"><img loading=\"lazy\" decoding=\"async\" width=\"700\" height=\"449\" src=\"https:\/\/guentersahler.de\/wp-content\/uploads\/2024\/05\/dbird004.jpg\" alt=\"\" class=\"wp-image-31771\" srcset=\"https:\/\/guentersahler.de\/wp-content\/uploads\/2024\/05\/dbird004.jpg 700w, https:\/\/guentersahler.de\/wp-content\/uploads\/2024\/05\/dbird004-300x192.jpg 300w, https:\/\/guentersahler.de\/wp-content\/uploads\/2024\/05\/dbird004-80x50.jpg 80w\" sizes=\"(max-width: 700px) 100vw, 700px\" \/><figcaption class=\"wp-element-caption\">Toter Raubvogel am Stelberg (Anfang Mai 2024)<\/figcaption><\/figure>\n\n\n\n<p><\/p>\n\n\n\n<p><\/p>\n\n\n\n<p><\/p>\n\n\n\n<p><\/p>\n\n\n\n<p><\/p>\n\n\n\n<p><\/p>\n\n\n\n<figure class=\"wp-block-image size-large\"><img loading=\"lazy\" decoding=\"async\" width=\"700\" height=\"422\" src=\"https:\/\/guentersahler.de\/wp-content\/uploads\/2024\/05\/greif001.jpg\" alt=\"\" class=\"wp-image-31825\" srcset=\"https:\/\/guentersahler.de\/wp-content\/uploads\/2024\/05\/greif001.jpg 700w, https:\/\/guentersahler.de\/wp-content\/uploads\/2024\/05\/greif001-300x181.jpg 300w\" sizes=\"(max-width: 700px) 100vw, 700px\" \/><figcaption class=\"wp-element-caption\">Derselbe tote Raubvogel am Stelberg eine Woche sp\u00e4ter nach starkem Regen (Anfang Mai 2024)<\/figcaption><\/figure>\n\n\n\n<p><\/p>\n\n\n\n<p><\/p>\n\n\n\n<p><\/p>\n\n\n\n<p><\/p>\n\n\n\n<p><\/p>\n\n\n\n<p><\/p>\n\n\n\n<figure class=\"wp-block-image size-large\"><img loading=\"lazy\" decoding=\"async\" width=\"600\" height=\"310\" src=\"https:\/\/guentersahler.de\/wp-content\/uploads\/2024\/05\/klstar.jpg\" alt=\"\" class=\"wp-image-31839\" srcset=\"https:\/\/guentersahler.de\/wp-content\/uploads\/2024\/05\/klstar.jpg 600w, https:\/\/guentersahler.de\/wp-content\/uploads\/2024\/05\/klstar-300x155.jpg 300w\" sizes=\"(max-width: 600px) 100vw, 600px\" \/><figcaption class=\"wp-element-caption\">Junger Star in Hartegasse (Anfang Mai 2024)<\/figcaption><\/figure>\n\n\n\n<p><\/p>\n\n\n\n<p><\/p>\n\n\n\n<p><\/p>\n\n\n\n<p><\/p>\n\n\n\n<p><\/p>\n\n\n\n<p><\/p>\n\n\n\n<figure class=\"wp-block-image size-large\"><img loading=\"lazy\" decoding=\"async\" width=\"700\" height=\"406\" src=\"https:\/\/guentersahler.de\/wp-content\/uploads\/2024\/05\/klstar002.jpg\" alt=\"\" class=\"wp-image-31840\" srcset=\"https:\/\/guentersahler.de\/wp-content\/uploads\/2024\/05\/klstar002.jpg 700w, https:\/\/guentersahler.de\/wp-content\/uploads\/2024\/05\/klstar002-300x174.jpg 300w\" sizes=\"(max-width: 700px) 100vw, 700px\" \/><figcaption class=\"wp-element-caption\">Junger Star in Hartegasse (Anfang Mai 2024)<\/figcaption><\/figure>\n\n\n\n<p><\/p>\n\n\n\n<p><\/p>\n\n\n\n<p><\/p>\n\n\n\n<p><\/p>\n\n\n\n<p><\/p>\n\n\n\n<p><\/p>\n\n\n\n<figure class=\"wp-block-image size-large\"><img decoding=\"async\" src=\"https:\/\/guentersahler.de\/wp-content\/uploads\/2023\/05\/star006.jpg\" alt=\"\"\/><figcaption class=\"wp-element-caption\">Starf\u00fctterung im Vorjahr (Mitte Mai 2023). 2024 wurde etwas fr\u00fcher mit der Brut begonnen. Sp\u00e4ter im Juni\/Juli gab es sogar noch eine zweite Brut.<\/figcaption><\/figure>\n\n\n\n<p><\/p>\n\n\n\n<p><\/p>\n\n\n\n<p><\/p>\n\n\n\n<p><\/p>\n\n\n\n<p><\/p>\n\n\n\n<p><\/p>\n\n\n\n<figure class=\"wp-block-image size-large\"><img loading=\"lazy\" decoding=\"async\" width=\"700\" height=\"283\" src=\"https:\/\/guentersahler.de\/wp-content\/uploads\/2024\/05\/reiher001.jpg\" alt=\"\" class=\"wp-image-31841\" srcset=\"https:\/\/guentersahler.de\/wp-content\/uploads\/2024\/05\/reiher001.jpg 700w, https:\/\/guentersahler.de\/wp-content\/uploads\/2024\/05\/reiher001-300x121.jpg 300w\" sizes=\"(max-width: 700px) 100vw, 700px\" \/><figcaption class=\"wp-element-caption\">Graureiher bei Unterb\u00fcschem (Anfang Mai 2024)<\/figcaption><\/figure>\n\n\n\n<p><\/p>\n\n\n\n<p><\/p>\n\n\n\n<p><\/p>\n\n\n\n<p><\/p>\n\n\n\n<p><\/p>\n\n\n\n<p><\/p>\n\n\n\n<figure class=\"wp-block-image size-large\"><img loading=\"lazy\" decoding=\"async\" width=\"600\" height=\"420\" src=\"https:\/\/guentersahler.de\/wp-content\/uploads\/2024\/05\/star001.jpg\" alt=\"\" class=\"wp-image-31941\" srcset=\"https:\/\/guentersahler.de\/wp-content\/uploads\/2024\/05\/star001.jpg 600w, https:\/\/guentersahler.de\/wp-content\/uploads\/2024\/05\/star001-300x210.jpg 300w\" sizes=\"(max-width: 600px) 100vw, 600px\" \/><figcaption class=\"wp-element-caption\">Junger Star in Hartegasse einen Tag vorm Ausflug (Mitte Mai 2024)<\/figcaption><\/figure>\n\n\n\n<p><\/p>\n\n\n\n<p><\/p>\n\n\n\n<p><\/p>\n\n\n\n<p><\/p>\n\n\n\n<p><\/p>\n\n\n\n<p><\/p>\n\n\n\n<figure class=\"wp-block-image size-large\"><img loading=\"lazy\" decoding=\"async\" width=\"700\" height=\"396\" src=\"https:\/\/guentersahler.de\/wp-content\/uploads\/2024\/06\/milan001.jpg\" alt=\"\" class=\"wp-image-32444\" srcset=\"https:\/\/guentersahler.de\/wp-content\/uploads\/2024\/06\/milan001.jpg 700w, https:\/\/guentersahler.de\/wp-content\/uploads\/2024\/06\/milan001-300x170.jpg 300w\" sizes=\"(max-width: 700px) 100vw, 700px\" \/><figcaption class=\"wp-element-caption\">Ein Milan kreist \u00fcber einem Acker oberhalb von Hartegasse bei H\u00f6nighausen (Mitte Juni 2024)<\/figcaption><\/figure>\n\n\n\n<p><\/p>\n\n\n\n<p><\/p>\n\n\n\n<p><\/p>\n\n\n\n<p><\/p>\n\n\n\n<p><\/p>\n\n\n\n<p><\/p>\n\n\n\n<figure class=\"wp-block-image size-full\"><img loading=\"lazy\" decoding=\"async\" width=\"700\" height=\"363\" src=\"https:\/\/guentersahler.de\/wp-content\/uploads\/2024\/07\/amsel001.jpg\" alt=\"\" class=\"wp-image-32865\" srcset=\"https:\/\/guentersahler.de\/wp-content\/uploads\/2024\/07\/amsel001.jpg 700w, https:\/\/guentersahler.de\/wp-content\/uploads\/2024\/07\/amsel001-300x156.jpg 300w\" sizes=\"(max-width: 700px) 100vw, 700px\" \/><figcaption class=\"wp-element-caption\">Amsel mit Regenwurm in Hartegasse (Mitte Juli 2024)<\/figcaption><\/figure>\n\n\n\n<p><\/p>\n\n\n\n<p><\/p>\n\n\n\n<p><\/p>\n\n\n\n<p><\/p>\n\n\n\n<p><\/p>\n\n\n\n<p><\/p>\n\n\n\n<figure class=\"wp-block-image size-full\"><img loading=\"lazy\" decoding=\"async\" width=\"700\" height=\"377\" src=\"https:\/\/guentersahler.de\/wp-content\/uploads\/2025\/05\/meise002.jpg\" alt=\"\" class=\"wp-image-34016\" srcset=\"https:\/\/guentersahler.de\/wp-content\/uploads\/2025\/05\/meise002.jpg 700w, https:\/\/guentersahler.de\/wp-content\/uploads\/2025\/05\/meise002-300x162.jpg 300w\" sizes=\"(max-width: 700px) 100vw, 700px\" \/><figcaption class=\"wp-element-caption\">Sumpfmeise in Hartegasse (Anfang Mai 2025)<\/figcaption><\/figure>\n\n\n\n<p><\/p>\n\n\n\n<p><\/p>\n\n\n\n<p><\/p>\n\n\n\n<p><\/p>\n\n\n\n<p><\/p>\n\n\n\n<p><\/p>\n\n\n\n<figure class=\"wp-block-image size-full\"><img loading=\"lazy\" decoding=\"async\" width=\"700\" height=\"421\" src=\"https:\/\/guentersahler.de\/wp-content\/uploads\/2025\/05\/meise001.jpg\" alt=\"\" class=\"wp-image-34015\" srcset=\"https:\/\/guentersahler.de\/wp-content\/uploads\/2025\/05\/meise001.jpg 700w, https:\/\/guentersahler.de\/wp-content\/uploads\/2025\/05\/meise001-300x180.jpg 300w\" sizes=\"(max-width: 700px) 100vw, 700px\" \/><figcaption class=\"wp-element-caption\">Sumpfmeise in Hartegasse (Anfang Mai 2025)<\/figcaption><\/figure>\n\n\n\n<p><\/p>\n\n\n\n<p><\/p>\n\n\n\n<p><\/p>\n\n\n\n<p><\/p>\n\n\n\n<p><\/p>\n\n\n\n<p><\/p>\n\n\n\n<figure class=\"wp-block-image size-full\"><img loading=\"lazy\" decoding=\"async\" width=\"700\" height=\"396\" src=\"https:\/\/guentersahler.de\/wp-content\/uploads\/2025\/08\/eichelh002.jpg\" alt=\"\" class=\"wp-image-35389\" srcset=\"https:\/\/guentersahler.de\/wp-content\/uploads\/2025\/08\/eichelh002.jpg 700w, https:\/\/guentersahler.de\/wp-content\/uploads\/2025\/08\/eichelh002-300x170.jpg 300w\" sizes=\"(max-width: 700px) 100vw, 700px\" \/><figcaption class=\"wp-element-caption\">Eichelh\u00e4her bei Bonners\u00fcng (Ende Juli 2025).<\/figcaption><\/figure>\n\n\n\n<p><\/p>\n\n\n\n<p><\/p>\n\n\n\n<p><\/p>\n\n\n\n<p><\/p>\n\n\n\n<p><\/p>\n\n\n\n<p><\/p>\n\n\n\n<figure class=\"wp-block-image size-full\"><img loading=\"lazy\" decoding=\"async\" width=\"700\" height=\"404\" src=\"https:\/\/guentersahler.de\/wp-content\/uploads\/2025\/08\/eichelh001.jpg\" alt=\"\" class=\"wp-image-35388\" srcset=\"https:\/\/guentersahler.de\/wp-content\/uploads\/2025\/08\/eichelh001.jpg 700w, https:\/\/guentersahler.de\/wp-content\/uploads\/2025\/08\/eichelh001-300x173.jpg 300w\" sizes=\"(max-width: 700px) 100vw, 700px\" \/><figcaption class=\"wp-element-caption\">Eichelh\u00e4her bei Bonners\u00fcng (Ende Juli 2025).<\/figcaption><\/figure>\n\n\n\n<p><\/p>\n\n\n\n<p><\/p>\n\n\n\n<p><\/p>\n\n\n\n<p><\/p>\n\n\n\n<p><\/p>\n\n\n\n<p><\/p>\n\n\n\n<figure class=\"wp-block-image size-full\"><img loading=\"lazy\" decoding=\"async\" width=\"700\" height=\"394\" src=\"https:\/\/guentersahler.de\/wp-content\/uploads\/2025\/10\/HeRu4-012.jpg\" alt=\"\" class=\"wp-image-36316\" srcset=\"https:\/\/guentersahler.de\/wp-content\/uploads\/2025\/10\/HeRu4-012.jpg 700w, https:\/\/guentersahler.de\/wp-content\/uploads\/2025\/10\/HeRu4-012-300x169.jpg 300w\" sizes=\"(max-width: 700px) 100vw, 700px\" \/><figcaption class=\"wp-element-caption\">Toten Kleiber am Stelberg (Anfang Oktober 2025)<\/figcaption><\/figure>\n\n\n\n<p><\/p>\n\n\n\n<p><\/p>\n\n\n\n<p><\/p>\n\n\n\n<p><\/p>\n\n\n\n<p><\/p>\n\n\n\n<p><\/p>\n\n\n\n<figure class=\"wp-block-image size-full\"><img loading=\"lazy\" decoding=\"async\" width=\"700\" height=\"419\" src=\"https:\/\/guentersahler.de\/wp-content\/uploads\/2025\/10\/HeRu4-010.jpg\" alt=\"\" class=\"wp-image-36314\" srcset=\"https:\/\/guentersahler.de\/wp-content\/uploads\/2025\/10\/HeRu4-010.jpg 700w, https:\/\/guentersahler.de\/wp-content\/uploads\/2025\/10\/HeRu4-010-300x180.jpg 300w\" sizes=\"(max-width: 700px) 100vw, 700px\" \/><figcaption class=\"wp-element-caption\">Toten Kleiber am Stelberg (Anfang Oktober 2025)<\/figcaption><\/figure>\n\n\n\n<p><\/p>\n\n\n\n<p><\/p>\n\n\n\n<p><\/p>\n\n\n\n<p><\/p>\n\n\n\n<p><\/p>\n\n\n\n<p><\/p>\n\n\n\n<figure class=\"wp-block-image size-full\"><img loading=\"lazy\" decoding=\"async\" width=\"700\" height=\"438\" src=\"https:\/\/guentersahler.de\/wp-content\/uploads\/2025\/10\/HeRu4-011.jpg\" alt=\"\" class=\"wp-image-36315\" srcset=\"https:\/\/guentersahler.de\/wp-content\/uploads\/2025\/10\/HeRu4-011.jpg 700w, https:\/\/guentersahler.de\/wp-content\/uploads\/2025\/10\/HeRu4-011-300x188.jpg 300w, https:\/\/guentersahler.de\/wp-content\/uploads\/2025\/10\/HeRu4-011-80x50.jpg 80w\" sizes=\"(max-width: 700px) 100vw, 700px\" \/><figcaption class=\"wp-element-caption\">Toten Kleiber am Stelberg (Anfang Oktober 2025)<\/figcaption><\/figure>\n\n\n\n<p><\/p>\n\n\n\n<p><\/p>\n\n\n\n<p><\/p>\n\n\n\n<p><\/p>\n\n\n\n<p><\/p>\n\n\n\n<p><\/p>\n\n\n\n<figure class=\"wp-block-image size-full\"><img loading=\"lazy\" decoding=\"async\" width=\"700\" height=\"438\" src=\"https:\/\/guentersahler.de\/wp-content\/uploads\/2025\/10\/HeRu4-009.jpg\" alt=\"\" class=\"wp-image-36313\" srcset=\"https:\/\/guentersahler.de\/wp-content\/uploads\/2025\/10\/HeRu4-009.jpg 700w, https:\/\/guentersahler.de\/wp-content\/uploads\/2025\/10\/HeRu4-009-300x188.jpg 300w, https:\/\/guentersahler.de\/wp-content\/uploads\/2025\/10\/HeRu4-009-80x50.jpg 80w\" sizes=\"(max-width: 700px) 100vw, 700px\" \/><figcaption class=\"wp-element-caption\">Toten Kleiber mit Lineal am Stelberg (Anfang Oktober 2025)<\/figcaption><\/figure>\n\n\n\n<p><\/p>\n\n\n\n<p><\/p>\n\n\n\n<p><\/p>\n\n\n\n<p><\/p>\n\n\n\n<figure class=\"wp-block-image size-full\"><img loading=\"lazy\" decoding=\"async\" width=\"327\" height=\"200\" src=\"https:\/\/guentersahler.de\/wp-content\/uploads\/2025\/12\/wghae001.jpg\" alt=\"\" class=\"wp-image-36965\" srcset=\"https:\/\/guentersahler.de\/wp-content\/uploads\/2025\/12\/wghae001.jpg 327w, https:\/\/guentersahler.de\/wp-content\/uploads\/2025\/12\/wghae001-300x183.jpg 300w, https:\/\/guentersahler.de\/wp-content\/uploads\/2025\/12\/wghae001-80x50.jpg 80w\" sizes=\"(max-width: 327px) 100vw, 327px\" \/><figcaption class=\"wp-element-caption\">Wintergoldh\u00e4hnchen am S\u00fcnger Berg (Ende Dezember 2025).<\/figcaption><\/figure>\n\n\n\n<p><\/p>\n\n\n\n<p><\/p>\n\n\n\n<figure class=\"wp-block-image size-full\"><img loading=\"lazy\" decoding=\"async\" width=\"327\" height=\"207\" src=\"https:\/\/guentersahler.de\/wp-content\/uploads\/2025\/12\/wghae002.jpg\" alt=\"\" class=\"wp-image-36966\" srcset=\"https:\/\/guentersahler.de\/wp-content\/uploads\/2025\/12\/wghae002.jpg 327w, https:\/\/guentersahler.de\/wp-content\/uploads\/2025\/12\/wghae002-300x190.jpg 300w, https:\/\/guentersahler.de\/wp-content\/uploads\/2025\/12\/wghae002-80x50.jpg 80w\" sizes=\"(max-width: 327px) 100vw, 327px\" \/><figcaption class=\"wp-element-caption\"><em>Wintergoldh\u00e4hnchen <\/em>am S\u00fcnger Berg (Ende Dezember 2025).<\/figcaption><\/figure>\n\n\n\n<p><\/p>\n\n\n\n<p><\/p>\n\n\n\n<figure class=\"wp-block-image size-full\"><img loading=\"lazy\" decoding=\"async\" width=\"700\" height=\"389\" src=\"https:\/\/guentersahler.de\/wp-content\/uploads\/2025\/12\/wghae004.jpg\" alt=\"\" class=\"wp-image-36968\" srcset=\"https:\/\/guentersahler.de\/wp-content\/uploads\/2025\/12\/wghae004.jpg 700w, https:\/\/guentersahler.de\/wp-content\/uploads\/2025\/12\/wghae004-300x167.jpg 300w\" sizes=\"(max-width: 700px) 100vw, 700px\" \/><figcaption class=\"wp-element-caption\"><em>Wintergoldh\u00e4hnchen am<\/em> <em>B\u00fcschemer&nbsp;Bach<\/em> (Ende Dezember 2025).<\/figcaption><\/figure>\n\n\n\n<p><\/p>\n\n\n\n<p><\/p>\n\n\n\n<figure class=\"wp-block-image size-full\"><img loading=\"lazy\" decoding=\"async\" width=\"700\" height=\"353\" src=\"https:\/\/guentersahler.de\/wp-content\/uploads\/2025\/12\/wghae003.jpg\" alt=\"\" class=\"wp-image-36967\" srcset=\"https:\/\/guentersahler.de\/wp-content\/uploads\/2025\/12\/wghae003.jpg 700w, https:\/\/guentersahler.de\/wp-content\/uploads\/2025\/12\/wghae003-300x151.jpg 300w\" sizes=\"(max-width: 700px) 100vw, 700px\" \/><figcaption class=\"wp-element-caption\"><em>Wintergoldh\u00e4hnchen am B\u00fcschemer&nbsp;Bach (Ende Dezember 2025).<\/em><\/figcaption><\/figure>\n\n\n\n<p><br>\n<\/p>\n\n\n\n<p>Anfang Januar 2026: Der Schnee lockt die verschiedensten V\u00f6gel zum Futterhaus im Garten. Neben den \u00fcblichen Blau- und Kohlmeisen sowie Amseln, tummeln sich nun Gimpel, Buch- und Gr\u00fcnfinken, Ringel- und T\u00fcrkentauben im Garten. Vereinzelt kommen Rotkelchen und Heckenbraunelle. Nun hab ich kurz ein Wintergoldh\u00e4hnchen gesehen und ein Zaumk\u00f6nig schaute kurz vorbei. \u00dcber l\u00e4ngere Zeit sah ich nun eine Tannenmeise, die ich kurz f\u00fcr eine Kohlmeise hielt, und eine Haubenmeise.<\/p>\n\n\n\n<figure class=\"wp-block-image size-full\"><img loading=\"lazy\" decoding=\"async\" width=\"356\" height=\"243\" src=\"https:\/\/guentersahler.de\/wp-content\/uploads\/2026\/01\/Tannenmeise001.jpg\" alt=\"\" class=\"wp-image-37043\" srcset=\"https:\/\/guentersahler.de\/wp-content\/uploads\/2026\/01\/Tannenmeise001.jpg 356w, https:\/\/guentersahler.de\/wp-content\/uploads\/2026\/01\/Tannenmeise001-300x205.jpg 300w\" sizes=\"(max-width: 356px) 100vw, 356px\" \/><figcaption class=\"wp-element-caption\">Tannenmeise in Hartegasse (Anfang Januar 2026).<\/figcaption><\/figure>\n\n\n\n<figure class=\"wp-block-image size-full\"><img loading=\"lazy\" decoding=\"async\" width=\"382\" height=\"264\" src=\"https:\/\/guentersahler.de\/wp-content\/uploads\/2026\/01\/Tannenmeise004.jpg\" alt=\"\" class=\"wp-image-37046\" srcset=\"https:\/\/guentersahler.de\/wp-content\/uploads\/2026\/01\/Tannenmeise004.jpg 382w, https:\/\/guentersahler.de\/wp-content\/uploads\/2026\/01\/Tannenmeise004-300x207.jpg 300w\" sizes=\"(max-width: 382px) 100vw, 382px\" \/><figcaption class=\"wp-element-caption\">Tannenmeise in Hartegasse (Anfang Januar 2026).<\/figcaption><\/figure>\n\n\n\n<figure class=\"wp-block-image size-full\"><img loading=\"lazy\" decoding=\"async\" width=\"422\" height=\"240\" src=\"https:\/\/guentersahler.de\/wp-content\/uploads\/2026\/01\/Tannenmeise003.jpg\" alt=\"\" class=\"wp-image-37045\" srcset=\"https:\/\/guentersahler.de\/wp-content\/uploads\/2026\/01\/Tannenmeise003.jpg 422w, https:\/\/guentersahler.de\/wp-content\/uploads\/2026\/01\/Tannenmeise003-300x171.jpg 300w\" sizes=\"(max-width: 422px) 100vw, 422px\" \/><figcaption class=\"wp-element-caption\">Tannenmeise in Hartegasse (Anfang Januar 2026).<\/figcaption><\/figure>\n\n\n\n<figure class=\"wp-block-image size-full\"><img loading=\"lazy\" decoding=\"async\" width=\"418\" height=\"245\" src=\"https:\/\/guentersahler.de\/wp-content\/uploads\/2026\/01\/Tannenmeise002.jpg\" alt=\"\" class=\"wp-image-37044\" srcset=\"https:\/\/guentersahler.de\/wp-content\/uploads\/2026\/01\/Tannenmeise002.jpg 418w, https:\/\/guentersahler.de\/wp-content\/uploads\/2026\/01\/Tannenmeise002-300x176.jpg 300w\" sizes=\"(max-width: 418px) 100vw, 418px\" \/><figcaption class=\"wp-element-caption\">Tannenmeise in Hartegasse (Anfang Januar 2026).<\/figcaption><\/figure>\n\n\n\n<figure class=\"wp-block-image size-full\"><img loading=\"lazy\" decoding=\"async\" width=\"629\" height=\"369\" src=\"https:\/\/guentersahler.de\/wp-content\/uploads\/2026\/01\/Haubenmeise002.jpg\" alt=\"\" class=\"wp-image-37039\" srcset=\"https:\/\/guentersahler.de\/wp-content\/uploads\/2026\/01\/Haubenmeise002.jpg 629w, https:\/\/guentersahler.de\/wp-content\/uploads\/2026\/01\/Haubenmeise002-300x176.jpg 300w\" sizes=\"(max-width: 629px) 100vw, 629px\" \/><figcaption class=\"wp-element-caption\">Haubenmeise in Hartegasse (Anfang Januar 2026).<\/figcaption><\/figure>\n\n\n\n<figure class=\"wp-block-image size-full\"><img loading=\"lazy\" decoding=\"async\" width=\"446\" height=\"290\" src=\"https:\/\/guentersahler.de\/wp-content\/uploads\/2026\/01\/Haubenmeise003.jpg\" alt=\"\" class=\"wp-image-37040\" srcset=\"https:\/\/guentersahler.de\/wp-content\/uploads\/2026\/01\/Haubenmeise003.jpg 446w, https:\/\/guentersahler.de\/wp-content\/uploads\/2026\/01\/Haubenmeise003-300x195.jpg 300w\" sizes=\"(max-width: 446px) 100vw, 446px\" \/><figcaption class=\"wp-element-caption\">Haubenmeise in Hartegasse (Anfang Januar 2026).<\/figcaption><\/figure>\n\n\n\n<figure class=\"wp-block-image size-full\"><img loading=\"lazy\" decoding=\"async\" width=\"700\" height=\"394\" src=\"https:\/\/guentersahler.de\/wp-content\/uploads\/2026\/01\/Haubenmeise005.jpg\" alt=\"\" class=\"wp-image-37042\" srcset=\"https:\/\/guentersahler.de\/wp-content\/uploads\/2026\/01\/Haubenmeise005.jpg 700w, https:\/\/guentersahler.de\/wp-content\/uploads\/2026\/01\/Haubenmeise005-300x169.jpg 300w\" sizes=\"(max-width: 700px) 100vw, 700px\" \/><figcaption class=\"wp-element-caption\">Haubenmeise in Hartegasse (Anfang Januar 2026).<\/figcaption><\/figure>\n\n\n\n<figure class=\"wp-block-image size-full\"><img loading=\"lazy\" decoding=\"async\" width=\"337\" height=\"217\" src=\"https:\/\/guentersahler.de\/wp-content\/uploads\/2026\/01\/Haubenmeise001.jpg\" alt=\"\" class=\"wp-image-37038\" srcset=\"https:\/\/guentersahler.de\/wp-content\/uploads\/2026\/01\/Haubenmeise001.jpg 337w, https:\/\/guentersahler.de\/wp-content\/uploads\/2026\/01\/Haubenmeise001-300x193.jpg 300w\" sizes=\"(max-width: 337px) 100vw, 337px\" \/><figcaption class=\"wp-element-caption\">Haubenmeise in Hartegasse(Anfang Januar 2026).<\/figcaption><\/figure>\n\n\n\n<p><\/p>\n","protected":false},"excerpt":{"rendered":"<p>An der Vogeltr\u00e4nke im August 2022 Kohlmeise Gimpel \/ Dompfaff (Pyrrhula pyrrhula) Haussperling (Passer domesticus) G\u00e4nse Enten Gr\u00fcnfink &nbsp;(Chloris chloris) Amsel \/ Schwarzdrossel (Turdus merula) 28.05.2021, 21.21 Uhr: Eigentlich wollte ich das Abendkonzert der Amseln mit meinen mobilen Aufnahmeger\u00e4t aufnehmen &hellip; <a href=\"https:\/\/guentersahler.de\/?p=17776\">Weiter<\/a><\/p>\n","protected":false},"author":1,"featured_media":22539,"comment_status":"closed","ping_status":"closed","sticky":false,"template":"","format":"standard","meta":{"footnotes":""},"categories":[33,29,42,36,110],"tags":[],"class_list":["post-17776","post","type-post","status-publish","format-standard","has-post-thumbnail","hentry","category-blog","category-lindlar","category-natur","category-suenger-berge","category-voegel"],"_links":{"self":[{"href":"https:\/\/guentersahler.de\/index.php?rest_route=\/wp\/v2\/posts\/17776"}],"collection":[{"href":"https:\/\/guentersahler.de\/index.php?rest_route=\/wp\/v2\/posts"}],"about":[{"href":"https:\/\/guentersahler.de\/index.php?rest_route=\/wp\/v2\/types\/post"}],"author":[{"embeddable":true,"href":"https:\/\/guentersahler.de\/index.php?rest_route=\/wp\/v2\/users\/1"}],"replies":[{"embeddable":true,"href":"https:\/\/guentersahler.de\/index.php?rest_route=%2Fwp%2Fv2%2Fcomments&post=17776"}],"version-history":[{"count":85,"href":"https:\/\/guentersahler.de\/index.php?rest_route=\/wp\/v2\/posts\/17776\/revisions"}],"predecessor-version":[{"id":37059,"href":"https:\/\/guentersahler.de\/index.php?rest_route=\/wp\/v2\/posts\/17776\/revisions\/37059"}],"wp:featuredmedia":[{"embeddable":true,"href":"https:\/\/guentersahler.de\/index.php?rest_route=\/wp\/v2\/media\/22539"}],"wp:attachment":[{"href":"https:\/\/guentersahler.de\/index.php?rest_route=%2Fwp%2Fv2%2Fmedia&parent=17776"}],"wp:term":[{"taxonomy":"category","embeddable":true,"href":"https:\/\/guentersahler.de\/index.php?rest_route=%2Fwp%2Fv2%2Fcategories&post=17776"},{"taxonomy":"post_tag","embeddable":true,"href":"https:\/\/guentersahler.de\/index.php?rest_route=%2Fwp%2Fv2%2Ftags&post=17776"}],"curies":[{"name":"wp","href":"https:\/\/api.w.org\/{rel}","templated":true}]}}