{"id":18295,"date":"2021-07-30T11:33:00","date_gmt":"2021-07-30T11:33:00","guid":{"rendered":"http:\/\/guentersahler.de\/?p=18295"},"modified":"2022-11-06T10:58:42","modified_gmt":"2022-11-06T10:58:42","slug":"naturbeobachter-webseite-naturgucker-de","status":"publish","type":"post","link":"https:\/\/guentersahler.de\/?p=18295","title":{"rendered":"Naturbeobachter-Webseite Naturgucker.de"},"content":{"rendered":"\n<p>Seit einer Weile lade ich einige meiner Fotos auf die Webseite Naturgucker.de hoch. Dort kann nach Anmeldung jeder seine Fotos nach Gebieten sortiert einstellen. F\u00fcr meine Fotos aus den S\u00fcnger Bergen habe ich extra das Gebiet \u201eLindlar-Kapellens\u00fcng\/Hartegasse\u201c eingerichtet.<\/p>\n\n\n\n<p>Beispielsweise habe ich dieses Foto einer jungen Ringelnatter (Natrix natrix) eingestellt. Die Schlange sah ich Ende September 2021 auf dem Weg zwischen Stelberg und Oberb\u00fcschem. <\/p>\n\n\n\n<figure class=\"wp-block-image size-large is-resized\"><img loading=\"lazy\" decoding=\"async\" src=\"https:\/\/guentersahler.de\/wp-content\/uploads\/2021\/09\/Ringelnatter010.jpg\" alt=\"\" class=\"wp-image-17358\" width=\"403\" height=\"239\" srcset=\"https:\/\/guentersahler.de\/wp-content\/uploads\/2021\/09\/Ringelnatter010.jpg 700w, https:\/\/guentersahler.de\/wp-content\/uploads\/2021\/09\/Ringelnatter010-300x178.jpg 300w, https:\/\/guentersahler.de\/wp-content\/uploads\/2021\/09\/Ringelnatter010-624x371.jpg 624w\" sizes=\"(max-width: 403px) 100vw, 403px\" \/><figcaption>Ringelnatter (Natrix natrix)<\/figcaption><\/figure>\n\n\n\n<p>Die Ringelnatter konnte ich direkt bestimmen. Ich wu\u00dfte direkt, was ich da vor mir hatte und fotografierte: Es ist keine Blindschleiche, der Kragen ist typisch f\u00fcr eine Ringelnatter. Ich wu\u00dfte auch, dass es sich um eine junge Ringelnatter handelte, hatte ich doch auf dem selben Weg im Fr\u00fchsommer ein erwachsenes Exemplar gesehen. H\u00e4tte ich nicht gewu\u00dft, was ich da sehe, h\u00e4tte ich sp\u00e4ter versucht mit B\u00fcchern oder mit Hilfe des Internets versucht die Schlange zu bestimmen. <\/p>\n\n\n\n<p>Nat\u00fcrlich kommt es oft vor, dass ich gar nicht wei\u00df, was ich da gesehen oder fotografiert habe und ich das Lebewesen auch sp\u00e4ter mit der Hilfe von Medien nicht bestimmen kann. In solchen F\u00e4llen habe ich schon h\u00e4ufiger die Naturbeobachterinnen bei Naturgucker.de um Bestimmungshilfe gebeten. Meistens bekommt man schnell eine Antwort und man hat wieder etwas dazu gelernt.<\/p>\n\n\n\n<p>Beispielsweise hatte ich im Garten ein kleines Insekt fotografiert, bei dem ich nach l\u00e4ngerem Suchen auf keinen gr\u00fcnen Zweig kam. Ich stellte das Bild bei Naturgucker.de ein und bat um Bestimmungshilfe. Wenig sp\u00e4ter erhielt ich einen Kommentar: Es w\u00e4re eine &#8222;h\u00fcbsche Rhododendronzikade&#8220;, wenig sp\u00e4ter wurde dies durch einen zweiten Kommentar erg\u00e4nzt, es sei eine &#8222;Rhododendronzikade (Graphocephala fennahi)&#8220;. &#8222;Da w\u00e4re ich alleine nie drauf gekommen&#8220;, geht mir dann stets durch den Kopf.  <\/p>\n\n\n\n<figure class=\"wp-block-image size-large is-resized\"><img loading=\"lazy\" decoding=\"async\" src=\"https:\/\/guentersahler.de\/wp-content\/uploads\/2021\/10\/insekt040.jpg\" alt=\"\" class=\"wp-image-17793\" width=\"404\" height=\"251\"\/><figcaption>Rhododendron-Zikade (Graphocephala fennahi) in Hartegasse (Oktober 2021)<\/figcaption><\/figure>\n\n\n\n<p><\/p>\n\n\n\n<figure class=\"wp-block-image size-large\"><img loading=\"lazy\" decoding=\"async\" width=\"700\" height=\"552\" src=\"https:\/\/guentersahler.de\/wp-content\/uploads\/2021\/10\/naturlooker.jpg\" alt=\"\" class=\"wp-image-18002\" srcset=\"https:\/\/guentersahler.de\/wp-content\/uploads\/2021\/10\/naturlooker.jpg 700w, https:\/\/guentersahler.de\/wp-content\/uploads\/2021\/10\/naturlooker-300x237.jpg 300w, https:\/\/guentersahler.de\/wp-content\/uploads\/2021\/10\/naturlooker-624x492.jpg 624w\" sizes=\"(max-width: 700px) 100vw, 700px\" \/><figcaption>Fotos von mir auf der Seite der Naturgucker im Gebiet Lindlar-Kapellens\u00fcng\/Hartegasse.<\/figcaption><\/figure>\n\n\n\n<p>F\u00fcr mich trifft der Slogan &#8222;Naturgucken macht Spa\u00df und schafft Wissen!&#8220; von naturgucker.de voll zu.<\/p>\n","protected":false},"excerpt":{"rendered":"<p>Seit einer Weile lade ich einige meiner Fotos auf die Webseite Naturgucker.de hoch. Dort kann nach Anmeldung jeder seine Fotos nach Gebieten sortiert einstellen. F\u00fcr meine Fotos aus den S\u00fcnger Bergen habe ich extra das Gebiet \u201eLindlar-Kapellens\u00fcng\/Hartegasse\u201c eingerichtet. Beispielsweise habe &hellip; <a href=\"https:\/\/guentersahler.de\/?p=18295\">Weiter<\/a><\/p>\n","protected":false},"author":1,"featured_media":18002,"comment_status":"closed","ping_status":"closed","sticky":false,"template":"","format":"standard","meta":{"footnotes":""},"categories":[33,3,42,46],"tags":[],"class_list":["post-18295","post","type-post","status-publish","format-standard","has-post-thumbnail","hentry","category-blog","category-fotografie","category-natur","category-weiterbildung"],"_links":{"self":[{"href":"https:\/\/guentersahler.de\/index.php?rest_route=\/wp\/v2\/posts\/18295"}],"collection":[{"href":"https:\/\/guentersahler.de\/index.php?rest_route=\/wp\/v2\/posts"}],"about":[{"href":"https:\/\/guentersahler.de\/index.php?rest_route=\/wp\/v2\/types\/post"}],"author":[{"embeddable":true,"href":"https:\/\/guentersahler.de\/index.php?rest_route=\/wp\/v2\/users\/1"}],"replies":[{"embeddable":true,"href":"https:\/\/guentersahler.de\/index.php?rest_route=%2Fwp%2Fv2%2Fcomments&post=18295"}],"version-history":[{"count":5,"href":"https:\/\/guentersahler.de\/index.php?rest_route=\/wp\/v2\/posts\/18295\/revisions"}],"predecessor-version":[{"id":18305,"href":"https:\/\/guentersahler.de\/index.php?rest_route=\/wp\/v2\/posts\/18295\/revisions\/18305"}],"wp:featuredmedia":[{"embeddable":true,"href":"https:\/\/guentersahler.de\/index.php?rest_route=\/wp\/v2\/media\/18002"}],"wp:attachment":[{"href":"https:\/\/guentersahler.de\/index.php?rest_route=%2Fwp%2Fv2%2Fmedia&parent=18295"}],"wp:term":[{"taxonomy":"category","embeddable":true,"href":"https:\/\/guentersahler.de\/index.php?rest_route=%2Fwp%2Fv2%2Fcategories&post=18295"},{"taxonomy":"post_tag","embeddable":true,"href":"https:\/\/guentersahler.de\/index.php?rest_route=%2Fwp%2Fv2%2Ftags&post=18295"}],"curies":[{"name":"wp","href":"https:\/\/api.w.org\/{rel}","templated":true}]}}