{"id":20353,"date":"2022-05-08T15:50:08","date_gmt":"2022-05-08T15:50:08","guid":{"rendered":"http:\/\/guentersahler.de\/?p=20353"},"modified":"2025-10-24T21:23:26","modified_gmt":"2025-10-24T21:23:26","slug":"bad-wildungen-kurpark-reinhardshausen-und-homberg-teil-2","status":"publish","type":"post","link":"https:\/\/guentersahler.de\/?p=20353","title":{"rendered":"Bad Wildungen: Kurpark Reinhardshausen und Homberg, Teil 2"},"content":{"rendered":"\n<p>Bei der <a href=\"https:\/\/guentersahler.de\/?p=19835\">ersten Tour in Reinhardshausen Anfang April<\/a> gab es einen Wintereinbruch.<\/p>\n\n\n\n<figure class=\"wp-block-image size-large\"><img loading=\"lazy\" decoding=\"async\" width=\"700\" height=\"476\" src=\"https:\/\/guentersahler.de\/wp-content\/uploads\/2022\/04\/badwill001.jpg\" alt=\"\" class=\"wp-image-19834\" srcset=\"https:\/\/guentersahler.de\/wp-content\/uploads\/2022\/04\/badwill001.jpg 700w, https:\/\/guentersahler.de\/wp-content\/uploads\/2022\/04\/badwill001-300x204.jpg 300w, https:\/\/guentersahler.de\/wp-content\/uploads\/2022\/04\/badwill001-624x424.jpg 624w\" sizes=\"(max-width: 700px) 100vw, 700px\" \/><figcaption>Der zugeschneite Homberg vom Kurpark in Reinhardshausen (1. April 2022).<\/figcaption><\/figure>\n\n\n\n<p>Jetzt einen Monat sp\u00e4ter war Kaiserwetter: Sonnenschein und Temperaturen um die 20 Grad.<\/p>\n\n\n\n<p><strong>I. Kurpark Reinhardshausen<\/strong><\/p>\n\n\n\n<figure class=\"wp-block-image size-large\"><img loading=\"lazy\" decoding=\"async\" width=\"700\" height=\"477\" src=\"https:\/\/guentersahler.de\/wp-content\/uploads\/2022\/05\/homberg001.jpg\" alt=\"\" class=\"wp-image-20350\" srcset=\"https:\/\/guentersahler.de\/wp-content\/uploads\/2022\/05\/homberg001.jpg 700w, https:\/\/guentersahler.de\/wp-content\/uploads\/2022\/05\/homberg001-300x204.jpg 300w, https:\/\/guentersahler.de\/wp-content\/uploads\/2022\/05\/homberg001-624x425.jpg 624w\" sizes=\"(max-width: 700px) 100vw, 700px\" \/><figcaption>Der Kurpark in Reinhardshausen und der Homberg im Hintergrund (6. Mai 2022).<\/figcaption><\/figure>\n\n\n\n<p>Im Kurpark grasten zwei Schw\u00e4ne. An neugierige Menschen gew\u00f6hnt, lie\u00dfen sie mich sehr nah heran kommen.<\/p>\n\n\n\n<figure class=\"wp-block-image size-large\"><img loading=\"lazy\" decoding=\"async\" width=\"700\" height=\"412\" src=\"https:\/\/guentersahler.de\/wp-content\/uploads\/2022\/05\/schwaene001.jpg\" alt=\"\" class=\"wp-image-20352\" srcset=\"https:\/\/guentersahler.de\/wp-content\/uploads\/2022\/05\/schwaene001.jpg 700w, https:\/\/guentersahler.de\/wp-content\/uploads\/2022\/05\/schwaene001-300x177.jpg 300w, https:\/\/guentersahler.de\/wp-content\/uploads\/2022\/05\/schwaene001-624x367.jpg 624w\" sizes=\"(max-width: 700px) 100vw, 700px\" \/><figcaption>Schw\u00e4ne im Kurpark Reinhardshausen (Anfang Mai 2022)<\/figcaption><\/figure>\n\n\n\n<figure class=\"wp-block-image size-large\"><img loading=\"lazy\" decoding=\"async\" width=\"700\" height=\"353\" src=\"https:\/\/guentersahler.de\/wp-content\/uploads\/2022\/05\/schwaene002.jpg\" alt=\"\" class=\"wp-image-20351\" srcset=\"https:\/\/guentersahler.de\/wp-content\/uploads\/2022\/05\/schwaene002.jpg 700w, https:\/\/guentersahler.de\/wp-content\/uploads\/2022\/05\/schwaene002-300x151.jpg 300w, https:\/\/guentersahler.de\/wp-content\/uploads\/2022\/05\/schwaene002-624x315.jpg 624w\" sizes=\"(max-width: 700px) 100vw, 700px\" \/><figcaption><em>Schw\u00e4ne im Kurpark Reinhardshausen (Anfang Mai 2022)<\/em><\/figcaption><\/figure>\n\n\n\n<figure class=\"wp-block-image size-large\"><img loading=\"lazy\" decoding=\"async\" width=\"700\" height=\"415\" src=\"https:\/\/guentersahler.de\/wp-content\/uploads\/2022\/05\/fische001.jpg\" alt=\"\" class=\"wp-image-20329\" srcset=\"https:\/\/guentersahler.de\/wp-content\/uploads\/2022\/05\/fische001.jpg 700w, https:\/\/guentersahler.de\/wp-content\/uploads\/2022\/05\/fische001-300x178.jpg 300w, https:\/\/guentersahler.de\/wp-content\/uploads\/2022\/05\/fische001-624x370.jpg 624w\" sizes=\"(max-width: 700px) 100vw, 700px\" \/><figcaption><em>Zierfisch<\/em>e in einem der Teiche<em> im Kurpark Reinhardshausen (Anfang Mai 2022)<\/em>.<\/figcaption><\/figure>\n\n\n\n<figure class=\"wp-block-image size-large is-resized\"><img loading=\"lazy\" decoding=\"async\" src=\"https:\/\/guentersahler.de\/wp-content\/uploads\/2022\/05\/fische003.jpg\" alt=\"\" class=\"wp-image-20327\" width=\"655\" height=\"372\" srcset=\"https:\/\/guentersahler.de\/wp-content\/uploads\/2022\/05\/fische003.jpg 700w, https:\/\/guentersahler.de\/wp-content\/uploads\/2022\/05\/fische003-300x171.jpg 300w, https:\/\/guentersahler.de\/wp-content\/uploads\/2022\/05\/fische003-624x355.jpg 624w\" sizes=\"(max-width: 655px) 100vw, 655px\" \/><figcaption><em><em>Zierfisch<\/em>e in einem der Teiche<em> im Kurpark Reinhardshausen (Anfang Mai 2022)<\/em>.<\/em><\/figcaption><\/figure>\n\n\n\n<figure class=\"wp-block-image size-large is-resized\"><img loading=\"lazy\" decoding=\"async\" src=\"https:\/\/guentersahler.de\/wp-content\/uploads\/2022\/05\/fische002.jpg\" alt=\"\" class=\"wp-image-20328\" width=\"655\" height=\"337\" srcset=\"https:\/\/guentersahler.de\/wp-content\/uploads\/2022\/05\/fische002.jpg 700w, https:\/\/guentersahler.de\/wp-content\/uploads\/2022\/05\/fische002-300x155.jpg 300w, https:\/\/guentersahler.de\/wp-content\/uploads\/2022\/05\/fische002-624x322.jpg 624w\" sizes=\"(max-width: 655px) 100vw, 655px\" \/><figcaption><em><em>Zierfisch<\/em>e in einem der Teiche<em> im Kurpark Reinhardshausen (Anfang Mai 2022)<\/em>.<\/em><\/figcaption><\/figure>\n\n\n\n<figure class=\"wp-block-image size-large\"><img loading=\"lazy\" decoding=\"async\" width=\"700\" height=\"435\" src=\"https:\/\/guentersahler.de\/wp-content\/uploads\/2022\/05\/flamingos001.jpg\" alt=\"\" class=\"wp-image-20304\" srcset=\"https:\/\/guentersahler.de\/wp-content\/uploads\/2022\/05\/flamingos001.jpg 700w, https:\/\/guentersahler.de\/wp-content\/uploads\/2022\/05\/flamingos001-300x186.jpg 300w, https:\/\/guentersahler.de\/wp-content\/uploads\/2022\/05\/flamingos001-624x388.jpg 624w\" sizes=\"(max-width: 700px) 100vw, 700px\" \/><figcaption>Laut dem kleinen Schild am Teich kommen diese Flamingos aus der Karibik <em>(Anfang Mai 2022)<\/em><\/figcaption><\/figure>\n\n\n\n<figure class=\"wp-block-image size-large\"><img loading=\"lazy\" decoding=\"async\" width=\"700\" height=\"369\" src=\"https:\/\/guentersahler.de\/wp-content\/uploads\/2022\/05\/flamingos002.jpg\" alt=\"\" class=\"wp-image-20303\" srcset=\"https:\/\/guentersahler.de\/wp-content\/uploads\/2022\/05\/flamingos002.jpg 700w, https:\/\/guentersahler.de\/wp-content\/uploads\/2022\/05\/flamingos002-300x158.jpg 300w, https:\/\/guentersahler.de\/wp-content\/uploads\/2022\/05\/flamingos002-624x329.jpg 624w\" sizes=\"(max-width: 700px) 100vw, 700px\" \/><figcaption><em>Laut dem kleinen Schild am Teich kommen diese Flamingos aus der Karibik (Anfang Mai 2022)<\/em>. Sie sind im Kurpark sehr beliebte Fotoobjekte.<\/figcaption><\/figure>\n\n\n\n<figure class=\"wp-block-image size-large\"><img decoding=\"async\" src=\"https:\/\/guentersahler.de\/wp-content\/uploads\/2022\/04\/badwill004.jpg\" alt=\"\"\/><figcaption>Und so sah es hier vor einem Monat aus: <em>Ente im Flamingoteich im&nbsp;Kurpark Reinhardshausen (Anfang April 2022)<\/em><\/figcaption><\/figure>\n\n\n\n<p><strong>II. Richtung Bad Wildungen<\/strong><\/p>\n\n\n\n<p>Von der Reinhardsh\u00f6he ging es weiter hinunter nach Bad Wildungen zum dortigen Kurpark.<\/p>\n\n\n\n<figure class=\"wp-block-image size-large\"><img loading=\"lazy\" decoding=\"async\" width=\"700\" height=\"401\" src=\"https:\/\/guentersahler.de\/wp-content\/uploads\/2022\/05\/rotkelchen002.jpg\" alt=\"\" class=\"wp-image-20349\" srcset=\"https:\/\/guentersahler.de\/wp-content\/uploads\/2022\/05\/rotkelchen002.jpg 700w, https:\/\/guentersahler.de\/wp-content\/uploads\/2022\/05\/rotkelchen002-300x172.jpg 300w, https:\/\/guentersahler.de\/wp-content\/uploads\/2022\/05\/rotkelchen002-624x357.jpg 624w\" sizes=\"(max-width: 700px) 100vw, 700px\" \/><figcaption>Rotkehlchen am Wegesrand <em>(Anfang Mai 2022).<\/em><\/figcaption><\/figure>\n\n\n\n<figure class=\"wp-block-image size-large\"><img loading=\"lazy\" decoding=\"async\" width=\"700\" height=\"303\" src=\"https:\/\/guentersahler.de\/wp-content\/uploads\/2022\/05\/wildungen003.jpg\" alt=\"\" class=\"wp-image-20319\" srcset=\"https:\/\/guentersahler.de\/wp-content\/uploads\/2022\/05\/wildungen003.jpg 700w, https:\/\/guentersahler.de\/wp-content\/uploads\/2022\/05\/wildungen003-300x130.jpg 300w, https:\/\/guentersahler.de\/wp-content\/uploads\/2022\/05\/wildungen003-624x270.jpg 624w\" sizes=\"(max-width: 700px) 100vw, 700px\" \/><figcaption>Wandelhalle im Kurpark von Bad Wildungen <em>(Anfang Mai 2022).<\/em><\/figcaption><\/figure>\n\n\n\n<figure class=\"wp-block-image size-large\"><img loading=\"lazy\" decoding=\"async\" width=\"700\" height=\"311\" src=\"https:\/\/guentersahler.de\/wp-content\/uploads\/2022\/05\/wildungen004.jpg\" alt=\"\" class=\"wp-image-20318\" srcset=\"https:\/\/guentersahler.de\/wp-content\/uploads\/2022\/05\/wildungen004.jpg 700w, https:\/\/guentersahler.de\/wp-content\/uploads\/2022\/05\/wildungen004-300x133.jpg 300w, https:\/\/guentersahler.de\/wp-content\/uploads\/2022\/05\/wildungen004-624x277.jpg 624w\" sizes=\"(max-width: 700px) 100vw, 700px\" \/><figcaption>T\u00fcrme des ehemaligen Hotels F\u00fcrstenhof in Bad Wildungen <em>(Anfang Mai 2022).<\/em><\/figcaption><\/figure>\n\n\n\n<p><strong>III. K\u00e4fer am Homberg<\/strong><\/p>\n\n\n\n<p>Von Bad Wildunger Kurpark nahm ich den Wanderweg M1 hoch \u00fcber den Homberg. Auf dem Weg traf ist auf einige Waldmistk\u00e4fer. Erst ein paar tote Exemplare, sp\u00e4ter dann einige Lebendige.<\/p>\n\n\n\n<figure class=\"wp-block-image size-large\"><img loading=\"lazy\" decoding=\"async\" width=\"700\" height=\"568\" src=\"https:\/\/guentersahler.de\/wp-content\/uploads\/2022\/05\/kaefer084.jpg\" alt=\"\" class=\"wp-image-20347\" srcset=\"https:\/\/guentersahler.de\/wp-content\/uploads\/2022\/05\/kaefer084.jpg 700w, https:\/\/guentersahler.de\/wp-content\/uploads\/2022\/05\/kaefer084-300x243.jpg 300w, https:\/\/guentersahler.de\/wp-content\/uploads\/2022\/05\/kaefer084-624x506.jpg 624w\" sizes=\"(max-width: 700px) 100vw, 700px\" \/><figcaption>Toter Waldmistk\u00e4fer am Homberg <em>(Anfang Mai 2022).<\/em><\/figcaption><\/figure>\n\n\n\n<figure class=\"wp-block-image size-large\"><img loading=\"lazy\" decoding=\"async\" width=\"700\" height=\"432\" src=\"https:\/\/guentersahler.de\/wp-content\/uploads\/2022\/05\/kaefer085.jpg\" alt=\"\" class=\"wp-image-20346\" srcset=\"https:\/\/guentersahler.de\/wp-content\/uploads\/2022\/05\/kaefer085.jpg 700w, https:\/\/guentersahler.de\/wp-content\/uploads\/2022\/05\/kaefer085-300x185.jpg 300w, https:\/\/guentersahler.de\/wp-content\/uploads\/2022\/05\/kaefer085-624x385.jpg 624w\" sizes=\"(max-width: 700px) 100vw, 700px\" \/><figcaption><em>Toter Waldmistk\u00e4fer am Homberg (Anfang Mai 2022).<\/em><\/figcaption><\/figure>\n\n\n\n<figure class=\"wp-block-image size-large\"><img loading=\"lazy\" decoding=\"async\" width=\"700\" height=\"425\" src=\"https:\/\/guentersahler.de\/wp-content\/uploads\/2022\/05\/kaefer087.jpg\" alt=\"\" class=\"wp-image-20344\" srcset=\"https:\/\/guentersahler.de\/wp-content\/uploads\/2022\/05\/kaefer087.jpg 700w, https:\/\/guentersahler.de\/wp-content\/uploads\/2022\/05\/kaefer087-300x182.jpg 300w, https:\/\/guentersahler.de\/wp-content\/uploads\/2022\/05\/kaefer087-624x379.jpg 624w\" sizes=\"(max-width: 700px) 100vw, 700px\" \/><figcaption><em>Toter Waldmistk\u00e4fer am Homberg (Anfang Mai 2022).<\/em><\/figcaption><\/figure>\n\n\n\n<figure class=\"wp-block-image size-large\"><img loading=\"lazy\" decoding=\"async\" width=\"700\" height=\"546\" src=\"https:\/\/guentersahler.de\/wp-content\/uploads\/2022\/05\/kaefer086.jpg\" alt=\"\" class=\"wp-image-20345\" srcset=\"https:\/\/guentersahler.de\/wp-content\/uploads\/2022\/05\/kaefer086.jpg 700w, https:\/\/guentersahler.de\/wp-content\/uploads\/2022\/05\/kaefer086-300x234.jpg 300w, https:\/\/guentersahler.de\/wp-content\/uploads\/2022\/05\/kaefer086-624x487.jpg 624w\" sizes=\"(max-width: 700px) 100vw, 700px\" \/><figcaption><em>Toter Waldmistk\u00e4fer am Homberg (Anfang Mai 2022).<\/em><\/figcaption><\/figure>\n\n\n\n<figure class=\"wp-block-image size-large is-resized\"><img loading=\"lazy\" decoding=\"async\" src=\"https:\/\/guentersahler.de\/wp-content\/uploads\/2022\/05\/kaefer089.jpg\" alt=\"\" class=\"wp-image-20342\" width=\"655\" height=\"345\" srcset=\"https:\/\/guentersahler.de\/wp-content\/uploads\/2022\/05\/kaefer089.jpg 700w, https:\/\/guentersahler.de\/wp-content\/uploads\/2022\/05\/kaefer089-300x158.jpg 300w, https:\/\/guentersahler.de\/wp-content\/uploads\/2022\/05\/kaefer089-624x329.jpg 624w\" sizes=\"(max-width: 655px) 100vw, 655px\" \/><figcaption><em>Toter Waldmistk\u00e4fer am Homberg (Anfang Mai 2022).<\/em><\/figcaption><\/figure>\n\n\n\n<figure class=\"wp-block-image size-large is-resized\"><img loading=\"lazy\" decoding=\"async\" src=\"https:\/\/guentersahler.de\/wp-content\/uploads\/2022\/05\/kaefer088.jpg\" alt=\"\" class=\"wp-image-20343\" width=\"655\" height=\"421\" srcset=\"https:\/\/guentersahler.de\/wp-content\/uploads\/2022\/05\/kaefer088.jpg 700w, https:\/\/guentersahler.de\/wp-content\/uploads\/2022\/05\/kaefer088-300x193.jpg 300w, https:\/\/guentersahler.de\/wp-content\/uploads\/2022\/05\/kaefer088-624x401.jpg 624w\" sizes=\"(max-width: 655px) 100vw, 655px\" \/><figcaption><em>Toter Waldmistk\u00e4fer am Homberg (Anfang Mai 2022).<\/em><\/figcaption><\/figure>\n\n\n\n<figure class=\"wp-block-image size-large\"><img loading=\"lazy\" decoding=\"async\" width=\"700\" height=\"264\" src=\"https:\/\/guentersahler.de\/wp-content\/uploads\/2022\/05\/homberg002.jpg\" alt=\"\" class=\"wp-image-20338\" srcset=\"https:\/\/guentersahler.de\/wp-content\/uploads\/2022\/05\/homberg002.jpg 700w, https:\/\/guentersahler.de\/wp-content\/uploads\/2022\/05\/homberg002-300x113.jpg 300w, https:\/\/guentersahler.de\/wp-content\/uploads\/2022\/05\/homberg002-624x235.jpg 624w\" sizes=\"(max-width: 700px) 100vw, 700px\" \/><figcaption>Am Wegesrand sieht man zahlreiche Aufschl\u00fcsse, die beim Anlegen des Wegs entstanden <em>(Anfang Mai 2022).<\/em><\/figcaption><\/figure>\n\n\n\n<figure class=\"wp-block-image size-large\"><img loading=\"lazy\" decoding=\"async\" width=\"700\" height=\"256\" src=\"https:\/\/guentersahler.de\/wp-content\/uploads\/2022\/05\/homberg003.jpg\" alt=\"\" class=\"wp-image-20337\" srcset=\"https:\/\/guentersahler.de\/wp-content\/uploads\/2022\/05\/homberg003.jpg 700w, https:\/\/guentersahler.de\/wp-content\/uploads\/2022\/05\/homberg003-300x110.jpg 300w, https:\/\/guentersahler.de\/wp-content\/uploads\/2022\/05\/homberg003-624x228.jpg 624w\" sizes=\"(max-width: 700px) 100vw, 700px\" \/><figcaption>Stein am obigen Aufschlu\u00df. Links: Vorderseite, rechts: R\u00fcckseite des selben Steins <em>(Anfang Mai 2022).<\/em><\/figcaption><\/figure>\n\n\n\n<figure class=\"wp-block-image size-large is-resized\"><img loading=\"lazy\" decoding=\"async\" src=\"https:\/\/guentersahler.de\/wp-content\/uploads\/2022\/05\/kaefer096.jpg\" alt=\"\" class=\"wp-image-20316\" width=\"655\" height=\"295\" srcset=\"https:\/\/guentersahler.de\/wp-content\/uploads\/2022\/05\/kaefer096.jpg 700w, https:\/\/guentersahler.de\/wp-content\/uploads\/2022\/05\/kaefer096-300x135.jpg 300w, https:\/\/guentersahler.de\/wp-content\/uploads\/2022\/05\/kaefer096-624x282.jpg 624w\" sizes=\"(max-width: 655px) 100vw, 655px\" \/><figcaption>Ein Waldmistk\u00e4fer kletterte am Aufschlu\u00df hoch. Das war wahres Bergsteigen <em>(Anfang Mai 2022).<\/em><\/figcaption><\/figure>\n\n\n\n<figure class=\"wp-block-image size-large\"><img loading=\"lazy\" decoding=\"async\" width=\"700\" height=\"437\" src=\"https:\/\/guentersahler.de\/wp-content\/uploads\/2022\/05\/kaefer090.jpg\" alt=\"\" class=\"wp-image-20341\" srcset=\"https:\/\/guentersahler.de\/wp-content\/uploads\/2022\/05\/kaefer090.jpg 700w, https:\/\/guentersahler.de\/wp-content\/uploads\/2022\/05\/kaefer090-300x187.jpg 300w, https:\/\/guentersahler.de\/wp-content\/uploads\/2022\/05\/kaefer090-624x390.jpg 624w\" sizes=\"(max-width: 700px) 100vw, 700px\" \/><figcaption><em>Waldmistk\u00e4fer am Homberg (Anfang Mai 2022).<\/em><\/figcaption><\/figure>\n\n\n\n<figure class=\"wp-block-image size-large\"><img loading=\"lazy\" decoding=\"async\" width=\"700\" height=\"452\" src=\"https:\/\/guentersahler.de\/wp-content\/uploads\/2022\/05\/kaefer091.jpg\" alt=\"\" class=\"wp-image-20340\" srcset=\"https:\/\/guentersahler.de\/wp-content\/uploads\/2022\/05\/kaefer091.jpg 700w, https:\/\/guentersahler.de\/wp-content\/uploads\/2022\/05\/kaefer091-300x194.jpg 300w, https:\/\/guentersahler.de\/wp-content\/uploads\/2022\/05\/kaefer091-624x403.jpg 624w\" sizes=\"(max-width: 700px) 100vw, 700px\" \/><figcaption><em>Waldmistk\u00e4fer am Homberg (Anfang Mai 2022)<\/em>.<\/figcaption><\/figure>\n\n\n\n<figure class=\"wp-block-image size-large\"><img loading=\"lazy\" decoding=\"async\" width=\"700\" height=\"469\" src=\"https:\/\/guentersahler.de\/wp-content\/uploads\/2022\/05\/kaefer092.jpg\" alt=\"\" class=\"wp-image-20336\" srcset=\"https:\/\/guentersahler.de\/wp-content\/uploads\/2022\/05\/kaefer092.jpg 700w, https:\/\/guentersahler.de\/wp-content\/uploads\/2022\/05\/kaefer092-300x201.jpg 300w, https:\/\/guentersahler.de\/wp-content\/uploads\/2022\/05\/kaefer092-624x418.jpg 624w\" sizes=\"(max-width: 700px) 100vw, 700px\" \/><figcaption>Toter Waldmistk\u00e4fer am Homberg (Anfang Mai 2022).<\/figcaption><\/figure>\n\n\n\n<figure class=\"wp-block-image size-large\"><img loading=\"lazy\" decoding=\"async\" width=\"700\" height=\"365\" src=\"https:\/\/guentersahler.de\/wp-content\/uploads\/2022\/05\/kaefer097.jpg\" alt=\"\" class=\"wp-image-20312\" srcset=\"https:\/\/guentersahler.de\/wp-content\/uploads\/2022\/05\/kaefer097.jpg 700w, https:\/\/guentersahler.de\/wp-content\/uploads\/2022\/05\/kaefer097-300x156.jpg 300w, https:\/\/guentersahler.de\/wp-content\/uploads\/2022\/05\/kaefer097-624x325.jpg 624w\" sizes=\"(max-width: 700px) 100vw, 700px\" \/><figcaption><em>Waldmistk\u00e4fer<\/em> <em>am Homberg (Anfang Mai 2022).<\/em><\/figcaption><\/figure>\n\n\n\n<p>Nach dem Aufstieg ging ich wieder hinab nach Reinhardshausen. Unten am Ortsrand setzte ich mich auf eine Bank und z\u00fcckte mein Skizzenbuch (siehe Skizzen weiter unten). Von der Eichen hinter mir, fiel ein Eichelbohrer auf meinen Rucksack und schlenderte dann \u00fcber meinen Buntstiftekasten.<\/p>\n\n\n\n<figure class=\"wp-block-image size-large\"><img loading=\"lazy\" decoding=\"async\" width=\"700\" height=\"287\" src=\"https:\/\/guentersahler.de\/wp-content\/uploads\/2022\/05\/eichelbohrer001.jpg\" alt=\"\" class=\"wp-image-20334\" srcset=\"https:\/\/guentersahler.de\/wp-content\/uploads\/2022\/05\/eichelbohrer001.jpg 700w, https:\/\/guentersahler.de\/wp-content\/uploads\/2022\/05\/eichelbohrer001-300x123.jpg 300w, https:\/\/guentersahler.de\/wp-content\/uploads\/2022\/05\/eichelbohrer001-624x256.jpg 624w\" sizes=\"(max-width: 700px) 100vw, 700px\" \/><figcaption>Eichelbohrer auf Rucksack und Buntstiftekasten <em>(Anfang Mai 2022).<\/em><\/figcaption><\/figure>\n\n\n\n<figure class=\"wp-block-image size-large\"><img loading=\"lazy\" decoding=\"async\" width=\"700\" height=\"276\" src=\"https:\/\/guentersahler.de\/wp-content\/uploads\/2022\/05\/eichelbohrer002.jpg\" alt=\"\" class=\"wp-image-20333\" srcset=\"https:\/\/guentersahler.de\/wp-content\/uploads\/2022\/05\/eichelbohrer002.jpg 700w, https:\/\/guentersahler.de\/wp-content\/uploads\/2022\/05\/eichelbohrer002-300x118.jpg 300w, https:\/\/guentersahler.de\/wp-content\/uploads\/2022\/05\/eichelbohrer002-624x246.jpg 624w\" sizes=\"(max-width: 700px) 100vw, 700px\" \/><figcaption>Von dieser Eiche fiel der Eichelbohrer <em>(Anfang Mai 2022).<\/em><\/figcaption><\/figure>\n\n\n\n<p><strong>IV. In die Wohnung verschleppt, Teil 1<\/strong><\/p>\n\n\n\n<p>Diesen K\u00e4fer hatte ich auf meiner Schulter oder dem Rucksack oder der Kappe &#8211; ich wei\u00df es nicht, mit in die Wohnung geschleppt. Dort lief er etwas verwirrt herum und flog dann ihn die Gardinen, von wo es nicht schwer war ihn wieder in die Freiheit zu entlassen.<\/p>\n\n\n\n<figure class=\"wp-block-image size-large\"><img loading=\"lazy\" decoding=\"async\" width=\"700\" height=\"465\" src=\"https:\/\/guentersahler.de\/wp-content\/uploads\/2022\/05\/kaefer093.jpg\" alt=\"\" class=\"wp-image-20332\" srcset=\"https:\/\/guentersahler.de\/wp-content\/uploads\/2022\/05\/kaefer093.jpg 700w, https:\/\/guentersahler.de\/wp-content\/uploads\/2022\/05\/kaefer093-300x199.jpg 300w, https:\/\/guentersahler.de\/wp-content\/uploads\/2022\/05\/kaefer093-624x415.jpg 624w\" sizes=\"(max-width: 700px) 100vw, 700px\" \/><figcaption><em>K\u00e4fer vom Homberg (Anfang Mai 2022).<\/em><\/figcaption><\/figure>\n\n\n\n<figure class=\"wp-block-image size-large\"><img loading=\"lazy\" decoding=\"async\" width=\"700\" height=\"390\" src=\"https:\/\/guentersahler.de\/wp-content\/uploads\/2022\/05\/kaefer094.jpg\" alt=\"\" class=\"wp-image-20331\" srcset=\"https:\/\/guentersahler.de\/wp-content\/uploads\/2022\/05\/kaefer094.jpg 700w, https:\/\/guentersahler.de\/wp-content\/uploads\/2022\/05\/kaefer094-300x167.jpg 300w, https:\/\/guentersahler.de\/wp-content\/uploads\/2022\/05\/kaefer094-624x348.jpg 624w\" sizes=\"(max-width: 700px) 100vw, 700px\" \/><figcaption><em>K\u00e4fer vom Homberg (Anfang Mai 2022).<\/em><\/figcaption><\/figure>\n\n\n\n<figure class=\"wp-block-image size-large\"><img loading=\"lazy\" decoding=\"async\" width=\"700\" height=\"404\" src=\"https:\/\/guentersahler.de\/wp-content\/uploads\/2022\/05\/kaefer095.jpg\" alt=\"\" class=\"wp-image-20330\" srcset=\"https:\/\/guentersahler.de\/wp-content\/uploads\/2022\/05\/kaefer095.jpg 700w, https:\/\/guentersahler.de\/wp-content\/uploads\/2022\/05\/kaefer095-300x173.jpg 300w, https:\/\/guentersahler.de\/wp-content\/uploads\/2022\/05\/kaefer095-624x360.jpg 624w\" sizes=\"(max-width: 700px) 100vw, 700px\" \/><figcaption><em>K\u00e4fer vom Homberg kurz vorm Abflug zur Gardine (Anfang Mai 2022).<\/em><\/figcaption><\/figure>\n\n\n\n<p><strong>V. Schmetterlinge am Homberg<\/strong><\/p>\n\n\n\n<p>Ich wei\u00df nicht wie oft ich mein Handy gegriffen habe, um einen Schmetterling zu fotografieren. Meistens war ich zu langsam. Nur zweimal hatte ich Gl\u00fcck.<\/p>\n\n\n\n<figure class=\"wp-block-image size-large is-resized\"><img loading=\"lazy\" decoding=\"async\" src=\"https:\/\/guentersahler.de\/wp-content\/uploads\/2022\/05\/schmetterling015.jpg\" alt=\"\" class=\"wp-image-20326\" width=\"655\" height=\"350\" srcset=\"https:\/\/guentersahler.de\/wp-content\/uploads\/2022\/05\/schmetterling015.jpg 700w, https:\/\/guentersahler.de\/wp-content\/uploads\/2022\/05\/schmetterling015-300x161.jpg 300w, https:\/\/guentersahler.de\/wp-content\/uploads\/2022\/05\/schmetterling015-624x334.jpg 624w\" sizes=\"(max-width: 655px) 100vw, 655px\" \/><figcaption>Schmetterling aus der Familie der Wei\u00dflinge am Homberg <em>(Anfang Mai 2022).<\/em><\/figcaption><\/figure>\n\n\n\n<figure class=\"wp-block-image size-large\"><img loading=\"lazy\" decoding=\"async\" width=\"700\" height=\"401\" src=\"https:\/\/guentersahler.de\/wp-content\/uploads\/2022\/05\/schmetterling016.jpg\" alt=\"\" class=\"wp-image-20311\" srcset=\"https:\/\/guentersahler.de\/wp-content\/uploads\/2022\/05\/schmetterling016.jpg 700w, https:\/\/guentersahler.de\/wp-content\/uploads\/2022\/05\/schmetterling016-300x172.jpg 300w, https:\/\/guentersahler.de\/wp-content\/uploads\/2022\/05\/schmetterling016-624x357.jpg 624w\" sizes=\"(max-width: 700px) 100vw, 700px\" \/><figcaption><em>Schmetterling aus der Familie der Wei\u00dflinge<\/em> <em>am Homberg (Anfang Mai 2022).<\/em><\/figcaption><\/figure>\n\n\n\n<p><strong>VI. Bl\u00fcmchen am Homberg<\/strong><\/p>\n\n\n\n<p>Hier ein paar Bilder zu den typischen Vertretern Anfang Mai. <\/p>\n\n\n\n<figure class=\"wp-block-image size-large\"><img loading=\"lazy\" decoding=\"async\" width=\"700\" height=\"333\" src=\"https:\/\/guentersahler.de\/wp-content\/uploads\/2022\/05\/homberg005.jpg\" alt=\"\" class=\"wp-image-20325\" srcset=\"https:\/\/guentersahler.de\/wp-content\/uploads\/2022\/05\/homberg005.jpg 700w, https:\/\/guentersahler.de\/wp-content\/uploads\/2022\/05\/homberg005-300x143.jpg 300w, https:\/\/guentersahler.de\/wp-content\/uploads\/2022\/05\/homberg005-624x297.jpg 624w\" sizes=\"(max-width: 700px) 100vw, 700px\" \/><figcaption><em>(Anfang Mai 2022).<\/em><\/figcaption><\/figure>\n\n\n\n<figure class=\"wp-block-image size-large\"><img loading=\"lazy\" decoding=\"async\" width=\"700\" height=\"316\" src=\"https:\/\/guentersahler.de\/wp-content\/uploads\/2022\/05\/homberg007.jpg\" alt=\"\" class=\"wp-image-20323\" srcset=\"https:\/\/guentersahler.de\/wp-content\/uploads\/2022\/05\/homberg007.jpg 700w, https:\/\/guentersahler.de\/wp-content\/uploads\/2022\/05\/homberg007-300x135.jpg 300w, https:\/\/guentersahler.de\/wp-content\/uploads\/2022\/05\/homberg007-624x282.jpg 624w\" sizes=\"(max-width: 700px) 100vw, 700px\" \/><figcaption><em>(Anfang Mai 2022).<\/em><\/figcaption><\/figure>\n\n\n\n<figure class=\"wp-block-image size-large\"><img loading=\"lazy\" decoding=\"async\" width=\"700\" height=\"359\" src=\"https:\/\/guentersahler.de\/wp-content\/uploads\/2022\/05\/homberg006.jpg\" alt=\"\" class=\"wp-image-20324\" srcset=\"https:\/\/guentersahler.de\/wp-content\/uploads\/2022\/05\/homberg006.jpg 700w, https:\/\/guentersahler.de\/wp-content\/uploads\/2022\/05\/homberg006-300x154.jpg 300w, https:\/\/guentersahler.de\/wp-content\/uploads\/2022\/05\/homberg006-624x320.jpg 624w\" sizes=\"(max-width: 700px) 100vw, 700px\" \/><figcaption><em>(Anfang Mai 2022).<\/em><\/figcaption><\/figure>\n\n\n\n<figure class=\"wp-block-image size-large\"><img loading=\"lazy\" decoding=\"async\" width=\"700\" height=\"387\" src=\"https:\/\/guentersahler.de\/wp-content\/uploads\/2022\/05\/wildungen001.jpg\" alt=\"\" class=\"wp-image-20348\" srcset=\"https:\/\/guentersahler.de\/wp-content\/uploads\/2022\/05\/wildungen001.jpg 700w, https:\/\/guentersahler.de\/wp-content\/uploads\/2022\/05\/wildungen001-300x166.jpg 300w, https:\/\/guentersahler.de\/wp-content\/uploads\/2022\/05\/wildungen001-624x345.jpg 624w\" sizes=\"(max-width: 700px) 100vw, 700px\" \/><figcaption><em>(Anfang Mai 2022).<\/em><\/figcaption><\/figure>\n\n\n\n<p><strong>VII. Insektenfriedhof<\/strong> <strong>&amp; &#8222;Darf ich sie fragen, was Sie da fotografieren?&#8220;<\/strong><\/p>\n\n\n\n<p>Bereits nah beim Kurpark in Bad Wildungen hatte ich einen kleinen Insektenfiedhof auf dem Weg gesehen: K\u00e4fer und Fliegen. Den K\u00e4fer sah ich sp\u00e4ter am Ortsrand von Wildungen. Als ich mich niederkniete, um das Insekt zu fotografieren, sprach mich ein Mann an, der mit einer Bierflasche auf einer Bank sa\u00df. <\/p>\n\n\n\n<p>Er: &#8222;Darf ich sie fragen, was Sie da fotografieren?&#8220;<br>Ich: &#8222;Einen K\u00e4fer &#8230;&#8220;<\/p>\n\n\n\n<p>Sp\u00e4ter, als ich mir das Bild ansah, war ich mir gar nicht sicher, was ich da abgelichtet hatte. 1. sah es mehr wie eine Wanze aus. 2. Waren es zwei Insekten.  <\/p>\n\n\n\n<p>Es war aber ein K\u00e4fer und zwar ein Rothalsiger Silphe.<\/p>\n\n\n\n<figure class=\"wp-block-image size-large\"><img loading=\"lazy\" decoding=\"async\" width=\"700\" height=\"510\" src=\"https:\/\/guentersahler.de\/wp-content\/uploads\/2022\/05\/insektenfriedhof001.jpg\" alt=\"\" class=\"wp-image-20322\" srcset=\"https:\/\/guentersahler.de\/wp-content\/uploads\/2022\/05\/insektenfriedhof001.jpg 700w, https:\/\/guentersahler.de\/wp-content\/uploads\/2022\/05\/insektenfriedhof001-300x219.jpg 300w, https:\/\/guentersahler.de\/wp-content\/uploads\/2022\/05\/insektenfriedhof001-624x455.jpg 624w\" sizes=\"(max-width: 700px) 100vw, 700px\" \/><figcaption>Rothalsige Silphe und andere Insekten. Vielleicht kam der K\u00e4fer beim Fressen selber um <em>(Anfang Mai 2022).<\/em><\/figcaption><\/figure>\n\n\n\n<figure class=\"wp-block-image size-large\"><img decoding=\"async\" src=\"https:\/\/guentersahler.de\/wp-content\/uploads\/2022\/05\/insekt074.jpg\" alt=\"\"\/><figcaption><em>Paarung der Rothalsige Silphe<\/em> <em>(Anfang Mai 2022).<\/em><\/figcaption><\/figure>\n\n\n\n<figure class=\"wp-block-image size-large\"><img loading=\"lazy\" decoding=\"async\" width=\"700\" height=\"401\" src=\"https:\/\/guentersahler.de\/wp-content\/uploads\/2022\/05\/schwebfliege001.jpg\" alt=\"\" class=\"wp-image-20321\" srcset=\"https:\/\/guentersahler.de\/wp-content\/uploads\/2022\/05\/schwebfliege001.jpg 700w, https:\/\/guentersahler.de\/wp-content\/uploads\/2022\/05\/schwebfliege001-300x172.jpg 300w, https:\/\/guentersahler.de\/wp-content\/uploads\/2022\/05\/schwebfliege001-624x357.jpg 624w\" sizes=\"(max-width: 700px) 100vw, 700px\" \/><figcaption>Schwebfliege als Hummel getarnt: Hummel-Waldschwebfliege am Homberg <em>(Anfang Mai 2022).<\/em><\/figcaption><\/figure>\n\n\n\n<figure class=\"wp-block-image size-large\"><img loading=\"lazy\" decoding=\"async\" width=\"700\" height=\"483\" src=\"https:\/\/guentersahler.de\/wp-content\/uploads\/2022\/05\/schwebfliege002.jpg\" alt=\"\" class=\"wp-image-20320\" srcset=\"https:\/\/guentersahler.de\/wp-content\/uploads\/2022\/05\/schwebfliege002.jpg 700w, https:\/\/guentersahler.de\/wp-content\/uploads\/2022\/05\/schwebfliege002-300x207.jpg 300w, https:\/\/guentersahler.de\/wp-content\/uploads\/2022\/05\/schwebfliege002-624x431.jpg 624w\" sizes=\"(max-width: 700px) 100vw, 700px\" \/><figcaption><em>Hummel-Waldschwebfliege am Homberg (Anfang Mai 2022).<\/em><\/figcaption><\/figure>\n\n\n\n<figure class=\"wp-block-image size-large\"><img loading=\"lazy\" decoding=\"async\" width=\"700\" height=\"283\" src=\"https:\/\/guentersahler.de\/wp-content\/uploads\/2022\/05\/schneeglock015.jpg\" alt=\"\" class=\"wp-image-20317\" srcset=\"https:\/\/guentersahler.de\/wp-content\/uploads\/2022\/05\/schneeglock015.jpg 700w, https:\/\/guentersahler.de\/wp-content\/uploads\/2022\/05\/schneeglock015-300x121.jpg 300w, https:\/\/guentersahler.de\/wp-content\/uploads\/2022\/05\/schneeglock015-624x252.jpg 624w\" sizes=\"(max-width: 700px) 100vw, 700px\" \/><figcaption><em>Schnecke am Homberg (Anfang Mai 2022).<\/em><\/figcaption><\/figure>\n\n\n\n<p>Der Wald am Homberg sieht weitestgehend intakt aus. Buchen, Eichen, Kiefern sind hier in der \u00dcberzahl. Der Sturm am <em>24. Februar 202<\/em>2 hat hier einige B\u00e4ume umgerissen. Das Datum hatte man auf die B\u00e4ume geschrieben. <\/p>\n\n\n\n<figure class=\"wp-block-image size-large\"><img loading=\"lazy\" decoding=\"async\" width=\"700\" height=\"304\" src=\"https:\/\/guentersahler.de\/wp-content\/uploads\/2022\/05\/homberg008.jpg\" alt=\"\" class=\"wp-image-20315\" srcset=\"https:\/\/guentersahler.de\/wp-content\/uploads\/2022\/05\/homberg008.jpg 700w, https:\/\/guentersahler.de\/wp-content\/uploads\/2022\/05\/homberg008-300x130.jpg 300w, https:\/\/guentersahler.de\/wp-content\/uploads\/2022\/05\/homberg008-624x271.jpg 624w\" sizes=\"(max-width: 700px) 100vw, 700px\" \/><figcaption>Totholz am Homberg <em>(Anfang Mai 2022).<\/em><\/figcaption><\/figure>\n\n\n\n<figure class=\"wp-block-image size-large\"><img loading=\"lazy\" decoding=\"async\" width=\"700\" height=\"338\" src=\"https:\/\/guentersahler.de\/wp-content\/uploads\/2022\/05\/homberg009.jpg\" alt=\"\" class=\"wp-image-20314\" srcset=\"https:\/\/guentersahler.de\/wp-content\/uploads\/2022\/05\/homberg009.jpg 700w, https:\/\/guentersahler.de\/wp-content\/uploads\/2022\/05\/homberg009-300x145.jpg 300w, https:\/\/guentersahler.de\/wp-content\/uploads\/2022\/05\/homberg009-624x301.jpg 624w\" sizes=\"(max-width: 700px) 100vw, 700px\" \/><figcaption><em>Totholz am Homberg (Anfang Mai 2022).<\/em><\/figcaption><\/figure>\n\n\n\n<p>Am Wegesrand standen zahlreiche Brennnesseln. Im Oberbergischen sah ich unz\u00e4hlige Raupen des Kleinen Fuchs in den Brennnesseln. Hier nicht. Aber an einigen Brennnesseln waren die Bl\u00e4tter eingerollt. <\/p>\n\n\n\n<figure class=\"wp-block-image size-large\"><img loading=\"lazy\" decoding=\"async\" width=\"700\" height=\"400\" src=\"https:\/\/guentersahler.de\/wp-content\/uploads\/2022\/05\/homberg010.jpg\" alt=\"\" class=\"wp-image-20313\" srcset=\"https:\/\/guentersahler.de\/wp-content\/uploads\/2022\/05\/homberg010.jpg 700w, https:\/\/guentersahler.de\/wp-content\/uploads\/2022\/05\/homberg010-300x171.jpg 300w, https:\/\/guentersahler.de\/wp-content\/uploads\/2022\/05\/homberg010-624x357.jpg 624w\" sizes=\"(max-width: 700px) 100vw, 700px\" \/><figcaption><em>(Anfang Mai 2022).<\/em><\/figcaption><\/figure>\n\n\n\n<p><strong>In die Wohnung verschleppt, Teil 2<\/strong><\/p>\n\n\n\n<p>Nach der zweiten Tour sa\u00df ein Insekt auf dem Sofa.<\/p>\n\n\n\n<figure class=\"wp-block-image size-large\"><img loading=\"lazy\" decoding=\"async\" width=\"700\" height=\"286\" src=\"https:\/\/guentersahler.de\/wp-content\/uploads\/2022\/05\/insekt075.jpg\" alt=\"\" class=\"wp-image-20309\" srcset=\"https:\/\/guentersahler.de\/wp-content\/uploads\/2022\/05\/insekt075.jpg 700w, https:\/\/guentersahler.de\/wp-content\/uploads\/2022\/05\/insekt075-300x123.jpg 300w, https:\/\/guentersahler.de\/wp-content\/uploads\/2022\/05\/insekt075-624x255.jpg 624w\" sizes=\"(max-width: 700px) 100vw, 700px\" \/><figcaption>Schlammfliege, auch Wasserflorfliege genannt <em>(Anfang Mai 2022).<\/em><\/figcaption><\/figure>\n\n\n\n<figure class=\"wp-block-image size-large\"><img loading=\"lazy\" decoding=\"async\" width=\"700\" height=\"368\" src=\"https:\/\/guentersahler.de\/wp-content\/uploads\/2022\/05\/insekt078.jpg\" alt=\"\" class=\"wp-image-20306\" srcset=\"https:\/\/guentersahler.de\/wp-content\/uploads\/2022\/05\/insekt078.jpg 700w, https:\/\/guentersahler.de\/wp-content\/uploads\/2022\/05\/insekt078-300x158.jpg 300w, https:\/\/guentersahler.de\/wp-content\/uploads\/2022\/05\/insekt078-624x328.jpg 624w\" sizes=\"(max-width: 700px) 100vw, 700px\" \/><figcaption>Schlammfliege, auch Wasserflorfliege genannt <em>(Anfang Mai 2022).<\/em><\/figcaption><\/figure>\n\n\n\n<figure class=\"wp-block-image size-large\"><img loading=\"lazy\" decoding=\"async\" width=\"700\" height=\"331\" src=\"https:\/\/guentersahler.de\/wp-content\/uploads\/2022\/05\/insekt076.jpg\" alt=\"\" class=\"wp-image-20308\" srcset=\"https:\/\/guentersahler.de\/wp-content\/uploads\/2022\/05\/insekt076.jpg 700w, https:\/\/guentersahler.de\/wp-content\/uploads\/2022\/05\/insekt076-300x142.jpg 300w, https:\/\/guentersahler.de\/wp-content\/uploads\/2022\/05\/insekt076-624x295.jpg 624w\" sizes=\"(max-width: 700px) 100vw, 700px\" \/><figcaption>Schlammfliege, auch Wasserflorfliege genannt <em>(Anfang Mai 2022).<\/em><\/figcaption><\/figure>\n\n\n\n<figure class=\"wp-block-image size-large\"><img loading=\"lazy\" decoding=\"async\" width=\"700\" height=\"301\" src=\"https:\/\/guentersahler.de\/wp-content\/uploads\/2022\/05\/insekt077.jpg\" alt=\"\" class=\"wp-image-20307\" srcset=\"https:\/\/guentersahler.de\/wp-content\/uploads\/2022\/05\/insekt077.jpg 700w, https:\/\/guentersahler.de\/wp-content\/uploads\/2022\/05\/insekt077-300x129.jpg 300w, https:\/\/guentersahler.de\/wp-content\/uploads\/2022\/05\/insekt077-624x268.jpg 624w\" sizes=\"(max-width: 700px) 100vw, 700px\" \/><figcaption>Schlammfliege, auch Wasserflorfliege genannt <em>(Anfang Mai 2022).<\/em><\/figcaption><\/figure>\n\n\n\n<figure class=\"wp-block-image size-large\"><img loading=\"lazy\" decoding=\"async\" width=\"700\" height=\"322\" src=\"https:\/\/guentersahler.de\/wp-content\/uploads\/2022\/05\/insekt079.jpg\" alt=\"\" class=\"wp-image-20305\" srcset=\"https:\/\/guentersahler.de\/wp-content\/uploads\/2022\/05\/insekt079.jpg 700w, https:\/\/guentersahler.de\/wp-content\/uploads\/2022\/05\/insekt079-300x138.jpg 300w, https:\/\/guentersahler.de\/wp-content\/uploads\/2022\/05\/insekt079-624x287.jpg 624w\" sizes=\"(max-width: 700px) 100vw, 700px\" \/><figcaption>Schlammfliege, auch Wasserflorfliege genannt <em>(Anfang Mai 2022).<\/em><\/figcaption><\/figure>\n\n\n\n<p><strong>Skizzenbuch<\/strong><\/p>\n\n\n\n<figure class=\"wp-block-image size-large\"><img loading=\"lazy\" decoding=\"async\" width=\"700\" height=\"550\" src=\"https:\/\/guentersahler.de\/wp-content\/uploads\/2022\/05\/Maiskizze001.jpg\" alt=\"\" class=\"wp-image-20301\" srcset=\"https:\/\/guentersahler.de\/wp-content\/uploads\/2022\/05\/Maiskizze001.jpg 700w, https:\/\/guentersahler.de\/wp-content\/uploads\/2022\/05\/Maiskizze001-300x236.jpg 300w, https:\/\/guentersahler.de\/wp-content\/uploads\/2022\/05\/Maiskizze001-624x490.jpg 624w\" sizes=\"(max-width: 700px) 100vw, 700px\" \/><figcaption>Skizze: Teich im Kurpark von Reinhardshausen <em>(Anfang Mai 2022).<\/em><\/figcaption><\/figure>\n\n\n\n<figure class=\"wp-block-image size-large\"><img loading=\"lazy\" decoding=\"async\" width=\"700\" height=\"547\" src=\"https:\/\/guentersahler.de\/wp-content\/uploads\/2022\/05\/Maiskizze002.jpg\" alt=\"\" class=\"wp-image-20300\" srcset=\"https:\/\/guentersahler.de\/wp-content\/uploads\/2022\/05\/Maiskizze002.jpg 700w, https:\/\/guentersahler.de\/wp-content\/uploads\/2022\/05\/Maiskizze002-300x234.jpg 300w, https:\/\/guentersahler.de\/wp-content\/uploads\/2022\/05\/Maiskizze002-624x488.jpg 624w\" sizes=\"(max-width: 700px) 100vw, 700px\" \/><figcaption>Skizze: Schw\u00e4ne im Kurpark von Reinhardshausen vom Handymonitor abgezeichnet <em>(Anfang Mai 2022).<\/em><\/figcaption><\/figure>\n\n\n\n<figure class=\"wp-block-image size-large\"><img loading=\"lazy\" decoding=\"async\" width=\"700\" height=\"543\" src=\"https:\/\/guentersahler.de\/wp-content\/uploads\/2022\/05\/Maiskizze003.jpg\" alt=\"\" class=\"wp-image-20299\" srcset=\"https:\/\/guentersahler.de\/wp-content\/uploads\/2022\/05\/Maiskizze003.jpg 700w, https:\/\/guentersahler.de\/wp-content\/uploads\/2022\/05\/Maiskizze003-300x233.jpg 300w, https:\/\/guentersahler.de\/wp-content\/uploads\/2022\/05\/Maiskizze003-624x484.jpg 624w\" sizes=\"(max-width: 700px) 100vw, 700px\" \/><figcaption><em>Skizze: Ortschaft bei Reinhardshausen. Ich tippe auf Albertshausen. Dann w\u00e4re der <a href=\"https:\/\/guentersahler.de\/?p=22153\">Hutewald Halloh<\/a>, den ich im Juli besuchte, hinten links (Anfang Mai 2022).<\/em><\/figcaption><\/figure>\n\n\n\n<figure class=\"wp-block-image size-large\"><img loading=\"lazy\" decoding=\"async\" width=\"700\" height=\"534\" src=\"https:\/\/guentersahler.de\/wp-content\/uploads\/2022\/05\/Maiskizze004.jpg\" alt=\"\" class=\"wp-image-20298\" srcset=\"https:\/\/guentersahler.de\/wp-content\/uploads\/2022\/05\/Maiskizze004.jpg 700w, https:\/\/guentersahler.de\/wp-content\/uploads\/2022\/05\/Maiskizze004-300x229.jpg 300w, https:\/\/guentersahler.de\/wp-content\/uploads\/2022\/05\/Maiskizze004-624x476.jpg 624w\" sizes=\"(max-width: 700px) 100vw, 700px\" \/><figcaption><em>Skizze: R<\/em>einhardshausen<em> (Anfang Mai 2022).<\/em><\/figcaption><\/figure>\n\n\n\n<figure class=\"wp-block-image size-large\"><img loading=\"lazy\" decoding=\"async\" width=\"700\" height=\"544\" src=\"https:\/\/guentersahler.de\/wp-content\/uploads\/2022\/05\/Maiskizze005.jpg\" alt=\"\" class=\"wp-image-20297\" srcset=\"https:\/\/guentersahler.de\/wp-content\/uploads\/2022\/05\/Maiskizze005.jpg 700w, https:\/\/guentersahler.de\/wp-content\/uploads\/2022\/05\/Maiskizze005-300x233.jpg 300w, https:\/\/guentersahler.de\/wp-content\/uploads\/2022\/05\/Maiskizze005-624x485.jpg 624w\" sizes=\"(max-width: 700px) 100vw, 700px\" \/><figcaption><em>Skizze: K\u00e4fer vom Handymonitor abgezeichnet (Anfang Mai 2022).<\/em><\/figcaption><\/figure>\n\n\n\n<figure class=\"wp-block-image size-large\"><img loading=\"lazy\" decoding=\"async\" width=\"700\" height=\"542\" src=\"https:\/\/guentersahler.de\/wp-content\/uploads\/2022\/05\/Maiskizze006.jpg\" alt=\"\" class=\"wp-image-20296\" srcset=\"https:\/\/guentersahler.de\/wp-content\/uploads\/2022\/05\/Maiskizze006.jpg 700w, https:\/\/guentersahler.de\/wp-content\/uploads\/2022\/05\/Maiskizze006-300x232.jpg 300w, https:\/\/guentersahler.de\/wp-content\/uploads\/2022\/05\/Maiskizze006-624x483.jpg 624w\" sizes=\"(max-width: 700px) 100vw, 700px\" \/><figcaption><em>Skizze: Wolken \u00fcber Reinhardshausen  (Anfang Mai 2022).<\/em><\/figcaption><\/figure>\n\n\n\n<figure class=\"wp-block-image size-large\"><img loading=\"lazy\" decoding=\"async\" width=\"700\" height=\"535\" src=\"https:\/\/guentersahler.de\/wp-content\/uploads\/2022\/05\/Maiskizze007.jpg\" alt=\"\" class=\"wp-image-20295\" srcset=\"https:\/\/guentersahler.de\/wp-content\/uploads\/2022\/05\/Maiskizze007.jpg 700w, https:\/\/guentersahler.de\/wp-content\/uploads\/2022\/05\/Maiskizze007-300x229.jpg 300w, https:\/\/guentersahler.de\/wp-content\/uploads\/2022\/05\/Maiskizze007-624x477.jpg 624w\" sizes=\"(max-width: 700px) 100vw, 700px\" \/><figcaption><em>Skizze: Nach einem Bild (Postkarte) von Willi Tillmans (mit einem n!) gezeichnet. Tillmans wohnte in Kleinern (Gemeinde Edertal<\/em>) <em>bei Bad Wildungen (Anfang Mai 2022).<\/em><\/figcaption><\/figure>\n\n\n\n<figure class=\"wp-block-image size-large\"><img loading=\"lazy\" decoding=\"async\" width=\"700\" height=\"404\" src=\"https:\/\/guentersahler.de\/wp-content\/uploads\/2022\/05\/tillmanns001.jpg\" alt=\"\" class=\"wp-image-20302\" srcset=\"https:\/\/guentersahler.de\/wp-content\/uploads\/2022\/05\/tillmanns001.jpg 700w, https:\/\/guentersahler.de\/wp-content\/uploads\/2022\/05\/tillmanns001-300x173.jpg 300w, https:\/\/guentersahler.de\/wp-content\/uploads\/2022\/05\/tillmanns001-624x360.jpg 624w\" sizes=\"(max-width: 700px) 100vw, 700px\" \/><figcaption>Wasserfarben von Staedtler (&#8222;Design Journey, Kartonetui mit 12 Aquarellfarben&#8220;) und Staedtler Water brush (&#8222;Design Journey 949 Small Water Brush&#8220;) beides aus dem Buch + Presse-Laden Gie\u00dfing &amp; Hommel in der Hauptstra\u00dfe von Reinhardshausen, die Malvorlage (Postkarte aus dem Willi Tillmans-Museum in Reinhardshausen), mein Skizzenbuch, kleine Wasserbecher, kleine Mischpalette aus Kunststofffolie. <br>Zu Staedler siehe auch die <a rel=\"noreferrer noopener\" href=\"https:\/\/www.staedtler.com\/de\/de\/entdecken\/design-journey-art-class\/\" target=\"_blank\">Design Journey Art Class<\/a> (&#8222;Die Design Journey Zeichenschule ist ein kostenloser Onlinekurs f\u00fcr Anf\u00e4nger und kreative Hobbyk\u00fcnstler, die grundlegende Zeichentechniken erlernen m\u00f6chten&#8220;). <\/figcaption><\/figure>\n\n\n\n<p><\/p>\n\n\n\n<p>In der Wandelhalle von Reinhardshausen gibt es ein kleines Museum zum Maler Willi Tillmans (1888 &#8211; 1985).<\/p>\n\n\n\n<div class=\"wp-block-image\"><figure class=\"aligncenter size-large\"><img loading=\"lazy\" decoding=\"async\" width=\"400\" height=\"377\" src=\"https:\/\/guentersahler.de\/wp-content\/uploads\/2022\/05\/tillmanns002.jpg\" alt=\"\" class=\"wp-image-20293\" srcset=\"https:\/\/guentersahler.de\/wp-content\/uploads\/2022\/05\/tillmanns002.jpg 400w, https:\/\/guentersahler.de\/wp-content\/uploads\/2022\/05\/tillmanns002-300x283.jpg 300w\" sizes=\"(max-width: 400px) 100vw, 400px\" \/><\/figure><\/div>\n\n\n","protected":false},"excerpt":{"rendered":"<p>Bei der ersten Tour in Reinhardshausen Anfang April gab es einen Wintereinbruch. Jetzt einen Monat sp\u00e4ter war Kaiserwetter: Sonnenschein und Temperaturen um die 20 Grad. I. Kurpark Reinhardshausen Im Kurpark grasten zwei Schw\u00e4ne. An neugierige Menschen gew\u00f6hnt, lie\u00dfen sie mich &hellip; <a href=\"https:\/\/guentersahler.de\/?p=20353\">Weiter<\/a><\/p>\n","protected":false},"author":1,"featured_media":20297,"comment_status":"closed","ping_status":"closed","sticky":false,"template":"","format":"standard","meta":{"footnotes":""},"categories":[33,115],"tags":[],"class_list":["post-20353","post","type-post","status-publish","format-standard","has-post-thumbnail","hentry","category-blog","category-reisen-als-nature-journaler"],"_links":{"self":[{"href":"https:\/\/guentersahler.de\/index.php?rest_route=\/wp\/v2\/posts\/20353"}],"collection":[{"href":"https:\/\/guentersahler.de\/index.php?rest_route=\/wp\/v2\/posts"}],"about":[{"href":"https:\/\/guentersahler.de\/index.php?rest_route=\/wp\/v2\/types\/post"}],"author":[{"embeddable":true,"href":"https:\/\/guentersahler.de\/index.php?rest_route=\/wp\/v2\/users\/1"}],"replies":[{"embeddable":true,"href":"https:\/\/guentersahler.de\/index.php?rest_route=%2Fwp%2Fv2%2Fcomments&post=20353"}],"version-history":[{"count":38,"href":"https:\/\/guentersahler.de\/index.php?rest_route=\/wp\/v2\/posts\/20353\/revisions"}],"predecessor-version":[{"id":22214,"href":"https:\/\/guentersahler.de\/index.php?rest_route=\/wp\/v2\/posts\/20353\/revisions\/22214"}],"wp:featuredmedia":[{"embeddable":true,"href":"https:\/\/guentersahler.de\/index.php?rest_route=\/wp\/v2\/media\/20297"}],"wp:attachment":[{"href":"https:\/\/guentersahler.de\/index.php?rest_route=%2Fwp%2Fv2%2Fmedia&parent=20353"}],"wp:term":[{"taxonomy":"category","embeddable":true,"href":"https:\/\/guentersahler.de\/index.php?rest_route=%2Fwp%2Fv2%2Fcategories&post=20353"},{"taxonomy":"post_tag","embeddable":true,"href":"https:\/\/guentersahler.de\/index.php?rest_route=%2Fwp%2Fv2%2Ftags&post=20353"}],"curies":[{"name":"wp","href":"https:\/\/api.w.org\/{rel}","templated":true}]}}