{"id":22164,"date":"2022-07-31T16:48:42","date_gmt":"2022-07-31T16:48:42","guid":{"rendered":"http:\/\/guentersahler.de\/?p=22164"},"modified":"2022-11-06T16:50:32","modified_gmt":"2022-11-06T16:50:32","slug":"edersee","status":"publish","type":"post","link":"https:\/\/guentersahler.de\/?p=22164","title":{"rendered":"Edersee"},"content":{"rendered":"\n<p>Hallo!<\/p>\n\n\n\n<p>Ausflug von Reinhardshausen zum Edersee. Will man ja auch mal gewesen sein, sag ich jetzt mal.<\/p>\n\n\n\n<figure class=\"wp-block-image size-large\"><img loading=\"lazy\" decoding=\"async\" width=\"700\" height=\"473\" src=\"https:\/\/guentersahler.de\/wp-content\/uploads\/2022\/07\/edersee006.jpg\" alt=\"\" class=\"wp-image-22085\" srcset=\"https:\/\/guentersahler.de\/wp-content\/uploads\/2022\/07\/edersee006.jpg 700w, https:\/\/guentersahler.de\/wp-content\/uploads\/2022\/07\/edersee006-300x203.jpg 300w, https:\/\/guentersahler.de\/wp-content\/uploads\/2022\/07\/edersee006-624x422.jpg 624w\" sizes=\"(max-width: 700px) 100vw, 700px\" \/><figcaption>Blick vom Edersee hoch zum Schloss Waldeck.<\/figcaption><\/figure>\n\n\n\n<figure class=\"wp-block-image size-large\"><img loading=\"lazy\" decoding=\"async\" width=\"700\" height=\"380\" src=\"https:\/\/guentersahler.de\/wp-content\/uploads\/2022\/07\/edersee001-1.jpg\" alt=\"\" class=\"wp-image-22165\" srcset=\"https:\/\/guentersahler.de\/wp-content\/uploads\/2022\/07\/edersee001-1.jpg 700w, https:\/\/guentersahler.de\/wp-content\/uploads\/2022\/07\/edersee001-1-300x163.jpg 300w, https:\/\/guentersahler.de\/wp-content\/uploads\/2022\/07\/edersee001-1-624x339.jpg 624w\" sizes=\"(max-width: 700px) 100vw, 700px\" \/><figcaption>Blick vom Weg zum Schlo\u00df Waldeck auf den Edersee mit der Halbinsel an den Hopfenbergen<\/figcaption><\/figure>\n\n\n\n<figure class=\"wp-block-image size-large\"><img loading=\"lazy\" decoding=\"async\" width=\"700\" height=\"341\" src=\"https:\/\/guentersahler.de\/wp-content\/uploads\/2022\/07\/edersee002.jpg\" alt=\"\" class=\"wp-image-22089\" srcset=\"https:\/\/guentersahler.de\/wp-content\/uploads\/2022\/07\/edersee002.jpg 700w, https:\/\/guentersahler.de\/wp-content\/uploads\/2022\/07\/edersee002-300x146.jpg 300w, https:\/\/guentersahler.de\/wp-content\/uploads\/2022\/07\/edersee002-624x304.jpg 624w\" sizes=\"(max-width: 700px) 100vw, 700px\" \/><figcaption>Blick von Schloss Waldeck auf den Edersee (nach Westen)<\/figcaption><\/figure>\n\n\n\n<figure class=\"wp-block-image size-large\"><img loading=\"lazy\" decoding=\"async\" width=\"700\" height=\"229\" src=\"https:\/\/guentersahler.de\/wp-content\/uploads\/2022\/07\/edersee003.jpg\" alt=\"\" class=\"wp-image-22088\" srcset=\"https:\/\/guentersahler.de\/wp-content\/uploads\/2022\/07\/edersee003.jpg 700w, https:\/\/guentersahler.de\/wp-content\/uploads\/2022\/07\/edersee003-300x98.jpg 300w, https:\/\/guentersahler.de\/wp-content\/uploads\/2022\/07\/edersee003-624x204.jpg 624w\" sizes=\"(max-width: 700px) 100vw, 700px\" \/><figcaption>Strand und Segelhafen am Edersee<\/figcaption><\/figure>\n\n\n\n<figure class=\"wp-block-image size-large\"><img loading=\"lazy\" decoding=\"async\" width=\"700\" height=\"347\" src=\"https:\/\/guentersahler.de\/wp-content\/uploads\/2022\/07\/edersee004.jpg\" alt=\"\" class=\"wp-image-22087\" srcset=\"https:\/\/guentersahler.de\/wp-content\/uploads\/2022\/07\/edersee004.jpg 700w, https:\/\/guentersahler.de\/wp-content\/uploads\/2022\/07\/edersee004-300x149.jpg 300w, https:\/\/guentersahler.de\/wp-content\/uploads\/2022\/07\/edersee004-624x309.jpg 624w\" sizes=\"(max-width: 700px) 100vw, 700px\" \/><figcaption>Halbinsel an den Hopfenbergen die bei Niedrigwasser sogar zu Fu\u00df erreichbar ist. <\/figcaption><\/figure>\n\n\n\n<figure class=\"wp-block-image size-large\"><img loading=\"lazy\" decoding=\"async\" width=\"700\" height=\"353\" src=\"https:\/\/guentersahler.de\/wp-content\/uploads\/2022\/07\/edersee005.jpg\" alt=\"\" class=\"wp-image-22086\" srcset=\"https:\/\/guentersahler.de\/wp-content\/uploads\/2022\/07\/edersee005.jpg 700w, https:\/\/guentersahler.de\/wp-content\/uploads\/2022\/07\/edersee005-300x151.jpg 300w, https:\/\/guentersahler.de\/wp-content\/uploads\/2022\/07\/edersee005-624x315.jpg 624w\" sizes=\"(max-width: 700px) 100vw, 700px\" \/><figcaption>Hammerspitze und Halbinsel an den Hopfenbergen, die bei Niedrigwasser sogar zu Fu\u00df erreichbar ist. An diesem Tag war es noch nicht ganz so weit. Man h\u00e4tte wohl noch ein paar Meter schwimmen m\u00fcssen.<\/figcaption><\/figure>\n\n\n\n<p>Tsch\u00fcss, bis zum n\u00e4chsten Mal.<\/p>\n","protected":false},"excerpt":{"rendered":"<p>Hallo! Ausflug von Reinhardshausen zum Edersee. Will man ja auch mal gewesen sein, sag ich jetzt mal. Tsch\u00fcss, bis zum n\u00e4chsten Mal.<\/p>\n","protected":false},"author":1,"featured_media":22089,"comment_status":"closed","ping_status":"closed","sticky":false,"template":"","format":"standard","meta":{"footnotes":""},"categories":[33],"tags":[],"class_list":["post-22164","post","type-post","status-publish","format-standard","has-post-thumbnail","hentry","category-blog"],"_links":{"self":[{"href":"https:\/\/guentersahler.de\/index.php?rest_route=\/wp\/v2\/posts\/22164"}],"collection":[{"href":"https:\/\/guentersahler.de\/index.php?rest_route=\/wp\/v2\/posts"}],"about":[{"href":"https:\/\/guentersahler.de\/index.php?rest_route=\/wp\/v2\/types\/post"}],"author":[{"embeddable":true,"href":"https:\/\/guentersahler.de\/index.php?rest_route=\/wp\/v2\/users\/1"}],"replies":[{"embeddable":true,"href":"https:\/\/guentersahler.de\/index.php?rest_route=%2Fwp%2Fv2%2Fcomments&post=22164"}],"version-history":[{"count":4,"href":"https:\/\/guentersahler.de\/index.php?rest_route=\/wp\/v2\/posts\/22164\/revisions"}],"predecessor-version":[{"id":23953,"href":"https:\/\/guentersahler.de\/index.php?rest_route=\/wp\/v2\/posts\/22164\/revisions\/23953"}],"wp:featuredmedia":[{"embeddable":true,"href":"https:\/\/guentersahler.de\/index.php?rest_route=\/wp\/v2\/media\/22089"}],"wp:attachment":[{"href":"https:\/\/guentersahler.de\/index.php?rest_route=%2Fwp%2Fv2%2Fmedia&parent=22164"}],"wp:term":[{"taxonomy":"category","embeddable":true,"href":"https:\/\/guentersahler.de\/index.php?rest_route=%2Fwp%2Fv2%2Fcategories&post=22164"},{"taxonomy":"post_tag","embeddable":true,"href":"https:\/\/guentersahler.de\/index.php?rest_route=%2Fwp%2Fv2%2Ftags&post=22164"}],"curies":[{"name":"wp","href":"https:\/\/api.w.org\/{rel}","templated":true}]}}