{"id":22617,"date":"2022-08-29T11:55:33","date_gmt":"2022-08-29T11:55:33","guid":{"rendered":"http:\/\/guentersahler.de\/?p=22617"},"modified":"2022-11-27T17:33:06","modified_gmt":"2022-11-27T17:33:06","slug":"park-der-gaerten-in-bad-zwischenahn-2022","status":"publish","type":"post","link":"https:\/\/guentersahler.de\/?p=22617","title":{"rendered":"Park der G\u00e4rten in Bad Zwischenahn 2022"},"content":{"rendered":"\n<p>Moin!<\/p>\n\n\n\n<p>Im Park der G\u00e4rten in Bad Zwischenahn-Rostrup. Diesmal insbesondere die neue Ausstellung der Vogelsammlung Georg Wilts.<\/p>\n\n\n\n<p><\/p>\n\n\n\n<figure class=\"wp-block-image size-large\"><img loading=\"lazy\" decoding=\"async\" width=\"700\" height=\"450\" src=\"https:\/\/guentersahler.de\/wp-content\/uploads\/2022\/08\/pdg001.jpg\" alt=\"\" class=\"wp-image-22585\" srcset=\"https:\/\/guentersahler.de\/wp-content\/uploads\/2022\/08\/pdg001.jpg 700w, https:\/\/guentersahler.de\/wp-content\/uploads\/2022\/08\/pdg001-300x193.jpg 300w, https:\/\/guentersahler.de\/wp-content\/uploads\/2022\/08\/pdg001-624x401.jpg 624w\" sizes=\"(max-width: 700px) 100vw, 700px\" \/><figcaption>Fliege<\/figcaption><\/figure>\n\n\n\n<figure class=\"wp-block-image size-large\"><img loading=\"lazy\" decoding=\"async\" width=\"400\" height=\"268\" src=\"https:\/\/guentersahler.de\/wp-content\/uploads\/2022\/08\/pdg001a.jpg\" alt=\"\" class=\"wp-image-22586\" srcset=\"https:\/\/guentersahler.de\/wp-content\/uploads\/2022\/08\/pdg001a.jpg 400w, https:\/\/guentersahler.de\/wp-content\/uploads\/2022\/08\/pdg001a-300x201.jpg 300w\" sizes=\"(max-width: 400px) 100vw, 400px\" \/><figcaption>Die Fliege wird geknipst.<\/figcaption><\/figure>\n\n\n\n<figure class=\"wp-block-image size-large\"><img loading=\"lazy\" decoding=\"async\" width=\"700\" height=\"394\" src=\"https:\/\/guentersahler.de\/wp-content\/uploads\/2022\/08\/pdg022.jpg\" alt=\"\" class=\"wp-image-22606\" srcset=\"https:\/\/guentersahler.de\/wp-content\/uploads\/2022\/08\/pdg022.jpg 700w, https:\/\/guentersahler.de\/wp-content\/uploads\/2022\/08\/pdg022-300x169.jpg 300w, https:\/\/guentersahler.de\/wp-content\/uploads\/2022\/08\/pdg022-624x351.jpg 624w\" sizes=\"(max-width: 700px) 100vw, 700px\" \/><figcaption>Chinesischer Blumen-Hartriegel, \u201eChina-Girl\u201c (Cornus kausa va. chinensis) mit gr\u00fcnen (harten) und einer roten (weichen) Frucht (Ende August 2022).<\/figcaption><\/figure>\n\n\n\n<figure class=\"wp-block-image size-large\"><img decoding=\"async\" src=\"https:\/\/guentersahler.de\/wp-content\/uploads\/2021\/09\/Badzwi023.jpg\" alt=\"\"\/><figcaption>Ein Bild von 2021 (Anfang September): Chinesischer Blumen-Hartriegel, \u201eChina-Girl\u201c (Cornus kausa va. chinensis) mit gr\u00fcnen (harten) und einer roten (weichen) Frucht.<\/figcaption><\/figure>\n\n\n\n<figure class=\"wp-block-image size-large\"><img loading=\"lazy\" decoding=\"async\" width=\"700\" height=\"333\" src=\"https:\/\/guentersahler.de\/wp-content\/uploads\/2022\/08\/pdg016.jpg\" alt=\"\" class=\"wp-image-22600\" srcset=\"https:\/\/guentersahler.de\/wp-content\/uploads\/2022\/08\/pdg016.jpg 700w, https:\/\/guentersahler.de\/wp-content\/uploads\/2022\/08\/pdg016-300x143.jpg 300w, https:\/\/guentersahler.de\/wp-content\/uploads\/2022\/08\/pdg016-624x297.jpg 624w\" sizes=\"(max-width: 700px) 100vw, 700px\" \/><\/figure>\n\n\n\n<figure class=\"wp-block-image size-large\"><img loading=\"lazy\" decoding=\"async\" width=\"700\" height=\"465\" src=\"https:\/\/guentersahler.de\/wp-content\/uploads\/2022\/08\/pdg017.jpg\" alt=\"\" class=\"wp-image-22601\" srcset=\"https:\/\/guentersahler.de\/wp-content\/uploads\/2022\/08\/pdg017.jpg 700w, https:\/\/guentersahler.de\/wp-content\/uploads\/2022\/08\/pdg017-300x199.jpg 300w, https:\/\/guentersahler.de\/wp-content\/uploads\/2022\/08\/pdg017-624x415.jpg 624w\" sizes=\"(max-width: 700px) 100vw, 700px\" \/><\/figure>\n\n\n\n<figure class=\"wp-block-image size-large\"><img loading=\"lazy\" decoding=\"async\" width=\"700\" height=\"520\" src=\"https:\/\/guentersahler.de\/wp-content\/uploads\/2022\/08\/pdg021.jpg\" alt=\"\" class=\"wp-image-22605\" srcset=\"https:\/\/guentersahler.de\/wp-content\/uploads\/2022\/08\/pdg021.jpg 700w, https:\/\/guentersahler.de\/wp-content\/uploads\/2022\/08\/pdg021-300x223.jpg 300w, https:\/\/guentersahler.de\/wp-content\/uploads\/2022\/08\/pdg021-624x464.jpg 624w\" sizes=\"(max-width: 700px) 100vw, 700px\" \/><\/figure>\n\n\n\n<figure class=\"wp-block-image size-large\"><img loading=\"lazy\" decoding=\"async\" width=\"700\" height=\"415\" src=\"https:\/\/guentersahler.de\/wp-content\/uploads\/2022\/08\/pdg019.jpg\" alt=\"\" class=\"wp-image-22603\" srcset=\"https:\/\/guentersahler.de\/wp-content\/uploads\/2022\/08\/pdg019.jpg 700w, https:\/\/guentersahler.de\/wp-content\/uploads\/2022\/08\/pdg019-300x178.jpg 300w, https:\/\/guentersahler.de\/wp-content\/uploads\/2022\/08\/pdg019-624x370.jpg 624w\" sizes=\"(max-width: 700px) 100vw, 700px\" \/><figcaption>Eine trinkende Biene<\/figcaption><\/figure>\n\n\n\n<figure class=\"wp-block-image size-large\"><img loading=\"lazy\" decoding=\"async\" width=\"700\" height=\"489\" src=\"https:\/\/guentersahler.de\/wp-content\/uploads\/2022\/08\/pdg018.jpg\" alt=\"\" class=\"wp-image-22602\" srcset=\"https:\/\/guentersahler.de\/wp-content\/uploads\/2022\/08\/pdg018.jpg 700w, https:\/\/guentersahler.de\/wp-content\/uploads\/2022\/08\/pdg018-300x210.jpg 300w, https:\/\/guentersahler.de\/wp-content\/uploads\/2022\/08\/pdg018-624x436.jpg 624w\" sizes=\"(max-width: 700px) 100vw, 700px\" \/><figcaption>Hummel<\/figcaption><\/figure>\n\n\n\n<figure class=\"wp-block-image size-large\"><img loading=\"lazy\" decoding=\"async\" width=\"700\" height=\"386\" src=\"https:\/\/guentersahler.de\/wp-content\/uploads\/2022\/08\/pdg020.jpg\" alt=\"\" class=\"wp-image-22604\" srcset=\"https:\/\/guentersahler.de\/wp-content\/uploads\/2022\/08\/pdg020.jpg 700w, https:\/\/guentersahler.de\/wp-content\/uploads\/2022\/08\/pdg020-300x165.jpg 300w, https:\/\/guentersahler.de\/wp-content\/uploads\/2022\/08\/pdg020-624x344.jpg 624w\" sizes=\"(max-width: 700px) 100vw, 700px\" \/><figcaption>Koi-Karpfen<\/figcaption><\/figure>\n\n\n\n<figure class=\"wp-block-image size-large\"><img loading=\"lazy\" decoding=\"async\" width=\"700\" height=\"394\" src=\"https:\/\/guentersahler.de\/wp-content\/uploads\/2022\/08\/pdg030.jpg\" alt=\"\" class=\"wp-image-22614\" srcset=\"https:\/\/guentersahler.de\/wp-content\/uploads\/2022\/08\/pdg030.jpg 700w, https:\/\/guentersahler.de\/wp-content\/uploads\/2022\/08\/pdg030-300x169.jpg 300w, https:\/\/guentersahler.de\/wp-content\/uploads\/2022\/08\/pdg030-624x351.jpg 624w\" sizes=\"(max-width: 700px) 100vw, 700px\" \/><figcaption>Eine Spinne<\/figcaption><\/figure>\n\n\n\n<p><strong>Vogelsammlung Georg Wilts<\/strong><\/p>\n\n\n\n<p>Die \u00dcberraschung war gro\u00df, als ich meinen ersten Blick in die Ausstellung <em><a rel=\"noreferrer noopener\" href=\"https:\/\/www.park-der-gaerten.de\/park\/indoor-ausstellungen\/piepmatz-co\" target=\"_blank\">&#8222;Piepmats &amp; Co&#8220; <\/a><\/em>warf. Vogelpr\u00e4parate \u00fcber Vogelpr\u00e4parate.<\/p>\n\n\n\n<p>Vor zwei Jahren hatte der Sammler und Pr\u00e4parator Georg Wilts dem Park seine umfangreiche Vogelsammlung zur Verf\u00fcgung gestellt. Pandemiebedingt konnte die Ausstellung erst am 24. April 2022 er\u00f6ffnet werden.<\/p>\n\n\n\n<p>Es gibt zwei R\u00e4ume mit Schauk\u00e4sten. Der Ausstellungsraum ist w\u00e4hrend der Park\u00f6ffnungszeiten frei zug\u00e4nglich. Das Schaudepot ist nur w\u00e4hrend besonderer F\u00fchrungen offen. <\/p>\n\n\n\n<figure class=\"wp-block-image size-large is-resized\"><img loading=\"lazy\" decoding=\"async\" src=\"https:\/\/guentersahler.de\/wp-content\/uploads\/2022\/08\/pdg032.jpg\" alt=\"\" class=\"wp-image-22616\" width=\"655\" height=\"368\" srcset=\"https:\/\/guentersahler.de\/wp-content\/uploads\/2022\/08\/pdg032.jpg 700w, https:\/\/guentersahler.de\/wp-content\/uploads\/2022\/08\/pdg032-300x169.jpg 300w, https:\/\/guentersahler.de\/wp-content\/uploads\/2022\/08\/pdg032-624x351.jpg 624w\" sizes=\"(max-width: 655px) 100vw, 655px\" \/><figcaption>Sammlung Wilts: Vitrinen im Ausstellungsraum.<\/figcaption><\/figure>\n\n\n\n<figure class=\"wp-block-image size-large\"><img loading=\"lazy\" decoding=\"async\" width=\"700\" height=\"394\" src=\"https:\/\/guentersahler.de\/wp-content\/uploads\/2022\/08\/pdg023.jpg\" alt=\"\" class=\"wp-image-22607\" srcset=\"https:\/\/guentersahler.de\/wp-content\/uploads\/2022\/08\/pdg023.jpg 700w, https:\/\/guentersahler.de\/wp-content\/uploads\/2022\/08\/pdg023-300x169.jpg 300w, https:\/\/guentersahler.de\/wp-content\/uploads\/2022\/08\/pdg023-624x351.jpg 624w\" sizes=\"(max-width: 700px) 100vw, 700px\" \/><figcaption><em>Sammlung Wilts<\/em>: Blick ins Schaudepot<\/figcaption><\/figure>\n\n\n\n<figure class=\"wp-block-image size-large\"><img loading=\"lazy\" decoding=\"async\" width=\"700\" height=\"394\" src=\"https:\/\/guentersahler.de\/wp-content\/uploads\/2022\/08\/pdg015.jpg\" alt=\"\" class=\"wp-image-22599\" srcset=\"https:\/\/guentersahler.de\/wp-content\/uploads\/2022\/08\/pdg015.jpg 700w, https:\/\/guentersahler.de\/wp-content\/uploads\/2022\/08\/pdg015-300x169.jpg 300w, https:\/\/guentersahler.de\/wp-content\/uploads\/2022\/08\/pdg015-624x351.jpg 624w\" sizes=\"(max-width: 700px) 100vw, 700px\" \/><figcaption><em>Sammlung Wilts: Vitrinen im Ausstellungsraum<\/em><\/figcaption><\/figure>\n\n\n\n<figure class=\"wp-block-image size-large is-resized\"><img loading=\"lazy\" decoding=\"async\" src=\"https:\/\/guentersahler.de\/wp-content\/uploads\/2022\/08\/pdg002.jpg\" alt=\"\" class=\"wp-image-22587\" width=\"766\" height=\"407\" srcset=\"https:\/\/guentersahler.de\/wp-content\/uploads\/2022\/08\/pdg002.jpg 700w, https:\/\/guentersahler.de\/wp-content\/uploads\/2022\/08\/pdg002-300x159.jpg 300w, https:\/\/guentersahler.de\/wp-content\/uploads\/2022\/08\/pdg002-624x332.jpg 624w\" sizes=\"(max-width: 766px) 100vw, 766px\" \/><figcaption><em>Sammlung Wilts<\/em>: Pr\u00e4parat eines Stars.<\/figcaption><\/figure>\n\n\n\n<figure class=\"wp-block-image size-large\"><img loading=\"lazy\" decoding=\"async\" width=\"700\" height=\"501\" src=\"https:\/\/guentersahler.de\/wp-content\/uploads\/2022\/08\/pdg003.jpg\" alt=\"\" class=\"wp-image-22588\" srcset=\"https:\/\/guentersahler.de\/wp-content\/uploads\/2022\/08\/pdg003.jpg 700w, https:\/\/guentersahler.de\/wp-content\/uploads\/2022\/08\/pdg003-300x215.jpg 300w, https:\/\/guentersahler.de\/wp-content\/uploads\/2022\/08\/pdg003-624x447.jpg 624w\" sizes=\"(max-width: 700px) 100vw, 700px\" \/><figcaption><em>Sammlung Wilts<\/em>: <em>Pr\u00e4parat<\/em> eines Zaunk\u00f6nigs.<\/figcaption><\/figure>\n\n\n\n<figure class=\"wp-block-image size-large\"><img loading=\"lazy\" decoding=\"async\" width=\"700\" height=\"501\" src=\"https:\/\/guentersahler.de\/wp-content\/uploads\/2022\/08\/pdg004.jpg\" alt=\"\" class=\"wp-image-22589\" srcset=\"https:\/\/guentersahler.de\/wp-content\/uploads\/2022\/08\/pdg004.jpg 700w, https:\/\/guentersahler.de\/wp-content\/uploads\/2022\/08\/pdg004-300x215.jpg 300w, https:\/\/guentersahler.de\/wp-content\/uploads\/2022\/08\/pdg004-624x447.jpg 624w\" sizes=\"(max-width: 700px) 100vw, 700px\" \/><figcaption><em>Sammlung Wilts<\/em>: <em>Pr\u00e4parat<\/em> eines Haussperlings.<\/figcaption><\/figure>\n\n\n\n<figure class=\"wp-block-image size-large\"><img loading=\"lazy\" decoding=\"async\" width=\"700\" height=\"483\" src=\"https:\/\/guentersahler.de\/wp-content\/uploads\/2022\/08\/pdg005.jpg\" alt=\"\" class=\"wp-image-22590\" srcset=\"https:\/\/guentersahler.de\/wp-content\/uploads\/2022\/08\/pdg005.jpg 700w, https:\/\/guentersahler.de\/wp-content\/uploads\/2022\/08\/pdg005-300x207.jpg 300w, https:\/\/guentersahler.de\/wp-content\/uploads\/2022\/08\/pdg005-624x431.jpg 624w\" sizes=\"(max-width: 700px) 100vw, 700px\" \/><figcaption><em>Sammlung Wilts<\/em>: <em>Pr\u00e4parat<\/em> einer Haubenlerche<\/figcaption><\/figure>\n\n\n\n<figure class=\"wp-block-image size-large\"><img loading=\"lazy\" decoding=\"async\" width=\"700\" height=\"522\" src=\"https:\/\/guentersahler.de\/wp-content\/uploads\/2022\/08\/pdg006.jpg\" alt=\"\" class=\"wp-image-22591\" srcset=\"https:\/\/guentersahler.de\/wp-content\/uploads\/2022\/08\/pdg006.jpg 700w, https:\/\/guentersahler.de\/wp-content\/uploads\/2022\/08\/pdg006-300x224.jpg 300w, https:\/\/guentersahler.de\/wp-content\/uploads\/2022\/08\/pdg006-624x465.jpg 624w\" sizes=\"(max-width: 700px) 100vw, 700px\" \/><figcaption><em>Sammlung Wilts<\/em>: <em>Pr\u00e4parat<\/em> einer Dohle.<\/figcaption><\/figure>\n\n\n\n<figure class=\"wp-block-image size-large\"><img loading=\"lazy\" decoding=\"async\" width=\"700\" height=\"357\" src=\"https:\/\/guentersahler.de\/wp-content\/uploads\/2022\/08\/pdg007.jpg\" alt=\"\" class=\"wp-image-22592\" srcset=\"https:\/\/guentersahler.de\/wp-content\/uploads\/2022\/08\/pdg007.jpg 700w, https:\/\/guentersahler.de\/wp-content\/uploads\/2022\/08\/pdg007-300x153.jpg 300w, https:\/\/guentersahler.de\/wp-content\/uploads\/2022\/08\/pdg007-624x318.jpg 624w\" sizes=\"(max-width: 700px) 100vw, 700px\" \/><figcaption><em>Sammlung Wilts<\/em>: Pr\u00e4parat eines Wendehals.<\/figcaption><\/figure>\n\n\n\n<figure class=\"wp-block-image size-large\"><img loading=\"lazy\" decoding=\"async\" width=\"700\" height=\"437\" src=\"https:\/\/guentersahler.de\/wp-content\/uploads\/2022\/08\/pdg009.jpg\" alt=\"\" class=\"wp-image-22593\" srcset=\"https:\/\/guentersahler.de\/wp-content\/uploads\/2022\/08\/pdg009.jpg 700w, https:\/\/guentersahler.de\/wp-content\/uploads\/2022\/08\/pdg009-300x187.jpg 300w, https:\/\/guentersahler.de\/wp-content\/uploads\/2022\/08\/pdg009-624x390.jpg 624w\" sizes=\"(max-width: 700px) 100vw, 700px\" \/><figcaption><em>Sammlung Wilts<\/em>: Verschiedene Vogelpr\u00e4parate.<\/figcaption><\/figure>\n\n\n\n<figure class=\"wp-block-image size-large is-resized\"><img loading=\"lazy\" decoding=\"async\" src=\"https:\/\/guentersahler.de\/wp-content\/uploads\/2022\/08\/pdg010.jpg\" alt=\"\" class=\"wp-image-22594\" width=\"654\" height=\"421\" srcset=\"https:\/\/guentersahler.de\/wp-content\/uploads\/2022\/08\/pdg010.jpg 700w, https:\/\/guentersahler.de\/wp-content\/uploads\/2022\/08\/pdg010-300x193.jpg 300w, https:\/\/guentersahler.de\/wp-content\/uploads\/2022\/08\/pdg010-624x401.jpg 624w\" sizes=\"(max-width: 654px) 100vw, 654px\" \/><figcaption><em>Sammlung Wilts: Verschiedene Vogelpr\u00e4parate.<\/em><\/figcaption><\/figure>\n\n\n\n<figure class=\"wp-block-image size-large\"><img loading=\"lazy\" decoding=\"async\" width=\"700\" height=\"488\" src=\"https:\/\/guentersahler.de\/wp-content\/uploads\/2022\/08\/pdg011.jpg\" alt=\"\" class=\"wp-image-22595\" srcset=\"https:\/\/guentersahler.de\/wp-content\/uploads\/2022\/08\/pdg011.jpg 700w, https:\/\/guentersahler.de\/wp-content\/uploads\/2022\/08\/pdg011-300x209.jpg 300w, https:\/\/guentersahler.de\/wp-content\/uploads\/2022\/08\/pdg011-624x435.jpg 624w\" sizes=\"(max-width: 700px) 100vw, 700px\" \/><figcaption><em>Sammlung Wilts: Verschiedene Vogelpr\u00e4parate.<\/em><\/figcaption><\/figure>\n\n\n\n<figure class=\"wp-block-image size-large\"><img loading=\"lazy\" decoding=\"async\" width=\"700\" height=\"405\" src=\"https:\/\/guentersahler.de\/wp-content\/uploads\/2022\/08\/pdg014.jpg\" alt=\"\" class=\"wp-image-22598\" srcset=\"https:\/\/guentersahler.de\/wp-content\/uploads\/2022\/08\/pdg014.jpg 700w, https:\/\/guentersahler.de\/wp-content\/uploads\/2022\/08\/pdg014-300x174.jpg 300w, https:\/\/guentersahler.de\/wp-content\/uploads\/2022\/08\/pdg014-624x361.jpg 624w\" sizes=\"(max-width: 700px) 100vw, 700px\" \/><figcaption><em>Sammlung Wilts<\/em>: <em>Pr\u00e4parat<\/em> eines Kormorans.<\/figcaption><\/figure>\n\n\n\n<figure class=\"wp-block-image size-large\"><img loading=\"lazy\" decoding=\"async\" width=\"700\" height=\"386\" src=\"https:\/\/guentersahler.de\/wp-content\/uploads\/2022\/08\/pdg031.jpg\" alt=\"\" class=\"wp-image-22615\" srcset=\"https:\/\/guentersahler.de\/wp-content\/uploads\/2022\/08\/pdg031.jpg 700w, https:\/\/guentersahler.de\/wp-content\/uploads\/2022\/08\/pdg031-300x165.jpg 300w, https:\/\/guentersahler.de\/wp-content\/uploads\/2022\/08\/pdg031-624x344.jpg 624w\" sizes=\"(max-width: 700px) 100vw, 700px\" \/><figcaption><em>Sammlung Wilts<\/em>: <em>Pr\u00e4parat<\/em>e von Bl\u00e4ss- und Teichh\u00fchnern.<\/figcaption><\/figure>\n\n\n\n<p><\/p>\n","protected":false},"excerpt":{"rendered":"<p>Moin! Im Park der G\u00e4rten in Bad Zwischenahn-Rostrup. Diesmal insbesondere die neue Ausstellung der Vogelsammlung Georg Wilts. Vogelsammlung Georg Wilts Die \u00dcberraschung war gro\u00df, als ich meinen ersten Blick in die Ausstellung &#8222;Piepmats &amp; Co&#8220; warf. Vogelpr\u00e4parate \u00fcber Vogelpr\u00e4parate. Vor &hellip; <a href=\"https:\/\/guentersahler.de\/?p=22617\">Weiter<\/a><\/p>\n","protected":false},"author":1,"featured_media":22616,"comment_status":"closed","ping_status":"closed","sticky":false,"template":"","format":"standard","meta":{"footnotes":""},"categories":[51,50,33,42],"tags":[],"class_list":["post-22617","post","type-post","status-publish","format-standard","has-post-thumbnail","hentry","category-ammerland","category-bad-zwischenahn","category-blog","category-natur"],"_links":{"self":[{"href":"https:\/\/guentersahler.de\/index.php?rest_route=\/wp\/v2\/posts\/22617"}],"collection":[{"href":"https:\/\/guentersahler.de\/index.php?rest_route=\/wp\/v2\/posts"}],"about":[{"href":"https:\/\/guentersahler.de\/index.php?rest_route=\/wp\/v2\/types\/post"}],"author":[{"embeddable":true,"href":"https:\/\/guentersahler.de\/index.php?rest_route=\/wp\/v2\/users\/1"}],"replies":[{"embeddable":true,"href":"https:\/\/guentersahler.de\/index.php?rest_route=%2Fwp%2Fv2%2Fcomments&post=22617"}],"version-history":[{"count":10,"href":"https:\/\/guentersahler.de\/index.php?rest_route=\/wp\/v2\/posts\/22617\/revisions"}],"predecessor-version":[{"id":22936,"href":"https:\/\/guentersahler.de\/index.php?rest_route=\/wp\/v2\/posts\/22617\/revisions\/22936"}],"wp:featuredmedia":[{"embeddable":true,"href":"https:\/\/guentersahler.de\/index.php?rest_route=\/wp\/v2\/media\/22616"}],"wp:attachment":[{"href":"https:\/\/guentersahler.de\/index.php?rest_route=%2Fwp%2Fv2%2Fmedia&parent=22617"}],"wp:term":[{"taxonomy":"category","embeddable":true,"href":"https:\/\/guentersahler.de\/index.php?rest_route=%2Fwp%2Fv2%2Fcategories&post=22617"},{"taxonomy":"post_tag","embeddable":true,"href":"https:\/\/guentersahler.de\/index.php?rest_route=%2Fwp%2Fv2%2Ftags&post=22617"}],"curies":[{"name":"wp","href":"https:\/\/api.w.org\/{rel}","templated":true}]}}