{"id":22847,"date":"2022-09-11T17:03:58","date_gmt":"2022-09-11T17:03:58","guid":{"rendered":"http:\/\/guentersahler.de\/?p=22847"},"modified":"2022-11-27T17:28:16","modified_gmt":"2022-11-27T17:28:16","slug":"willkommen-zurueck-wolken","status":"publish","type":"post","link":"https:\/\/guentersahler.de\/?p=22847","title":{"rendered":"Willkommen zur\u00fcck, Wolken!"},"content":{"rendered":"\n<p>Hallo!<\/p>\n\n\n\n<p>Nach Wochen fast ohne Regen kamen nun die Wolken wieder und es regnete tats\u00e4chlich. Die Wolken taten auch dem Landschaftbild gut. <\/p>\n\n\n\n<figure class=\"wp-block-image size-large\"><img loading=\"lazy\" decoding=\"async\" width=\"700\" height=\"227\" src=\"https:\/\/guentersahler.de\/wp-content\/uploads\/2022\/09\/suengerberg1001.jpg\" alt=\"\" class=\"wp-image-22831\" srcset=\"https:\/\/guentersahler.de\/wp-content\/uploads\/2022\/09\/suengerberg1001.jpg 700w, https:\/\/guentersahler.de\/wp-content\/uploads\/2022\/09\/suengerberg1001-300x97.jpg 300w, https:\/\/guentersahler.de\/wp-content\/uploads\/2022\/09\/suengerberg1001-624x202.jpg 624w\" sizes=\"(max-width: 700px) 100vw, 700px\" \/><figcaption>Gewitter \u00fcber den S\u00fcnger Bergen (Anfang September 2022)<\/figcaption><\/figure>\n\n\n\n<figure class=\"wp-block-image size-large is-resized\"><img loading=\"lazy\" decoding=\"async\" src=\"https:\/\/guentersahler.de\/wp-content\/uploads\/2022\/09\/suengerberg1000.jpg\" alt=\"\" class=\"wp-image-22830\" width=\"655\" height=\"368\" srcset=\"https:\/\/guentersahler.de\/wp-content\/uploads\/2022\/09\/suengerberg1000.jpg 700w, https:\/\/guentersahler.de\/wp-content\/uploads\/2022\/09\/suengerberg1000-300x169.jpg 300w, https:\/\/guentersahler.de\/wp-content\/uploads\/2022\/09\/suengerberg1000-624x351.jpg 624w\" sizes=\"(max-width: 655px) 100vw, 655px\" \/><figcaption>Gewitter \u00fcber den S\u00fcnger Bergen (Anfang September 2022)<\/figcaption><\/figure>\n\n\n\n<figure class=\"wp-block-image size-large\"><img decoding=\"async\" src=\"https:\/\/guentersahler.de\/wp-content\/uploads\/2022\/05\/wolken032.jpg\" alt=\"\"\/><figcaption>Wolen mit V\u00f6geln (Gouache, 2022)<\/figcaption><\/figure>\n\n\n\n<figure class=\"wp-block-image size-large\"><img loading=\"lazy\" decoding=\"async\" width=\"700\" height=\"394\" src=\"https:\/\/guentersahler.de\/wp-content\/uploads\/2022\/09\/suengerberg1003.jpg\" alt=\"\" class=\"wp-image-22833\" srcset=\"https:\/\/guentersahler.de\/wp-content\/uploads\/2022\/09\/suengerberg1003.jpg 700w, https:\/\/guentersahler.de\/wp-content\/uploads\/2022\/09\/suengerberg1003-300x169.jpg 300w, https:\/\/guentersahler.de\/wp-content\/uploads\/2022\/09\/suengerberg1003-624x351.jpg 624w\" sizes=\"(max-width: 700px) 100vw, 700px\" \/><figcaption>Wolken \u00fcber B\u00fcschem (Anfang September 2022)<\/figcaption><\/figure>\n\n\n\n<figure class=\"wp-block-image size-large\"><img loading=\"lazy\" decoding=\"async\" width=\"700\" height=\"394\" src=\"https:\/\/guentersahler.de\/wp-content\/uploads\/2022\/09\/suengerberg1004.jpg\" alt=\"\" class=\"wp-image-22834\" srcset=\"https:\/\/guentersahler.de\/wp-content\/uploads\/2022\/09\/suengerberg1004.jpg 700w, https:\/\/guentersahler.de\/wp-content\/uploads\/2022\/09\/suengerberg1004-300x169.jpg 300w, https:\/\/guentersahler.de\/wp-content\/uploads\/2022\/09\/suengerberg1004-624x351.jpg 624w\" sizes=\"(max-width: 700px) 100vw, 700px\" \/><figcaption>Wolken \u00fcber B\u00fcschem (Anfang September 2022)<\/figcaption><\/figure>\n\n\n\n<figure class=\"wp-block-image size-large\"><img loading=\"lazy\" decoding=\"async\" width=\"700\" height=\"394\" src=\"https:\/\/guentersahler.de\/wp-content\/uploads\/2022\/09\/suengerberg1006.jpg\" alt=\"\" class=\"wp-image-22836\" srcset=\"https:\/\/guentersahler.de\/wp-content\/uploads\/2022\/09\/suengerberg1006.jpg 700w, https:\/\/guentersahler.de\/wp-content\/uploads\/2022\/09\/suengerberg1006-300x169.jpg 300w, https:\/\/guentersahler.de\/wp-content\/uploads\/2022\/09\/suengerberg1006-624x351.jpg 624w\" sizes=\"(max-width: 700px) 100vw, 700px\" \/><figcaption>Wolken \u00fcber B\u00fcschem (Anfang September 2022)<\/figcaption><\/figure>\n\n\n\n<figure class=\"wp-block-image size-large\"><img loading=\"lazy\" decoding=\"async\" width=\"700\" height=\"394\" src=\"https:\/\/guentersahler.de\/wp-content\/uploads\/2022\/09\/suengerberg1005.jpg\" alt=\"\" class=\"wp-image-22835\" srcset=\"https:\/\/guentersahler.de\/wp-content\/uploads\/2022\/09\/suengerberg1005.jpg 700w, https:\/\/guentersahler.de\/wp-content\/uploads\/2022\/09\/suengerberg1005-300x169.jpg 300w, https:\/\/guentersahler.de\/wp-content\/uploads\/2022\/09\/suengerberg1005-624x351.jpg 624w\" sizes=\"(max-width: 700px) 100vw, 700px\" \/><figcaption>Wolken \u00fcber B\u00fcschem (Anfang September 2022)<\/figcaption><\/figure>\n\n\n\n<figure class=\"wp-block-image size-large\"><img loading=\"lazy\" decoding=\"async\" width=\"700\" height=\"394\" src=\"https:\/\/guentersahler.de\/wp-content\/uploads\/2022\/09\/suengerberg1008.jpg\" alt=\"\" class=\"wp-image-22838\" srcset=\"https:\/\/guentersahler.de\/wp-content\/uploads\/2022\/09\/suengerberg1008.jpg 700w, https:\/\/guentersahler.de\/wp-content\/uploads\/2022\/09\/suengerberg1008-300x169.jpg 300w, https:\/\/guentersahler.de\/wp-content\/uploads\/2022\/09\/suengerberg1008-624x351.jpg 624w\" sizes=\"(max-width: 700px) 100vw, 700px\" \/><figcaption>Wolken \u00fcber B\u00fcschem (Anfang September 2022)<\/figcaption><\/figure>\n\n\n\n<figure class=\"wp-block-image size-large\"><img loading=\"lazy\" decoding=\"async\" width=\"700\" height=\"394\" src=\"https:\/\/guentersahler.de\/wp-content\/uploads\/2022\/09\/suengerberg1007.jpg\" alt=\"\" class=\"wp-image-22837\" srcset=\"https:\/\/guentersahler.de\/wp-content\/uploads\/2022\/09\/suengerberg1007.jpg 700w, https:\/\/guentersahler.de\/wp-content\/uploads\/2022\/09\/suengerberg1007-300x169.jpg 300w, https:\/\/guentersahler.de\/wp-content\/uploads\/2022\/09\/suengerberg1007-624x351.jpg 624w\" sizes=\"(max-width: 700px) 100vw, 700px\" \/><figcaption>Wolken \u00fcber B\u00fcschem (Anfang September 2022)<\/figcaption><\/figure>\n\n\n\n<figure class=\"wp-block-image size-large\"><img loading=\"lazy\" decoding=\"async\" width=\"700\" height=\"394\" src=\"https:\/\/guentersahler.de\/wp-content\/uploads\/2022\/09\/suengerberg1009.jpg\" alt=\"\" class=\"wp-image-22839\" srcset=\"https:\/\/guentersahler.de\/wp-content\/uploads\/2022\/09\/suengerberg1009.jpg 700w, https:\/\/guentersahler.de\/wp-content\/uploads\/2022\/09\/suengerberg1009-300x169.jpg 300w, https:\/\/guentersahler.de\/wp-content\/uploads\/2022\/09\/suengerberg1009-624x351.jpg 624w\" sizes=\"(max-width: 700px) 100vw, 700px\" \/><figcaption>Wolken \u00fcber B\u00fcschem (Anfang September 2022)<\/figcaption><\/figure>\n\n\n\n<p>Tsch\u00fcss, bis zum n\u00e4chsten Mal.<\/p>\n","protected":false},"excerpt":{"rendered":"<p>Hallo! Nach Wochen fast ohne Regen kamen nun die Wolken wieder und es regnete tats\u00e4chlich. Die Wolken taten auch dem Landschaftbild gut. Tsch\u00fcss, bis zum n\u00e4chsten Mal.<\/p>\n","protected":false},"author":1,"featured_media":22835,"comment_status":"closed","ping_status":"closed","sticky":false,"template":"","format":"standard","meta":{"footnotes":""},"categories":[33,36],"tags":[],"class_list":["post-22847","post","type-post","status-publish","format-standard","has-post-thumbnail","hentry","category-blog","category-suenger-berge"],"_links":{"self":[{"href":"https:\/\/guentersahler.de\/index.php?rest_route=\/wp\/v2\/posts\/22847"}],"collection":[{"href":"https:\/\/guentersahler.de\/index.php?rest_route=\/wp\/v2\/posts"}],"about":[{"href":"https:\/\/guentersahler.de\/index.php?rest_route=\/wp\/v2\/types\/post"}],"author":[{"embeddable":true,"href":"https:\/\/guentersahler.de\/index.php?rest_route=\/wp\/v2\/users\/1"}],"replies":[{"embeddable":true,"href":"https:\/\/guentersahler.de\/index.php?rest_route=%2Fwp%2Fv2%2Fcomments&post=22847"}],"version-history":[{"count":3,"href":"https:\/\/guentersahler.de\/index.php?rest_route=\/wp\/v2\/posts\/22847\/revisions"}],"predecessor-version":[{"id":23052,"href":"https:\/\/guentersahler.de\/index.php?rest_route=\/wp\/v2\/posts\/22847\/revisions\/23052"}],"wp:featuredmedia":[{"embeddable":true,"href":"https:\/\/guentersahler.de\/index.php?rest_route=\/wp\/v2\/media\/22835"}],"wp:attachment":[{"href":"https:\/\/guentersahler.de\/index.php?rest_route=%2Fwp%2Fv2%2Fmedia&parent=22847"}],"wp:term":[{"taxonomy":"category","embeddable":true,"href":"https:\/\/guentersahler.de\/index.php?rest_route=%2Fwp%2Fv2%2Fcategories&post=22847"},{"taxonomy":"post_tag","embeddable":true,"href":"https:\/\/guentersahler.de\/index.php?rest_route=%2Fwp%2Fv2%2Ftags&post=22847"}],"curies":[{"name":"wp","href":"https:\/\/api.w.org\/{rel}","templated":true}]}}