{"id":24169,"date":"2022-11-06T06:25:00","date_gmt":"2022-11-06T06:25:00","guid":{"rendered":"http:\/\/guentersahler.de\/?p=24169"},"modified":"2023-11-12T14:49:14","modified_gmt":"2023-11-12T14:49:14","slug":"baeume-der-suenger-berge","status":"publish","type":"post","link":"https:\/\/guentersahler.de\/?p=24169","title":{"rendered":"B\u00e4ume der S\u00fcnger Berge"},"content":{"rendered":"\n<figure class=\"wp-block-image size-large\"><img decoding=\"async\" src=\"https:\/\/guentersahler.de\/wp-content\/uploads\/2022\/06\/kirschen001.jpg\" alt=\"\"\/><figcaption>Wilde Kirschen am L\u00f6hberg bei Kapellens\u00fcng (Mitte Juni 2022)<\/figcaption><\/figure>\n\n\n\n<figure class=\"wp-block-image size-large\"><img decoding=\"async\" src=\"https:\/\/guentersahler.de\/wp-content\/uploads\/2022\/08\/suengerberge753.jpg\" alt=\"\"\/><figcaption>B\u00e4ume auf der Kuhwiese zwischen Stelberg und M\u00fcllerhof (Anfang August 2022)<\/figcaption><\/figure>\n\n\n\n<figure class=\"wp-block-image size-large\"><img decoding=\"async\" src=\"https:\/\/guentersahler.de\/wp-content\/uploads\/2022\/06\/suengerberge710.jpg\" alt=\"\"\/><figcaption>B\u00e4ume an der Stra\u00dfe nach Stelberg. Unter den Wurzeln Steine der <em>Selscheid-Schichten (Anfang Juni 2022)<\/em><\/figcaption><\/figure>\n\n\n\n<figure class=\"wp-block-image size-large\"><img decoding=\"async\" src=\"https:\/\/guentersahler.de\/wp-content\/uploads\/2021\/10\/suengerberge621.jpg\" alt=\"\"\/><figcaption>Gef\u00e4rbtze Bl\u00e4tter bei Bonners\u00fcng (Ende Oktober 2021)<\/figcaption><\/figure>\n\n\n\n<figure class=\"wp-block-image size-large\"><img decoding=\"async\" src=\"https:\/\/guentersahler.de\/wp-content\/uploads\/2021\/11\/eichenblatt022.jpg\" alt=\"\"\/><figcaption>Eichenblatt gesammelt bei Bonners\u00fcng am Stelberg (Anfang November 2021)<\/figcaption><\/figure>\n\n\n\n<figure class=\"wp-block-image size-large\"><img decoding=\"async\" src=\"https:\/\/guentersahler.de\/wp-content\/uploads\/2022\/09\/suengeiche001.jpg\" alt=\"\"\/><figcaption>Oben auf der Ebene des S\u00fcnger Bergs zeichnete ich ein paar Eichenbl\u00e4tter. Der Herbst ist da und so verf\u00e4rben sich die Bl\u00e4tter langsam. Auf einem Blatt war eine gelbe Stelle mit einem braunen Kern. Nach dem ich diese Stelle gezeichnet hatte, schaute ich noch auf die R\u00fcckseite. Genau an dieser Stelle war etwas pilzartiges. Es k\u00f6nnte sich aber auch um Linsengallen oder \u00e4hnliches handeln (Ende September 2022).<\/figcaption><\/figure>\n\n\n\n<figure class=\"wp-block-image size-large\"><img decoding=\"async\" src=\"https:\/\/guentersahler.de\/wp-content\/uploads\/2022\/09\/suengeiche002.jpg\" alt=\"\"\/><figcaption><em>Eichenblattunterseite<\/em> (Ende September 2022)<\/figcaption><\/figure>\n\n\n\n<figure class=\"wp-block-image size-large\"><img decoding=\"async\" src=\"https:\/\/guentersahler.de\/wp-content\/uploads\/2022\/09\/suengeiche004.jpg\" alt=\"\"\/><figcaption><em>Eichenblattunterseite<\/em> (Ende September 2022)<\/figcaption><\/figure>\n\n\n\n<figure class=\"wp-block-image size-large\"><img decoding=\"async\" src=\"https:\/\/guentersahler.de\/wp-content\/uploads\/2021\/11\/ilex001.jpg\" alt=\"\"\/><figcaption>Stechpalme (Ilex) auf dem Stelberg (Mitte November 2021)<\/figcaption><\/figure>\n\n\n\n<figure class=\"wp-block-image size-large\"><img decoding=\"async\" src=\"https:\/\/guentersahler.de\/wp-content\/uploads\/2021\/06\/suengerberge355.jpg\" alt=\"\"\/><figcaption>Obstbaum am Fu\u00df des Stelberg (Mitte Juni 2021)<\/figcaption><\/figure>\n\n\n\n<figure class=\"wp-block-image size-large\"><img decoding=\"async\" src=\"https:\/\/guentersahler.de\/wp-content\/uploads\/2021\/06\/suengerberge370.jpg\" alt=\"\"\/><figcaption>Gallen (\u201eGall\u00e4pfel\u201c) der Gro\u00dfen Buchengallm\u00fccke auf Buchenbl\u00e4ttern im S\u00fclztal oberhalb von Hartegasse (Mitte Juni 2021)<\/figcaption><\/figure>\n\n\n\n<figure class=\"wp-block-image size-large\"><img decoding=\"async\" src=\"https:\/\/guentersahler.de\/wp-content\/uploads\/2021\/06\/suengerberge377.jpg\" alt=\"\"\/><figcaption>Bl\u00fcten an Linde bei Oberb\u00fcschem (Mitte Juni 2021)<\/figcaption><\/figure>\n\n\n\n<figure class=\"wp-block-image size-large\"><img decoding=\"async\" src=\"https:\/\/guentersahler.de\/wp-content\/uploads\/2021\/06\/suengerberge378.jpg\" alt=\"\"\/><figcaption>Bl\u00fcten an Linde bei Oberb\u00fcschem (Mitte Juni 2021)<\/figcaption><\/figure>\n\n\n\n<figure class=\"wp-block-image size-large\"><img decoding=\"async\" src=\"https:\/\/guentersahler.de\/wp-content\/uploads\/2021\/07\/suengerberge515.jpg\" alt=\"\"\/><figcaption>Lindenblatt bei Oberb\u00fcschem mit Gallen (der Lindengallmilbe?) (Mitte Juli 2021)<\/figcaption><\/figure>\n\n\n\n<figure class=\"wp-block-image size-large\"><img decoding=\"async\" src=\"https:\/\/guentersahler.de\/wp-content\/uploads\/2021\/07\/suengerberge516.jpg\" alt=\"\"\/><figcaption>Fr\u00fcchte der Linde bei Oberb\u00fcschem am Stelberg (Mitte Juli 2021)<\/figcaption><\/figure>\n\n\n\n<figure class=\"wp-block-image size-large\"><img decoding=\"async\" src=\"https:\/\/guentersahler.de\/wp-content\/uploads\/2021\/07\/suengerberge418.jpg\" alt=\"\"\/><figcaption>\u2026 am L\u00f6hberg (Ende Juni 2021)<\/figcaption><\/figure>\n\n\n\n<figure class=\"wp-block-image size-large\"><img decoding=\"async\" src=\"https:\/\/guentersahler.de\/wp-content\/uploads\/2021\/07\/suengerberge421.jpg\" alt=\"\"\/><figcaption>\u2026 am L\u00f6hberg \u201eBockshorn\u201c (Ende Juni 2021)<\/figcaption><\/figure>\n\n\n\n<figure class=\"wp-block-image size-large\"><img decoding=\"async\" src=\"https:\/\/guentersahler.de\/wp-content\/uploads\/2021\/07\/suengerberge492.jpg\" alt=\"\"\/><figcaption>Kleine Eiche auf einer Rodungsfl\u00e4che oberhalb von Hartegasse Richtung H\u00f6nighausen (Mitte Juli 2021)<\/figcaption><\/figure>\n\n\n\n<figure class=\"wp-block-image size-large\"><img decoding=\"async\" src=\"https:\/\/guentersahler.de\/wp-content\/uploads\/2022\/04\/misteln001.jpg\" alt=\"\"\/><figcaption>Misteln bei Kurtenbach (Anfang April 2022)<\/figcaption><\/figure>\n\n\n\n<figure class=\"wp-block-image size-large\"><img decoding=\"async\" src=\"https:\/\/guentersahler.de\/wp-content\/uploads\/2022\/04\/misteln003.jpg\" alt=\"\"\/><figcaption><em>Misteln bei Kurtenbach (Anfang April 2022)<\/em><\/figcaption><\/figure>\n\n\n\n<figure class=\"wp-block-image size-large\"><img decoding=\"async\" src=\"https:\/\/guentersahler.de\/wp-content\/uploads\/2022\/03\/maukaetzchen001.jpg\" alt=\"\"\/><figcaption>Weiden-\u201eMau\u201c-K\u00e4tzchen beim Steinbruch oberhalb von Hartegasse <em>(Mitte M\u00e4rz 2022)<\/em><\/figcaption><\/figure>\n\n\n\n<figure class=\"wp-block-image size-large\"><img decoding=\"async\" src=\"https:\/\/guentersahler.de\/wp-content\/uploads\/2022\/10\/herbst910.jpg\" alt=\"\"\/><figcaption>Blick vom L\u00f6hberg auf die gef\u00e4rbten B\u00e4ume auf dem S\u00fcnger Berg (Mitte Oktober 2022).<\/figcaption><\/figure>\n\n\n\n<figure class=\"wp-block-image size-large\"><img decoding=\"async\" src=\"https:\/\/guentersahler.de\/wp-content\/uploads\/2022\/10\/herbst911.jpg\" alt=\"\"\/><figcaption>Blick vom Stelberg nach Kapellens\u00fcng (Mitte Oktober 2022).<\/figcaption><\/figure>\n\n\n\n<figure class=\"wp-block-image size-large\"><img decoding=\"async\" src=\"https:\/\/guentersahler.de\/wp-content\/uploads\/2022\/09\/fossingrafik002.jpg\" alt=\"\"\/><figcaption>Zeichnung (Sommer 2022)<\/figcaption><\/figure>\n\n\n\n<figure class=\"wp-block-image size-large\"><img decoding=\"async\" src=\"https:\/\/guentersahler.de\/wp-content\/uploads\/2022\/06\/fosssuegbach001.jpg\" alt=\"\"\/><figcaption>Eine vom Wintersturm umgekippte Buche am S\u00fcngerbach (Sommer 2022)<\/figcaption><\/figure>\n\n\n\n<figure class=\"wp-block-image size-large\"><img decoding=\"async\" src=\"https:\/\/guentersahler.de\/wp-content\/uploads\/2022\/06\/fosssuegbach2_011.jpg\" alt=\"\"\/><figcaption>Eine vom Wintersturm umgekippte Buche am S\u00fcngerbach (Sommer 2022)<\/figcaption><\/figure>\n\n\n\n<figure class=\"wp-block-image size-large\"><img decoding=\"async\" src=\"https:\/\/guentersahler.de\/wp-content\/uploads\/2022\/05\/stelfo3-004-1024x726.jpg\" alt=\"\"\/><figcaption>Wurzel eines umgekippten Baums am Stelberg (Sommer 2022).<\/figcaption><\/figure>\n\n\n\n<figure class=\"wp-block-image size-large\"><img decoding=\"async\" src=\"https:\/\/guentersahler.de\/wp-content\/uploads\/2022\/04\/suengerberge682.jpg\" alt=\"\"\/><figcaption><em>Apfelbaum in Hartegasse mit Blick zur Kirche nach Kapellens\u00fcng (20. April 2022, Vollfr\u00fchling)<\/em>.<\/figcaption><\/figure>\n\n\n\n<figure class=\"wp-block-image size-large\"><img decoding=\"async\" src=\"https:\/\/guentersahler.de\/wp-content\/uploads\/2022\/06\/apfelbaum001.jpg\" alt=\"\"\/><figcaption><em>Apfelbaum in Hartegasse (09. Juni 2022)<\/em><\/figcaption><\/figure>\n\n\n\n<figure class=\"wp-block-image size-large\"><img decoding=\"async\" src=\"https:\/\/guentersahler.de\/wp-content\/uploads\/2022\/09\/apfelbaum001.jpg\" alt=\"\"\/><figcaption>Apfelb\u00e4ume bei Unterb\u00fcschem (Mitte September 2022)<\/figcaption><\/figure>\n\n\n\n<figure class=\"wp-block-image size-large\"><img decoding=\"async\" src=\"https:\/\/guentersahler.de\/wp-content\/uploads\/2022\/07\/suelz003.jpg\" alt=\"\"\/><figcaption>Baum <em>an der S\u00fclz unterhalb von Kapellens\u00fcng (Mitte Juli 2022)<\/em><\/figcaption><\/figure>\n\n\n\n<figure class=\"wp-block-image size-large\"><img decoding=\"async\" src=\"https:\/\/guentersahler.de\/wp-content\/uploads\/2021\/05\/suengerberge261.jpg\" alt=\"\"\/><figcaption>B\u00fcschener Bach beim S\u00fcnger Berg (Mitte Mai 2021)<\/figcaption><\/figure>\n\n\n\n<figure class=\"wp-block-image size-large\"><img decoding=\"async\" src=\"https:\/\/guentersahler.de\/wp-content\/uploads\/2021\/09\/inderHuette003.jpg\" alt=\"\"\/><figcaption>Blick \u201eIn der H\u00fctte\u201c aus dem Fichtenwald auf dem S\u00fcnger Berg (Mitte September 2021)<\/figcaption><\/figure>\n\n\n\n<figure class=\"wp-block-image size-large\"><img decoding=\"async\" src=\"https:\/\/guentersahler.de\/wp-content\/uploads\/2021\/09\/inderHuette002.jpg\" alt=\"\"\/><figcaption>\u201eIn der H\u00fctte\u201c (Mitte September 2021)<\/figcaption><\/figure>\n\n\n\n<figure class=\"wp-block-image size-large\"><img decoding=\"async\" src=\"https:\/\/guentersahler.de\/wp-content\/uploads\/2021\/09\/inderHuette004.jpg\" alt=\"\"\/><figcaption><em>\u201eIn der H\u00fctte\u201c (Mitte September 2021)<\/em><\/figcaption><\/figure>\n\n\n\n<figure class=\"wp-block-image size-large\"><img decoding=\"async\" src=\"https:\/\/guentersahler.de\/wp-content\/uploads\/2022\/08\/suengerberge756.jpg\" alt=\"\"\/><figcaption><em>Fichtenwald auf dem S\u00fcnger Berg\u201c, In der H\u00fctte\u201c (Anfang August 2022)<\/em><\/figcaption><\/figure>\n\n\n\n<figure class=\"wp-block-image size-large\"><img decoding=\"async\" src=\"https:\/\/guentersahler.de\/wp-content\/uploads\/2021\/03\/suengerberge015.jpg\" alt=\"\"\/><figcaption>Im alten Steinbruch bei Bonners\u00fcng (2021).<\/figcaption><\/figure>\n\n\n\n<figure class=\"wp-block-image size-large\"><img loading=\"lazy\" decoding=\"async\" width=\"700\" height=\"394\" src=\"https:\/\/guentersahler.de\/wp-content\/uploads\/2022\/11\/baum001.jpg\" alt=\"\" class=\"wp-image-24202\" srcset=\"https:\/\/guentersahler.de\/wp-content\/uploads\/2022\/11\/baum001.jpg 700w, https:\/\/guentersahler.de\/wp-content\/uploads\/2022\/11\/baum001-300x169.jpg 300w\" sizes=\"(max-width: 700px) 100vw, 700px\" \/><figcaption>Baumstamm auf dem Stelberg oberhalb von Bonners\u00fcng (Mitte November 2022)<\/figcaption><\/figure>\n\n\n\n<div class=\"wp-block-image\"><figure class=\"aligncenter size-large\"><img loading=\"lazy\" decoding=\"async\" width=\"400\" height=\"211\" src=\"https:\/\/guentersahler.de\/wp-content\/uploads\/2022\/11\/baum003.jpg\" alt=\"\" class=\"wp-image-24204\" srcset=\"https:\/\/guentersahler.de\/wp-content\/uploads\/2022\/11\/baum003.jpg 400w, https:\/\/guentersahler.de\/wp-content\/uploads\/2022\/11\/baum003-300x158.jpg 300w\" sizes=\"(max-width: 400px) 100vw, 400px\" \/><figcaption>Eiche auf dem Stelberg mit Blick auf die Stelberger Wiesen (Mitte November 2022)<\/figcaption><\/figure><\/div>\n\n\n\n<div class=\"wp-block-image\"><figure class=\"aligncenter size-large\"><img loading=\"lazy\" decoding=\"async\" width=\"400\" height=\"225\" src=\"https:\/\/guentersahler.de\/wp-content\/uploads\/2022\/11\/baum002.jpg\" alt=\"\" class=\"wp-image-24203\" srcset=\"https:\/\/guentersahler.de\/wp-content\/uploads\/2022\/11\/baum002.jpg 400w, https:\/\/guentersahler.de\/wp-content\/uploads\/2022\/11\/baum002-300x169.jpg 300w\" sizes=\"(max-width: 400px) 100vw, 400px\" \/><figcaption>Eiche auf dem Stelberg mit Blick auf die Stelberger Wiesen (Mitte November 2022)<\/figcaption><\/figure><\/div>\n\n\n\n<div class=\"wp-block-image\"><figure class=\"aligncenter size-large\"><img loading=\"lazy\" decoding=\"async\" width=\"300\" height=\"533\" src=\"https:\/\/guentersahler.de\/wp-content\/uploads\/2022\/11\/baum004.jpg\" alt=\"\" class=\"wp-image-24205\" srcset=\"https:\/\/guentersahler.de\/wp-content\/uploads\/2022\/11\/baum004.jpg 300w, https:\/\/guentersahler.de\/wp-content\/uploads\/2022\/11\/baum004-169x300.jpg 169w\" sizes=\"(max-width: 300px) 100vw, 300px\" \/><figcaption>Eiche auf dem Stelberg mit Blick auf die Stelberger Wiesen (Mitte November 2022)<\/figcaption><\/figure><\/div>\n\n\n\n<div class=\"wp-block-image\"><figure class=\"aligncenter size-large\"><img loading=\"lazy\" decoding=\"async\" width=\"400\" height=\"225\" src=\"https:\/\/guentersahler.de\/wp-content\/uploads\/2022\/11\/baum005.jpg\" alt=\"\" class=\"wp-image-24206\" srcset=\"https:\/\/guentersahler.de\/wp-content\/uploads\/2022\/11\/baum005.jpg 400w, https:\/\/guentersahler.de\/wp-content\/uploads\/2022\/11\/baum005-300x169.jpg 300w\" sizes=\"(max-width: 400px) 100vw, 400px\" \/><figcaption>Eiche auf dem Stelberg (Mitte November 2022)<\/figcaption><\/figure><\/div>\n\n\n\n<figure class=\"wp-block-image size-large\"><img loading=\"lazy\" decoding=\"async\" width=\"700\" height=\"313\" src=\"https:\/\/guentersahler.de\/wp-content\/uploads\/2022\/11\/baum006.jpg\" alt=\"\" class=\"wp-image-24207\" srcset=\"https:\/\/guentersahler.de\/wp-content\/uploads\/2022\/11\/baum006.jpg 700w, https:\/\/guentersahler.de\/wp-content\/uploads\/2022\/11\/baum006-300x134.jpg 300w\" sizes=\"(max-width: 700px) 100vw, 700px\" \/><figcaption>&#8230; bei Bonners\u00fcng (Mitte November 2022)<\/figcaption><\/figure>\n\n\n\n<div class=\"wp-block-image\"><figure class=\"aligncenter size-large\"><img loading=\"lazy\" decoding=\"async\" width=\"350\" height=\"622\" src=\"https:\/\/guentersahler.de\/wp-content\/uploads\/2022\/11\/baum007.jpg\" alt=\"\" class=\"wp-image-24208\" srcset=\"https:\/\/guentersahler.de\/wp-content\/uploads\/2022\/11\/baum007.jpg 350w, https:\/\/guentersahler.de\/wp-content\/uploads\/2022\/11\/baum007-169x300.jpg 169w\" sizes=\"(max-width: 350px) 100vw, 350px\" \/><figcaption>&#8230; bei Bonners\u00fcng (Mitte November 2022)<\/figcaption><\/figure><\/div>\n\n\n\n<div class=\"wp-block-image\"><figure class=\"aligncenter size-large\"><img loading=\"lazy\" decoding=\"async\" width=\"400\" height=\"225\" src=\"https:\/\/guentersahler.de\/wp-content\/uploads\/2022\/11\/baum008.jpg\" alt=\"\" class=\"wp-image-24209\" srcset=\"https:\/\/guentersahler.de\/wp-content\/uploads\/2022\/11\/baum008.jpg 400w, https:\/\/guentersahler.de\/wp-content\/uploads\/2022\/11\/baum008-300x169.jpg 300w\" sizes=\"(max-width: 400px) 100vw, 400px\" \/><figcaption>Eiche mit Efeubewuchs bei Bonners\u00fcng (Mitte November 2022)<\/figcaption><\/figure><\/div>\n\n\n\n<div class=\"wp-block-image\"><figure class=\"aligncenter size-large\"><img loading=\"lazy\" decoding=\"async\" width=\"400\" height=\"225\" src=\"https:\/\/guentersahler.de\/wp-content\/uploads\/2022\/11\/baum009.jpg\" alt=\"\" class=\"wp-image-24210\" srcset=\"https:\/\/guentersahler.de\/wp-content\/uploads\/2022\/11\/baum009.jpg 400w, https:\/\/guentersahler.de\/wp-content\/uploads\/2022\/11\/baum009-300x169.jpg 300w\" sizes=\"(max-width: 400px) 100vw, 400px\" \/><figcaption>Eiche mit Efeubewuchs bei Bonners\u00fcng (Mitte November 2022)<\/figcaption><\/figure><\/div>\n\n\n\n<figure class=\"wp-block-image size-large\"><img loading=\"lazy\" decoding=\"async\" width=\"700\" height=\"295\" src=\"https:\/\/guentersahler.de\/wp-content\/uploads\/2022\/11\/baum010.jpg\" alt=\"\" class=\"wp-image-24211\" srcset=\"https:\/\/guentersahler.de\/wp-content\/uploads\/2022\/11\/baum010.jpg 700w, https:\/\/guentersahler.de\/wp-content\/uploads\/2022\/11\/baum010-300x126.jpg 300w\" sizes=\"(max-width: 700px) 100vw, 700px\" \/><figcaption>Eiche mit Efeubewuchs bei Bonners\u00fcng (Mitte November 2022)<\/figcaption><\/figure>\n\n\n\n<figure class=\"wp-block-image size-large\"><img loading=\"lazy\" decoding=\"async\" width=\"700\" height=\"394\" src=\"https:\/\/guentersahler.de\/wp-content\/uploads\/2023\/02\/fichten001.jpg\" alt=\"\" class=\"wp-image-25779\" srcset=\"https:\/\/guentersahler.de\/wp-content\/uploads\/2023\/02\/fichten001.jpg 700w, https:\/\/guentersahler.de\/wp-content\/uploads\/2023\/02\/fichten001-300x169.jpg 300w\" sizes=\"(max-width: 700px) 100vw, 700px\" \/><figcaption>Fichten in der N\u00e4he vom L\u00f6hberg (Anfgang Februar 2023)<\/figcaption><\/figure>\n\n\n\n<figure class=\"wp-block-image size-large\"><img loading=\"lazy\" decoding=\"async\" width=\"700\" height=\"318\" src=\"https:\/\/guentersahler.de\/wp-content\/uploads\/2023\/02\/baum004.jpg\" alt=\"\" class=\"wp-image-25955\" srcset=\"https:\/\/guentersahler.de\/wp-content\/uploads\/2023\/02\/baum004.jpg 700w, https:\/\/guentersahler.de\/wp-content\/uploads\/2023\/02\/baum004-300x136.jpg 300w\" sizes=\"(max-width: 700px) 100vw, 700px\" \/><figcaption>B\u00e4ume bei Oberb\u00fcschen mit Blick auf Stelberg (Mitte Februar 2023)<\/figcaption><\/figure>\n\n\n\n<figure class=\"wp-block-image size-large\"><img loading=\"lazy\" decoding=\"async\" width=\"700\" height=\"191\" src=\"https:\/\/guentersahler.de\/wp-content\/uploads\/2023\/02\/baum006.jpg\" alt=\"\" class=\"wp-image-25953\" srcset=\"https:\/\/guentersahler.de\/wp-content\/uploads\/2023\/02\/baum006.jpg 700w, https:\/\/guentersahler.de\/wp-content\/uploads\/2023\/02\/baum006-300x82.jpg 300w\" sizes=\"(max-width: 700px) 100vw, 700px\" \/><figcaption>Baum oberhalb von Hartegasse mit Blick auf Vogelsberg (Mitte Februar 2023)<\/figcaption><\/figure>\n\n\n\n<figure class=\"wp-block-image size-large\"><img loading=\"lazy\" decoding=\"async\" width=\"400\" height=\"400\" src=\"https:\/\/guentersahler.de\/wp-content\/uploads\/2023\/02\/baum005.jpg\" alt=\"\" class=\"wp-image-25954\" srcset=\"https:\/\/guentersahler.de\/wp-content\/uploads\/2023\/02\/baum005.jpg 400w, https:\/\/guentersahler.de\/wp-content\/uploads\/2023\/02\/baum005-300x300.jpg 300w, https:\/\/guentersahler.de\/wp-content\/uploads\/2023\/02\/baum005-150x150.jpg 150w\" sizes=\"(max-width: 400px) 100vw, 400px\" \/><figcaption>Baum oberhalb von Hartegasse mit Blick auf Vogelsberg (Mitte Februar 2023)<\/figcaption><\/figure>\n\n\n\n<figure class=\"wp-block-image size-large\"><img loading=\"lazy\" decoding=\"async\" width=\"400\" height=\"471\" src=\"https:\/\/guentersahler.de\/wp-content\/uploads\/2023\/02\/baum007.jpg\" alt=\"\" class=\"wp-image-25952\" srcset=\"https:\/\/guentersahler.de\/wp-content\/uploads\/2023\/02\/baum007.jpg 400w, https:\/\/guentersahler.de\/wp-content\/uploads\/2023\/02\/baum007-255x300.jpg 255w\" sizes=\"(max-width: 400px) 100vw, 400px\" \/><figcaption>Baum oberhalb von Hartegasse  (Mitte Februar 2023)<\/figcaption><\/figure>\n\n\n\n<figure class=\"wp-block-image size-large\"><img loading=\"lazy\" decoding=\"async\" width=\"700\" height=\"394\" src=\"https:\/\/guentersahler.de\/wp-content\/uploads\/2023\/02\/baum010.jpg\" alt=\"\" class=\"wp-image-25949\" srcset=\"https:\/\/guentersahler.de\/wp-content\/uploads\/2023\/02\/baum010.jpg 700w, https:\/\/guentersahler.de\/wp-content\/uploads\/2023\/02\/baum010-300x169.jpg 300w\" sizes=\"(max-width: 700px) 100vw, 700px\" \/><figcaption>Baum oberhalb von Hartegasse mit Blick auf Vogelsberg und S\u00fclztal (Mitte Februar 2023)<\/figcaption><\/figure>\n\n\n\n<figure class=\"wp-block-image size-large\"><img loading=\"lazy\" decoding=\"async\" width=\"700\" height=\"450\" src=\"https:\/\/guentersahler.de\/wp-content\/uploads\/2023\/02\/baum008.jpg\" alt=\"\" class=\"wp-image-25951\" srcset=\"https:\/\/guentersahler.de\/wp-content\/uploads\/2023\/02\/baum008.jpg 700w, https:\/\/guentersahler.de\/wp-content\/uploads\/2023\/02\/baum008-300x193.jpg 300w, https:\/\/guentersahler.de\/wp-content\/uploads\/2023\/02\/baum008-80x50.jpg 80w\" sizes=\"(max-width: 700px) 100vw, 700px\" \/><figcaption>Baum oberhalb von Hartegasse (Mitte Februar 2023)<\/figcaption><\/figure>\n\n\n\n<figure class=\"wp-block-image size-large\"><img loading=\"lazy\" decoding=\"async\" width=\"700\" height=\"392\" src=\"https:\/\/guentersahler.de\/wp-content\/uploads\/2023\/02\/baum009.jpg\" alt=\"\" class=\"wp-image-25950\" srcset=\"https:\/\/guentersahler.de\/wp-content\/uploads\/2023\/02\/baum009.jpg 700w, https:\/\/guentersahler.de\/wp-content\/uploads\/2023\/02\/baum009-300x168.jpg 300w\" sizes=\"(max-width: 700px) 100vw, 700px\" \/><figcaption>Baum oberhalb von Hartegasse (Mitte Februar 2023)<\/figcaption><\/figure>\n\n\n\n<figure class=\"wp-block-image size-large\"><img loading=\"lazy\" decoding=\"async\" width=\"700\" height=\"372\" src=\"https:\/\/guentersahler.de\/wp-content\/uploads\/2023\/02\/knospe001.jpg\" alt=\"\" class=\"wp-image-25939\" srcset=\"https:\/\/guentersahler.de\/wp-content\/uploads\/2023\/02\/knospe001.jpg 700w, https:\/\/guentersahler.de\/wp-content\/uploads\/2023\/02\/knospe001-300x159.jpg 300w\" sizes=\"(max-width: 700px) 100vw, 700px\" \/><figcaption>Baumknospe bei Bonners\u00fcng (Mitte Februar 2023)<\/figcaption><\/figure>\n\n\n\n<figure class=\"wp-block-image size-large\"><img loading=\"lazy\" decoding=\"async\" width=\"350\" height=\"622\" src=\"https:\/\/guentersahler.de\/wp-content\/uploads\/2023\/06\/biob001.jpg\" alt=\"\" class=\"wp-image-28160\" srcset=\"https:\/\/guentersahler.de\/wp-content\/uploads\/2023\/06\/biob001.jpg 350w, https:\/\/guentersahler.de\/wp-content\/uploads\/2023\/06\/biob001-169x300.jpg 169w\" sizes=\"(max-width: 350px) 100vw, 350px\" \/><figcaption>Biotopbaum (mit Plakette) im Pefferk\u00f6verholz in H\u00f6he L\u00f6hberg (Anfang Juni 2023)<\/figcaption><\/figure>\n\n\n\n<figure class=\"wp-block-image size-large\"><img loading=\"lazy\" decoding=\"async\" width=\"600\" height=\"363\" src=\"https:\/\/guentersahler.de\/wp-content\/uploads\/2023\/06\/biob002.jpg\" alt=\"\" class=\"wp-image-28159\" srcset=\"https:\/\/guentersahler.de\/wp-content\/uploads\/2023\/06\/biob002.jpg 600w, https:\/\/guentersahler.de\/wp-content\/uploads\/2023\/06\/biob002-300x182.jpg 300w\" sizes=\"(max-width: 600px) 100vw, 600px\" \/><figcaption>Biotopbaum (mit Plakette) im Pefferk\u00f6verholz in H\u00f6he L\u00f6hberg (Anfang Juni 2023)<\/figcaption><\/figure>\n\n\n\n<figure class=\"wp-block-image size-large\"><img loading=\"lazy\" decoding=\"async\" width=\"700\" height=\"334\" src=\"https:\/\/guentersahler.de\/wp-content\/uploads\/2023\/11\/brun001.jpg\" alt=\"\" class=\"wp-image-30351\" srcset=\"https:\/\/guentersahler.de\/wp-content\/uploads\/2023\/11\/brun001.jpg 700w, https:\/\/guentersahler.de\/wp-content\/uploads\/2023\/11\/brun001-300x143.jpg 300w\" sizes=\"(max-width: 700px) 100vw, 700px\" \/><figcaption>Zusammengewachsene Eiche und Kirchbaum (?) bei H\u00f6nighausen, also gegen\u00fcber der S\u00fcnger Berge (Mitte November 2023)<\/figcaption><\/figure>\n\n\n\n<figure class=\"wp-block-image size-large\"><img loading=\"lazy\" decoding=\"async\" width=\"700\" height=\"394\" src=\"https:\/\/guentersahler.de\/wp-content\/uploads\/2023\/11\/brun003.jpg\" alt=\"\" class=\"wp-image-30349\" srcset=\"https:\/\/guentersahler.de\/wp-content\/uploads\/2023\/11\/brun003.jpg 700w, https:\/\/guentersahler.de\/wp-content\/uploads\/2023\/11\/brun003-300x169.jpg 300w\" sizes=\"(max-width: 700px) 100vw, 700px\" \/><figcaption>Gef\u00e4llter Fichtenstamm beim Brungerst, also gegen\u00fcber der S\u00fcnger Berge. Hier sind wohl zwei Fichten vor Jahren zusammen gewachsen (?) (Mitte November 2023)<\/figcaption><\/figure>\n\n\n\n<figure class=\"wp-block-image size-large\"><img loading=\"lazy\" decoding=\"async\" width=\"500\" height=\"281\" src=\"https:\/\/guentersahler.de\/wp-content\/uploads\/2023\/11\/brun002.jpg\" alt=\"\" class=\"wp-image-30350\" srcset=\"https:\/\/guentersahler.de\/wp-content\/uploads\/2023\/11\/brun002.jpg 500w, https:\/\/guentersahler.de\/wp-content\/uploads\/2023\/11\/brun002-300x169.jpg 300w\" sizes=\"(max-width: 500px) 100vw, 500px\" \/><figcaption>Gef\u00e4llter Fichtenstamm beim Brungerst, also gegen\u00fcber der S\u00fcnger Berge. Hier sind wohl zwei Fichten vor Jahren zusammen gewachsen (?) (Mitte November 2023)<\/figcaption><\/figure>\n\n\n\n<figure class=\"wp-block-image size-large\"><img loading=\"lazy\" decoding=\"async\" width=\"500\" height=\"281\" src=\"https:\/\/guentersahler.de\/wp-content\/uploads\/2023\/11\/brun004.jpg\" alt=\"\" class=\"wp-image-30348\" srcset=\"https:\/\/guentersahler.de\/wp-content\/uploads\/2023\/11\/brun004.jpg 500w, https:\/\/guentersahler.de\/wp-content\/uploads\/2023\/11\/brun004-300x169.jpg 300w\" sizes=\"(max-width: 500px) 100vw, 500px\" \/><figcaption>Gef\u00e4llter Fichtenstamm beim Brungerst, also gegen\u00fcber der S\u00fcnger Berge. Hier sind wohl zwei Fichten vor Jahren zusammen gewachsen (?) (Mitte November 2023)<\/figcaption><\/figure>\n","protected":false},"excerpt":{"rendered":"","protected":false},"author":1,"featured_media":17051,"comment_status":"closed","ping_status":"closed","sticky":false,"template":"","format":"standard","meta":{"footnotes":""},"categories":[33,36],"tags":[],"class_list":["post-24169","post","type-post","status-publish","format-standard","has-post-thumbnail","hentry","category-blog","category-suenger-berge"],"_links":{"self":[{"href":"https:\/\/guentersahler.de\/index.php?rest_route=\/wp\/v2\/posts\/24169"}],"collection":[{"href":"https:\/\/guentersahler.de\/index.php?rest_route=\/wp\/v2\/posts"}],"about":[{"href":"https:\/\/guentersahler.de\/index.php?rest_route=\/wp\/v2\/types\/post"}],"author":[{"embeddable":true,"href":"https:\/\/guentersahler.de\/index.php?rest_route=\/wp\/v2\/users\/1"}],"replies":[{"embeddable":true,"href":"https:\/\/guentersahler.de\/index.php?rest_route=%2Fwp%2Fv2%2Fcomments&post=24169"}],"version-history":[{"count":26,"href":"https:\/\/guentersahler.de\/index.php?rest_route=\/wp\/v2\/posts\/24169\/revisions"}],"predecessor-version":[{"id":30355,"href":"https:\/\/guentersahler.de\/index.php?rest_route=\/wp\/v2\/posts\/24169\/revisions\/30355"}],"wp:featuredmedia":[{"embeddable":true,"href":"https:\/\/guentersahler.de\/index.php?rest_route=\/wp\/v2\/media\/17051"}],"wp:attachment":[{"href":"https:\/\/guentersahler.de\/index.php?rest_route=%2Fwp%2Fv2%2Fmedia&parent=24169"}],"wp:term":[{"taxonomy":"category","embeddable":true,"href":"https:\/\/guentersahler.de\/index.php?rest_route=%2Fwp%2Fv2%2Fcategories&post=24169"},{"taxonomy":"post_tag","embeddable":true,"href":"https:\/\/guentersahler.de\/index.php?rest_route=%2Fwp%2Fv2%2Ftags&post=24169"}],"curies":[{"name":"wp","href":"https:\/\/api.w.org\/{rel}","templated":true}]}}