{"id":26933,"date":"2023-04-20T06:56:00","date_gmt":"2023-04-20T06:56:00","guid":{"rendered":"http:\/\/guentersahler.de\/?p=26933"},"modified":"2025-05-20T21:09:37","modified_gmt":"2025-05-20T21:09:37","slug":"interview-2","status":"publish","type":"post","link":"https:\/\/guentersahler.de\/?p=26933","title":{"rendered":"Interview #4: Heidi van den H\u00f6fel"},"content":{"rendered":"\n<figure class=\"wp-block-image size-large\"><a href=\"https:\/\/guentersahler.de\/?p=26636\"><img decoding=\"async\" src=\"https:\/\/guentersahler.de\/wp-content\/uploads\/2023\/10\/NJ-erkund.gif\" alt=\"\"\/><\/a><\/figure>\n\n\n\n<p><strong>Welche Erfahrungen machen andere mit Nature Journaling?<\/strong>&nbsp;Hier sprechen Nature Journalerinnen und Journaler dar\u00fcber wie sie zum Nature Journaling gekommen sind, wie sie ihre ersten Seiten erstellten und wie sie nun Journalen oder welche Materialien sie verwenden. Hier erh\u00e4ltst Du Tipps aus erster Hand: <strong>Inside Nature Journaling<\/strong><\/p>\n\n\n\n<figure class=\"wp-block-image size-large\"><img decoding=\"async\" src=\"https:\/\/guentersahler.de\/wp-content\/uploads\/2023\/04\/NJI-INT-004.gif\" alt=\"\"\/><\/figure>\n\n\n\n<p><strong>Heidi van den H\u00f6fel<\/strong> gr\u00fcndete im Mai 2020 <a href=\"https:\/\/www.facebook.com\/groups\/dasnaturskizzenbuch\/\"><em>Das-Natur(skizzen)buch<\/em>-Forum<\/a> als deutschsprachigen Ableger des Nature Journal Clubs. Derzeit hat das Forum 540 Mitglieder.<\/p>\n\n\n\n<p><span style=\"color:#2b6978\" class=\"has-inline-color\"><strong>Wie hat das bei Dir mit dem Zeichnen und Nature Journaling angefangen?<\/strong><\/span><\/p>\n\n\n\n<p><strong>Heidi van den H\u00f6fel<\/strong>: Eigentlich hatte ich seit der Kindheit nicht mehr gezeichnet oder gemalt, da man mir wie fast jedem Kind gesagt hatte, dass ich nicht malen k\u00f6nnte. Die kindliche F\u00f6rderung in diesem Bereich ist in Deutschland sehr besch\u00e4mend, zumal zeichnen oder malen so ausgleichend zum Alltagsstress ist.<br>Da aber Kinder ab der 3. oder 4. Klasse einen h\u00f6heren Anspruch an ihre Werke entwickeln,&nbsp; sie m\u00f6chten dreidimensional oder perspektivisch zeichnen und nicht mehr in der zweiten Ebene h\u00e4ngen bleiben, verlieren sie die Lust am Zeichnen\/Malen. Und so ist es mir auch ergangen: &gt;ich kann halt nicht zeichnen\u2026&lt;<br>Als ich 2011 nach Norddeutschland gezogen bin, war ich fasziniert von der Landschaft und dem Meer, ich wollte es malen k\u00f6nnen. Also kaufte ich mir eine Aquarellausr\u00fcstung und lie\u00df mich in einem K\u00fcnstlerbedarfsgesch\u00e4ft beraten. Was nat\u00fcrlich dazu f\u00fchrte, dass ich sehr viel Geld ausgab f\u00fcr qualitativ hervorragende Materialien, da Vince Haarpinsel, Schmincke Farben und Hahnem\u00fchle Papier. Das Problem ist aber dann, dass die Sache mit der dritten Ebene ja noch nicht behoben ist! <br>Nat\u00fcrlich konnte ich immer noch nicht besser zeichnen als zu Kinderzeiten. So kam es dann dazu, dass ich alles wieder beiseite legte und ich mich wieder best\u00e4tigt sah, ich kann halt nicht zeichnen.<br>Doch 2014 oder 2015 kribbelte es mir wieder in den Fingern. Dieses Mal begann ich allerdings mit dem Zeichnen, ich sah mir sehr viele Videos an und wurde auf die Urban Sketchers aufmerksam. Dieser Stil gefiel mir sehr: Mit Fineliner vorzeichnen und dann ganz locker mit Aquarellfarben kolorieren. Ich lernte perspektivisches Zeichnen anhand von Geb\u00e4uden, Mauern, Treppen. Aber es war immer noch nicht das, was ich eigentlich wollte \u2026<br>Anfang des Jahres 2017 bin ich in die Gruppe von <a rel=\"noreferrer noopener\" href=\"https:\/\/geschesanten.com\/\" target=\"_blank\">Gesche Santen<\/a> gekommen. Gesche malte Natur und war auch oft drau\u00dfen vor Ort in der Natur, quasi Nature Sketching statt Urban Sketching. Das gefiel mir sehr gut, und ich habe viel von Gesche gelernt, jedoch das reine botanische Aquarell war mir zu eingeschr\u00e4nkt. Zumal ich zu dieser Zeit die Farbstifte f\u00fcr mich entdeckt hatte und mir bewusst wurde, dass ich halt eine Zeichnerin bin und ich Aquarellfarben nur zum Kolorieren benutze.<br>Und dann fand ich die Gruppe <a rel=\"noreferrer noopener\" href=\"https:\/\/www.facebook.com\/groups\/naturejournalclub\/\" target=\"_blank\">The Nature Journal Club<\/a> von Jack Laws (John Muir Laws)! Am 13. Oktober 2018 bin ich dieser Gruppe beigetreten und habe dort meine Heimat gefunden!<\/p>\n\n\n\n<p><span style=\"color:#2b6978\" class=\"has-inline-color\"><strong>\u00dcbers Botanische Malen bist du quasi auf Nature Journaling aufmerksam geworden?<\/strong><\/span><\/p>\n\n\n\n<p>Ja. Beim Nature Journal gibt es keine Begrenzung, welche Materialien man verwendet, oder ob es in einem Skizzenbuch eingetragen ist. Hauptsache man besch\u00e4ftigt sich mit der Natur, und die Themen sind so vielf\u00e4ltig, die Herangehensweise gro\u00df. All das entspricht meinem sehr neugierigen Naturell. Dass es diese M\u00f6glichkeit, sich mit der Natur zu besch\u00e4ftigen, dieses gro\u00dfartige Hobby,&nbsp; nicht deutschsprachig gab, sah ich mit Bedauern. Die M\u00f6glichkeit Gleichgesinnte&nbsp; im deutschsprachigen Raum zu finden, war dadurch nicht gegeben. Aber der Wunsch\/Bed\u00fcrfnis &nbsp;wuchs in mir.<\/p>\n\n\n\n<p><span style=\"color:#2b6978\" class=\"has-inline-color\"><strong>Dann hast Du eine eigene Gruppe gegr\u00fcndet \u2026<\/strong><\/span><\/p>\n\n\n\n<p>Genau. Am 13. Mai 2020 war dann der Wunsch unausweichlich geworden, dass ich einfach die Gruppe: <strong><a href=\"https:\/\/www.facebook.com\/groups\/dasnaturskizzenbuch\/\" target=\"_blank\" rel=\"noreferrer noopener\">Das Natur(skizzen)buch<\/a><\/strong> ins Leben rief.<\/p>\n\n\n\n<p>Am ersten Tag lud ich einige bekannte Namen in meine Gruppe ein, um die Gruppe in aller Munde zu bringen und die Mitgliederzahl wuchs schnell. Allerdings erntete ich nicht nur positive \u00c4u\u00dferungen, sondern auch Neid, und ich war heilfroh, dass sich Bella Perennis bei mir meldete und sich auch gleich f\u00fcr die Gruppe stark machte. Dank ihr sind wir mit der amerikanischen Gruppe \u201eThe Nature Journal Club\u201c freundschaftlich verbunden. Sie hat <a rel=\"noreferrer noopener\" href=\"https:\/\/youtu.be\/kV3kqadeFWw\" target=\"_blank\">einige interessante<\/a> <a rel=\"noreferrer noopener\" href=\"https:\/\/www.journalingwithnature.com\/podcasts\/episode-41-isabella-ostovary\" target=\"_blank\">Interviews<\/a> gegeben und begann das Hauptwerk von Jack ins Deutsche zu \u00fcbersetzen \u201eThe Laws Guide to Nature Drawing and Journaling\u201c. Was nun <a href=\"https:\/\/guentersahler.de\/?p=26812\">Lisa Theismann<\/a> und Gabi Bernet-Zehnder weiterf\u00fchren, da ich selber v\u00f6llig unbegabt in Fremdsprachen bin.<br>Die Entwicklung der Gruppe bestaune ich immer wieder, es werden immer mehr Mitglieder und die Stimmung untereinander ist gut, harmonisch, ohne Streit und b\u00f6ser Worte. So dass Gabi, Lisa und ich die Gruppe gar nicht moderieren brauchen. Es fehlen auch noch g\u00e4nzlich Regeln und Aufnahmekriterien und das sch\u00e4tze ich sehr. Denn mir pers\u00f6nlich sind Gruppen mit Aufnahmebedingungen und Belehrungen immer suspekt. Wir sind nun schon \u00fcber 500 Mitglieder.<br>Die einzelnen Mitglieder entscheiden selber welche Richtungen und Themen sie w\u00e4hlen, und so ist unser Spektrum sehr gro\u00df und vielf\u00e4ltig.<\/p>\n\n\n\n<p>Meine derzeitigen Projekte (Lebensprojekte) sind: a. mein Baumbuch und b. das Fichtensterben im Harz. Also mein Interesse gilt ganz eindeutig den B\u00e4umen, dass ist zur meiner Patience geworden.<\/p>\n\n\n\n<p><span style=\"color:#2b6978\" class=\"has-inline-color\"><strong>Du hast dann also 2018 quasi mit Deinem ersten Journal angefangen. \u00c4nf\u00e4ngerinnen wissen zun\u00e4chst nicht mit welchen Materialien sie arbeiten sollen. Welche Stifte, Pinsel, Farben, Notizb\u00fccher. Welche Tipps kannst Du da geben?<\/strong><\/span><\/p>\n\n\n\n<p>Mit einem Naturskizzenbuch begann ich 2018.<\/p>\n\n\n\n<p><\/p>\n\n\n\n<figure class=\"wp-block-image size-large\"><img loading=\"lazy\" decoding=\"async\" width=\"700\" height=\"525\" src=\"https:\/\/guentersahler.de\/wp-content\/uploads\/2023\/04\/Int4nr002.jpg\" alt=\"\" class=\"wp-image-27296\" srcset=\"https:\/\/guentersahler.de\/wp-content\/uploads\/2023\/04\/Int4nr002.jpg 700w, https:\/\/guentersahler.de\/wp-content\/uploads\/2023\/04\/Int4nr002-300x225.jpg 300w\" sizes=\"(max-width: 700px) 100vw, 700px\" \/><figcaption><em>&#8222;Meine ersten Versuche&#8220;: Aus den ersten Nature Journalen von Heidi van den H\u00f6fel.<\/em> <\/figcaption><\/figure>\n\n\n\n<figure class=\"wp-block-image size-large\"><img loading=\"lazy\" decoding=\"async\" width=\"700\" height=\"577\" src=\"https:\/\/guentersahler.de\/wp-content\/uploads\/2023\/04\/Int4nr001.jpg\" alt=\"\" class=\"wp-image-27297\" srcset=\"https:\/\/guentersahler.de\/wp-content\/uploads\/2023\/04\/Int4nr001.jpg 700w, https:\/\/guentersahler.de\/wp-content\/uploads\/2023\/04\/Int4nr001-300x247.jpg 300w\" sizes=\"(max-width: 700px) 100vw, 700px\" \/><figcaption><em>&#8222;Meine ersten Versuche&#8220;: Aus den ersten Nature Journalen von Heidi van den H\u00f6fel.<\/em><\/figcaption><\/figure>\n\n\n\n<p> <\/p>\n\n\n\n<p>Ich hatte mir im Urlaub 2018 zwei <a rel=\"noreferrer noopener\" href=\"https:\/\/www.royaltalens.com\/de\/marken\/talens-art-creation\/\" target=\"_blank\">Talens Art Creation<\/a> B\u00fccher in A5 gekauft und obwohl das Papier weder f\u00fcr Aquarell (Das Wasser zieht direkt in das Papier und dadurch wellt es sich extrem.), noch f\u00fcr Farbstifte (Da das Papier sehr glatt ist, sich dadurch nur eine Schicht auftragen l\u00e4sst, kann man eigentlich nur sehr pr\u00e4zise auf dem Papier zeichnen. Allerdings m\u00f6chte man in einem Skizzenbuch skizzieren, also schnell arbeiten, und das sieht dann sehr unsch\u00f6n aus. Dazu passen rauere Papiere eher.) geeignet ist, habe ich in diesen B\u00fcchern ansprechende Seiten erstellen k\u00f6nnen. <br>Das wollte ich mal erw\u00e4hnen zu der Frage, welches Papier ich verwende. Denn es spielt im Grunde \u00fcberhaupt keine Rolle, welches Papier, Stifte, Farben jemand braucht, nur das tats\u00e4chliche Tun und Machen ist das Wesentliche, alles andere kommt dann mit der Zeit.<\/p>\n\n\n\n<p><\/p>\n\n\n\n<figure class=\"wp-block-image size-large\"><img loading=\"lazy\" decoding=\"async\" width=\"700\" height=\"700\" src=\"https:\/\/guentersahler.de\/wp-content\/uploads\/2023\/04\/Int4nr003.jpg\" alt=\"\" class=\"wp-image-27295\" srcset=\"https:\/\/guentersahler.de\/wp-content\/uploads\/2023\/04\/Int4nr003.jpg 700w, https:\/\/guentersahler.de\/wp-content\/uploads\/2023\/04\/Int4nr003-300x300.jpg 300w, https:\/\/guentersahler.de\/wp-content\/uploads\/2023\/04\/Int4nr003-150x150.jpg 150w\" sizes=\"(max-width: 700px) 100vw, 700px\" \/><figcaption><em>Seiten aus zwei Nature Journalen von Heidi van den H\u00f6fel.<\/em><\/figcaption><\/figure>\n\n\n\n<p>Zuvor hatte ich jahrelang den gr\u00fcnen <a href=\"https:\/\/www.gerstaecker.de\/vang-skizzen-spiralblock.html\" target=\"_blank\" rel=\"noreferrer noopener\">Vang Skizzenblock<\/a> verwendet, nicht nur weil es mein erster Block war, ich mag ihn auch aus anderen Gr\u00fcnden sehr:<br>A. ist er sehr preiswert, b. es ist ein Spiralblock, was vor Ort sehr praktisch ist, da man ihn vern\u00fcnftig aufschlagen kann, c. man auch schon mal ein Blatt entfernen kann und d. das Papier f\u00fcr Farbstifte gut geeignet ist, Fineliner und F\u00fcller sowieso, aber er vertr\u00e4gt f\u00fcr seine 115 g auch einiges an Wasser. Au\u00dferdem ist er sehr wei\u00df, wodurch die Farben auf dem Papier leuchten und er in vielen Formaten erh\u00e4ltlich ist.<\/p>\n\n\n\n<p><\/p>\n\n\n\n<figure class=\"wp-block-image size-large\"><img loading=\"lazy\" decoding=\"async\" width=\"700\" height=\"893\" src=\"https:\/\/guentersahler.de\/wp-content\/uploads\/2023\/04\/Int4nr004.jpg\" alt=\"\" class=\"wp-image-27294\" srcset=\"https:\/\/guentersahler.de\/wp-content\/uploads\/2023\/04\/Int4nr004.jpg 700w, https:\/\/guentersahler.de\/wp-content\/uploads\/2023\/04\/Int4nr004-235x300.jpg 235w\" sizes=\"(max-width: 700px) 100vw, 700px\" \/><figcaption><em>Ein Beispiel auf dem Vang Block von Heidi van den H\u00f6fel.<\/em><\/figcaption><\/figure>\n\n\n\n<p>Von Boesner mag ich das <a rel=\"noreferrer noopener\" href=\"https:\/\/www.boesner.com\/aquarellbuch-10254\" target=\"_blank\">Aquarellbuch<\/a> sehr. Es hat mich \u00fcberzeugt da es viel Papier f\u00fcr kleines Geld bietet, richtig gut Wasser vertr\u00e4gt. Also wenn man wie ich eine Skizze oder Zeichnung sp\u00e4ter koloriert. Nass in Nass funktioniert nur bedingt, da st\u00f6\u00dft das Papier auch an seine Grenzen. Aber das ist auch bei den teuren <a href=\"https:\/\/www.hahnemuehle.com\/de\/kuenstlerpapiere\/aquarell\/aquarell\/p\/Product\/show\/17\/800.html\">Hahnem\u00fchle Watercolor<\/a> u.a. ebenso. Auch von diesem Buch gibt es viele interessante Formate, insbesondere quadratisch, was ich pers\u00f6nlich sehr mag.<br><\/p>\n\n\n\n<p><\/p>\n\n\n\n<figure class=\"wp-block-image size-large\"><img loading=\"lazy\" decoding=\"async\" width=\"700\" height=\"348\" src=\"https:\/\/guentersahler.de\/wp-content\/uploads\/2023\/04\/Int4nr005.jpg\" alt=\"\" class=\"wp-image-27293\" srcset=\"https:\/\/guentersahler.de\/wp-content\/uploads\/2023\/04\/Int4nr005.jpg 700w, https:\/\/guentersahler.de\/wp-content\/uploads\/2023\/04\/Int4nr005-300x149.jpg 300w\" sizes=\"(max-width: 700px) 100vw, 700px\" \/><figcaption><em>Seiten im Boesnerbuch von Heidi van den H\u00f6fel: Baum-Mitbewohner.<\/em><\/figcaption><\/figure>\n\n\n\n<figure class=\"wp-block-image size-large\"><img loading=\"lazy\" decoding=\"async\" width=\"700\" height=\"351\" src=\"https:\/\/guentersahler.de\/wp-content\/uploads\/2023\/04\/Int4nr006.jpg\" alt=\"\" class=\"wp-image-27292\" srcset=\"https:\/\/guentersahler.de\/wp-content\/uploads\/2023\/04\/Int4nr006.jpg 700w, https:\/\/guentersahler.de\/wp-content\/uploads\/2023\/04\/Int4nr006-300x150.jpg 300w\" sizes=\"(max-width: 700px) 100vw, 700px\" \/><figcaption><em>Seiten im Boesnerbuch von Heidi van den H\u00f6fel: Acker-Schachtelhalm.<\/em><\/figcaption><\/figure>\n\n\n\n<figure class=\"wp-block-image size-large\"><img loading=\"lazy\" decoding=\"async\" width=\"700\" height=\"351\" src=\"https:\/\/guentersahler.de\/wp-content\/uploads\/2023\/04\/Int4nr007.jpg\" alt=\"\" class=\"wp-image-27291\" srcset=\"https:\/\/guentersahler.de\/wp-content\/uploads\/2023\/04\/Int4nr007.jpg 700w, https:\/\/guentersahler.de\/wp-content\/uploads\/2023\/04\/Int4nr007-300x150.jpg 300w\" sizes=\"(max-width: 700px) 100vw, 700px\" \/><figcaption><em>Seiten im Boesnerbuch von Heidi van den H\u00f6fel: L\u00f6wenzahn.<\/em><\/figcaption><\/figure>\n\n\n\n<p>Nat\u00fcrlich besitze ich auch teure B\u00fccher, z.B. ein teures <a rel=\"noreferrer noopener\" href=\"https:\/\/www.stillmanandbirn.com\/\" target=\"_blank\">Stillman Birn<\/a>, von dem ich dann sehr entt\u00e4uscht wurde, da es, obwohl es das versprach, nicht f\u00fcr Mixed Media geeignet war. <a rel=\"noreferrer noopener\" href=\"https:\/\/www.hahnemuehle.com\/de\/kuenstlerpapiere\/skizze-zeichnen\/skizzenbuecher\/p\/Product\/show\/19\/834.html\" target=\"_blank\">Nostalgie von Hahnem\u00fchle<\/a> ist sehr sch\u00f6n f\u00fcr Farbstifte, doch meiner Meinung nach vertr\u00e4gt es gar kein Wasser. Aber das sind ja individuelle Eindr\u00fccke, leider muss das jeder f\u00fcr sich selber erfahren, da jeder anders arbeitet. Das richtige Buch oder eher Block f\u00fcr mich habe ich selber noch nicht gefunden, denn er muss alles k\u00f6nnen, da ich alle Medien verwende. Nun ja das ist ja auch ein hoher Anspruch (lacht). Momentan benutze ich den <a rel=\"noreferrer noopener\" href=\"https:\/\/www.gerstaecker.de\/clairefontaine-reisealbum-mit-spiralbindung.html\" target=\"_blank\">Carnet de Voyage Travel Album Block von Clairefontaine<\/a>, 180g schwer, wei\u00dfes Papier, m\u00e4\u00dfig rau. Aquarellfarben funktionieren sehr gut, Farbstifte habe ich noch nicht ausprobiert.<\/p>\n\n\n\n<p>Farbstifte: <a rel=\"noreferrer noopener\" href=\"https:\/\/www.faber-castell.de\/produkte\/art-und-graphic\/polychromos-kuenstlerfarbstifte\" target=\"_blank\">Polychromos von Faber Castell<\/a>. Ich habe auch alle anderen Farbstifte ausprobiert und meine Sammlung damit erweitert, aber sie sind einfach die besten. Eine Tabelle f\u00fcr die richtigen Gr\u00fcnt\u00f6ne, die wir f\u00fcr Naturskizzen brauchen, findet ihr <a rel=\"noreferrer noopener\" href=\"https:\/\/naturzeichnungen.wordpress.com\/2021\/05\/11\/polychromos-von-faber-castell-fur-die-botanische-malerei-landschaftsmalerei\/\" target=\"_blank\">hier<\/a>.<br>Aquarellfarben: <a rel=\"noreferrer noopener\" href=\"https:\/\/www.gerstaecker.de\/white-nights-extrafeine-russische-kuenstler-aquarellfarbe-im-metallkasten.html\" target=\"_blank\">White Night<\/a> sind absolut Spitze und kommen denen von Daniel Smith gleich, und sind seeehr preiswert sowie <a rel=\"noreferrer noopener\" href=\"https:\/\/www.gerstaecker.de\/daniel-smith-extra-fine-watercolor-kuenstler-aquarellfarben-set.html\" target=\"_blank\">Daniel Smith<\/a> (Rolls Royce)<br>Pinsel: f\u00fcr unterwegs nehme ich immer einen Pentel Wassertankpinsel, meist medium.<\/p>\n\n\n\n<p><span style=\"color:#2b6978\" class=\"has-inline-color\"><strong>Danke f\u00fcr das Interview, Heidi, und f\u00fcr die Einblicke in Deine Nature Journale und die Materialtipps.<\/strong><\/span><\/p>\n\n\n\n<p><span style=\"color:#2b6978\" class=\"has-inline-color\">Der Blog von Heidi van den H\u00f6fel erreicht ihr unter:<\/span><br><a rel=\"noreferrer noopener\" href=\"http:\/\/naturzeichnungen.wordpress.com\" target=\"_blank\"><strong>naturzeichnungen.wordpress.com<\/strong><\/a><\/p>\n","protected":false},"excerpt":{"rendered":"<p>Welche Erfahrungen machen andere mit Nature Journaling?&nbsp;Hier sprechen Nature Journalerinnen und Journaler dar\u00fcber wie sie zum Nature Journaling gekommen sind, wie sie ihre ersten Seiten erstellten und wie sie nun Journalen oder welche Materialien sie verwenden. Hier erh\u00e4ltst Du Tipps &hellip; <a href=\"https:\/\/guentersahler.de\/?p=26933\">Weiter<\/a><\/p>\n","protected":false},"author":1,"featured_media":27290,"comment_status":"closed","ping_status":"closed","sticky":false,"template":"","format":"standard","meta":{"footnotes":""},"categories":[33,45,85,42,49,41,84],"tags":[],"class_list":["post-26933","post","type-post","status-publish","format-standard","has-post-thumbnail","hentry","category-blog","category-botanical-art","category-interview","category-natur","category-natur-zeichnen-drinnen-und-draussen","category-nature-journaling","category-nature-journaling-intro"],"_links":{"self":[{"href":"https:\/\/guentersahler.de\/index.php?rest_route=\/wp\/v2\/posts\/26933"}],"collection":[{"href":"https:\/\/guentersahler.de\/index.php?rest_route=\/wp\/v2\/posts"}],"about":[{"href":"https:\/\/guentersahler.de\/index.php?rest_route=\/wp\/v2\/types\/post"}],"author":[{"embeddable":true,"href":"https:\/\/guentersahler.de\/index.php?rest_route=\/wp\/v2\/users\/1"}],"replies":[{"embeddable":true,"href":"https:\/\/guentersahler.de\/index.php?rest_route=%2Fwp%2Fv2%2Fcomments&post=26933"}],"version-history":[{"count":45,"href":"https:\/\/guentersahler.de\/index.php?rest_route=\/wp\/v2\/posts\/26933\/revisions"}],"predecessor-version":[{"id":30105,"href":"https:\/\/guentersahler.de\/index.php?rest_route=\/wp\/v2\/posts\/26933\/revisions\/30105"}],"wp:featuredmedia":[{"embeddable":true,"href":"https:\/\/guentersahler.de\/index.php?rest_route=\/wp\/v2\/media\/27290"}],"wp:attachment":[{"href":"https:\/\/guentersahler.de\/index.php?rest_route=%2Fwp%2Fv2%2Fmedia&parent=26933"}],"wp:term":[{"taxonomy":"category","embeddable":true,"href":"https:\/\/guentersahler.de\/index.php?rest_route=%2Fwp%2Fv2%2Fcategories&post=26933"},{"taxonomy":"post_tag","embeddable":true,"href":"https:\/\/guentersahler.de\/index.php?rest_route=%2Fwp%2Fv2%2Ftags&post=26933"}],"curies":[{"name":"wp","href":"https:\/\/api.w.org\/{rel}","templated":true}]}}