{"id":31059,"date":"2024-01-20T16:57:10","date_gmt":"2024-01-20T16:57:10","guid":{"rendered":"http:\/\/guentersahler.de\/?p=31059"},"modified":"2026-01-10T17:14:46","modified_gmt":"2026-01-10T17:14:46","slug":"schnee-2","status":"publish","type":"post","link":"https:\/\/guentersahler.de\/?p=31059","title":{"rendered":"Schnee in den S\u00fcnger Bergen"},"content":{"rendered":"\n<figure class=\"wp-block-gallery has-nested-images columns-default is-cropped wp-block-gallery-1 is-layout-flex wp-block-gallery-is-layout-flex\">\n<figure class=\"wp-block-image size-large\"><img loading=\"lazy\" decoding=\"async\" width=\"700\" height=\"394\" data-id=\"31045\" src=\"https:\/\/guentersahler.de\/wp-content\/uploads\/2024\/01\/sueng009.jpg\" alt=\"\" class=\"wp-image-31045\" srcset=\"https:\/\/guentersahler.de\/wp-content\/uploads\/2024\/01\/sueng009.jpg 700w, https:\/\/guentersahler.de\/wp-content\/uploads\/2024\/01\/sueng009-300x169.jpg 300w\" sizes=\"(max-width: 700px) 100vw, 700px\" \/><\/figure>\n\n\n\n<figure class=\"wp-block-image size-large\"><img loading=\"lazy\" decoding=\"async\" width=\"700\" height=\"275\" data-id=\"31046\" src=\"https:\/\/guentersahler.de\/wp-content\/uploads\/2024\/01\/sueng010.jpg\" alt=\"\" class=\"wp-image-31046\" srcset=\"https:\/\/guentersahler.de\/wp-content\/uploads\/2024\/01\/sueng010.jpg 700w, https:\/\/guentersahler.de\/wp-content\/uploads\/2024\/01\/sueng010-300x118.jpg 300w\" sizes=\"(max-width: 700px) 100vw, 700px\" \/><\/figure>\n\n\n\n<figure class=\"wp-block-image size-large\"><img loading=\"lazy\" decoding=\"async\" width=\"700\" height=\"374\" data-id=\"31041\" src=\"https:\/\/guentersahler.de\/wp-content\/uploads\/2024\/01\/sueng005.jpg\" alt=\"\" class=\"wp-image-31041\" srcset=\"https:\/\/guentersahler.de\/wp-content\/uploads\/2024\/01\/sueng005.jpg 700w, https:\/\/guentersahler.de\/wp-content\/uploads\/2024\/01\/sueng005-300x160.jpg 300w\" sizes=\"(max-width: 700px) 100vw, 700px\" \/><\/figure>\n\n\n\n<figure class=\"wp-block-image size-large\"><img loading=\"lazy\" decoding=\"async\" width=\"700\" height=\"286\" data-id=\"31047\" src=\"https:\/\/guentersahler.de\/wp-content\/uploads\/2024\/01\/sueng011.jpg\" alt=\"\" class=\"wp-image-31047\" srcset=\"https:\/\/guentersahler.de\/wp-content\/uploads\/2024\/01\/sueng011.jpg 700w, https:\/\/guentersahler.de\/wp-content\/uploads\/2024\/01\/sueng011-300x123.jpg 300w\" sizes=\"(max-width: 700px) 100vw, 700px\" \/><\/figure>\n\n\n\n<figure class=\"wp-block-image size-large\"><img loading=\"lazy\" decoding=\"async\" width=\"700\" height=\"298\" data-id=\"31049\" src=\"https:\/\/guentersahler.de\/wp-content\/uploads\/2024\/01\/sueng013.jpg\" alt=\"\" class=\"wp-image-31049\" srcset=\"https:\/\/guentersahler.de\/wp-content\/uploads\/2024\/01\/sueng013.jpg 700w, https:\/\/guentersahler.de\/wp-content\/uploads\/2024\/01\/sueng013-300x128.jpg 300w\" sizes=\"(max-width: 700px) 100vw, 700px\" \/><\/figure>\n\n\n\n<figure class=\"wp-block-image size-large\"><img loading=\"lazy\" decoding=\"async\" width=\"700\" height=\"348\" data-id=\"31051\" src=\"https:\/\/guentersahler.de\/wp-content\/uploads\/2024\/01\/sueng015.jpg\" alt=\"\" class=\"wp-image-31051\" srcset=\"https:\/\/guentersahler.de\/wp-content\/uploads\/2024\/01\/sueng015.jpg 700w, https:\/\/guentersahler.de\/wp-content\/uploads\/2024\/01\/sueng015-300x149.jpg 300w\" sizes=\"(max-width: 700px) 100vw, 700px\" \/><\/figure>\n\n\n\n<figure class=\"wp-block-image size-large\"><img loading=\"lazy\" decoding=\"async\" width=\"700\" height=\"394\" data-id=\"31038\" src=\"https:\/\/guentersahler.de\/wp-content\/uploads\/2024\/01\/sueng002.jpg\" alt=\"\" class=\"wp-image-31038\" srcset=\"https:\/\/guentersahler.de\/wp-content\/uploads\/2024\/01\/sueng002.jpg 700w, https:\/\/guentersahler.de\/wp-content\/uploads\/2024\/01\/sueng002-300x169.jpg 300w\" sizes=\"(max-width: 700px) 100vw, 700px\" \/><\/figure>\n\n\n\n<figure class=\"wp-block-image size-large\"><img loading=\"lazy\" decoding=\"async\" width=\"700\" height=\"369\" data-id=\"31036\" src=\"https:\/\/guentersahler.de\/wp-content\/uploads\/2024\/01\/graureih001.jpg\" alt=\"\" class=\"wp-image-31036\" srcset=\"https:\/\/guentersahler.de\/wp-content\/uploads\/2024\/01\/graureih001.jpg 700w, https:\/\/guentersahler.de\/wp-content\/uploads\/2024\/01\/graureih001-300x158.jpg 300w\" sizes=\"(max-width: 700px) 100vw, 700px\" \/><\/figure>\n<\/figure>\n\n\n\n<figure class=\"wp-block-image size-large\"><img loading=\"lazy\" decoding=\"async\" width=\"700\" height=\"275\" src=\"https:\/\/guentersahler.de\/wp-content\/uploads\/2024\/01\/sueng010.jpg\" alt=\"\" class=\"wp-image-31046\" srcset=\"https:\/\/guentersahler.de\/wp-content\/uploads\/2024\/01\/sueng010.jpg 700w, https:\/\/guentersahler.de\/wp-content\/uploads\/2024\/01\/sueng010-300x118.jpg 300w\" sizes=\"(max-width: 700px) 100vw, 700px\" \/><\/figure>\n\n\n\n<figure class=\"wp-block-image size-large\"><img loading=\"lazy\" decoding=\"async\" width=\"700\" height=\"394\" src=\"https:\/\/guentersahler.de\/wp-content\/uploads\/2024\/01\/sueng009.jpg\" alt=\"\" class=\"wp-image-31045\" srcset=\"https:\/\/guentersahler.de\/wp-content\/uploads\/2024\/01\/sueng009.jpg 700w, https:\/\/guentersahler.de\/wp-content\/uploads\/2024\/01\/sueng009-300x169.jpg 300w\" sizes=\"(max-width: 700px) 100vw, 700px\" \/><figcaption class=\"wp-element-caption\">B\u00e4ume am Stelberg (Mitte Januar 2024)<\/figcaption><\/figure>\n\n\n\n<figure class=\"wp-block-image size-large\"><img loading=\"lazy\" decoding=\"async\" width=\"700\" height=\"374\" src=\"https:\/\/guentersahler.de\/wp-content\/uploads\/2024\/01\/sueng005.jpg\" alt=\"\" class=\"wp-image-31041\" srcset=\"https:\/\/guentersahler.de\/wp-content\/uploads\/2024\/01\/sueng005.jpg 700w, https:\/\/guentersahler.de\/wp-content\/uploads\/2024\/01\/sueng005-300x160.jpg 300w\" sizes=\"(max-width: 700px) 100vw, 700px\" \/><\/figure>\n\n\n\n<figure class=\"wp-block-image size-large\"><img loading=\"lazy\" decoding=\"async\" width=\"700\" height=\"394\" src=\"https:\/\/guentersahler.de\/wp-content\/uploads\/2024\/01\/sueng002.jpg\" alt=\"\" class=\"wp-image-31038\" srcset=\"https:\/\/guentersahler.de\/wp-content\/uploads\/2024\/01\/sueng002.jpg 700w, https:\/\/guentersahler.de\/wp-content\/uploads\/2024\/01\/sueng002-300x169.jpg 300w\" sizes=\"(max-width: 700px) 100vw, 700px\" \/><figcaption class=\"wp-element-caption\">Bei Unterb\u00fcschem (Mitte Januar 2024)<\/figcaption><\/figure>\n\n\n\n<figure class=\"wp-block-image size-large\"><img loading=\"lazy\" decoding=\"async\" width=\"700\" height=\"394\" src=\"https:\/\/guentersahler.de\/wp-content\/uploads\/2024\/01\/sueng012.jpg\" alt=\"\" class=\"wp-image-31048\" srcset=\"https:\/\/guentersahler.de\/wp-content\/uploads\/2024\/01\/sueng012.jpg 700w, https:\/\/guentersahler.de\/wp-content\/uploads\/2024\/01\/sueng012-300x169.jpg 300w\" sizes=\"(max-width: 700px) 100vw, 700px\" \/><figcaption class=\"wp-element-caption\">Schneekristalle (Mitte Januar 2024)<\/figcaption><\/figure>\n\n\n\n<figure class=\"wp-block-image size-large\"><img decoding=\"async\" src=\"https:\/\/guentersahler.de\/wp-content\/uploads\/2023\/01\/schnee023.jpg\" alt=\"\"\/><figcaption class=\"wp-element-caption\">Januar 2023<\/figcaption><\/figure>\n\n\n\n<figure class=\"wp-block-image size-large\"><img decoding=\"async\" src=\"https:\/\/guentersahler.de\/wp-content\/uploads\/2022\/12\/eisschnee003.jpg\" alt=\"\"\/><figcaption class=\"wp-element-caption\">Eisblumen am L\u00f6hberg (Dezember 2022)<\/figcaption><\/figure>\n\n\n\n<figure class=\"wp-block-image size-large\"><img decoding=\"async\" src=\"https:\/\/guentersahler.de\/wp-content\/uploads\/2023\/01\/suengerberge0880.jpg\" alt=\"\"\/><figcaption class=\"wp-element-caption\">Stelberg, S\u00fcnger Berg, L\u00f6hberg (Mitte Januar 2023)<\/figcaption><\/figure>\n\n\n\n<figure class=\"wp-block-image size-large\"><img decoding=\"async\" src=\"https:\/\/guentersahler.de\/wp-content\/uploads\/2021\/03\/suengerberge005.jpg\" alt=\"\"\/><figcaption class=\"wp-element-caption\">S\u00fcnger Berge im Hintergrund. Linker H\u00fcgel L\u00f6hberg, davor Kapellens\u00fcng. Daneben S\u00fcnger Berg und Stelberg (2009).<\/figcaption><\/figure>\n\n\n\n<figure class=\"wp-block-image size-large\"><img decoding=\"async\" src=\"https:\/\/guentersahler.de\/wp-content\/uploads\/2021\/03\/suengerberge004.jpg\" alt=\"\"\/><figcaption class=\"wp-element-caption\">L\u00f6hberg im Hintergrund, vorne Kapellens\u00fcng (2009).<\/figcaption><\/figure>\n\n\n\n<figure class=\"wp-block-image size-large\"><img decoding=\"async\" src=\"https:\/\/guentersahler.de\/wp-content\/uploads\/2023\/01\/schnee010.jpg\" alt=\"\"\/><figcaption class=\"wp-element-caption\">Blick vom L\u00f6hberg nach Kapellens\u00fcng (Mitte Januar 2023)<\/figcaption><\/figure>\n\n\n\n<figure class=\"wp-block-image size-large\"><img decoding=\"async\" src=\"https:\/\/guentersahler.de\/wp-content\/uploads\/2023\/03\/suengerberge3001.jpg\" alt=\"\"\/><figcaption class=\"wp-element-caption\">Bei Hammen\/Schl\u00fcsselberg\/Ohler Siefen (M\u00e4rz 2023)<\/figcaption><\/figure>\n\n\n\n<figure class=\"wp-block-image size-large\"><img decoding=\"async\" src=\"https:\/\/guentersahler.de\/wp-content\/uploads\/2024\/01\/sueng015.jpg\" alt=\"\"\/><figcaption class=\"wp-element-caption\">L\u00f6hberg mit G\u00e4nseteich (Mitte Januar 2024)<\/figcaption><\/figure>\n\n\n\n<figure class=\"wp-block-image size-large\"><img decoding=\"async\" src=\"https:\/\/guentersahler.de\/wp-content\/uploads\/2024\/01\/sueng013.jpg\" alt=\"\"\/><figcaption class=\"wp-element-caption\">ei Unterb\u00fcschen mit Stelberg, S\u00fcnger Berg und L\u00f6hberg hinten (Mitte Januar 2024)<\/figcaption><\/figure>\n\n\n\n<figure class=\"wp-block-image size-large\"><img decoding=\"async\" src=\"https:\/\/guentersahler.de\/wp-content\/uploads\/2024\/01\/sueng011.jpg\" alt=\"\"\/><figcaption class=\"wp-element-caption\">Am Stelberg bei Unterb\u00fcschem (Mitte Januar 2024)<\/figcaption><\/figure>\n\n\n\n<figure class=\"wp-block-image size-large\"><img decoding=\"async\" src=\"https:\/\/guentersahler.de\/wp-content\/uploads\/2021\/10\/Schaf006.jpg\" alt=\"\"\/><figcaption class=\"wp-element-caption\">Schafe bei Obers\u00fclze an der S\u00fclztalstra\u00dfe (2005)<\/figcaption><\/figure>\n\n\n\n<figure class=\"wp-block-image size-large\"><img decoding=\"async\" src=\"https:\/\/guentersahler.de\/wp-content\/uploads\/2024\/01\/sueng014.jpg\" alt=\"\"\/><figcaption class=\"wp-element-caption\">Rinder bei Unterb\u00fcschem (Mitte Januar 2024)<\/figcaption><\/figure>\n\n\n\n<p>Januar 2026<\/p>\n\n\n\n<p>Seit Anfang des Jahres haben wir das sch\u00f6nste Winterwetter mit ein paar Zentimetern Schnee. Allerdings finden die V\u00f6gel kein Futter mehr und kommen jetzt verst\u00e4rkt in die G\u00e4rten. Daher Futter und Wasser raus in die G\u00e4rten.<\/p>\n\n\n\n<figure class=\"wp-block-image size-full\"><img loading=\"lazy\" decoding=\"async\" width=\"630\" height=\"380\" src=\"https:\/\/guentersahler.de\/wp-content\/uploads\/2026\/01\/komeise001.jpg\" alt=\"\" class=\"wp-image-37078\" srcset=\"https:\/\/guentersahler.de\/wp-content\/uploads\/2026\/01\/komeise001.jpg 630w, https:\/\/guentersahler.de\/wp-content\/uploads\/2026\/01\/komeise001-300x181.jpg 300w\" sizes=\"(max-width: 630px) 100vw, 630px\" \/><figcaption class=\"wp-element-caption\">Blaumeise (Hartegasse, Anfang Januar 2026)<\/figcaption><\/figure>\n\n\n\n<figure class=\"wp-block-image size-full\"><img loading=\"lazy\" decoding=\"async\" width=\"700\" height=\"441\" src=\"https:\/\/guentersahler.de\/wp-content\/uploads\/2026\/01\/grfinken001.jpg\" alt=\"\" class=\"wp-image-37077\" srcset=\"https:\/\/guentersahler.de\/wp-content\/uploads\/2026\/01\/grfinken001.jpg 700w, https:\/\/guentersahler.de\/wp-content\/uploads\/2026\/01\/grfinken001-300x189.jpg 300w, https:\/\/guentersahler.de\/wp-content\/uploads\/2026\/01\/grfinken001-80x50.jpg 80w\" sizes=\"(max-width: 700px) 100vw, 700px\" \/><figcaption class=\"wp-element-caption\">Gr\u00fcnfinken am Futterhaus (Hartegasse, Anfang Januar 2026).<\/figcaption><\/figure>\n\n\n\n<p>Gestern wurde es w\u00e4rmer, es taute, das begann der Regen, der dann in der Nacht zu Schnee wurde. Zu Gl\u00fcck gab es hier im Bergischen Land nicht soviel Neuschnee wie in anderen Regionen. Auch die Minusgrade hielten sich in Grenzen: Minus zwei Grad tags\u00fcber, bei m\u00e4\u00dfigem Wind.<\/p>\n\n\n\n<figure class=\"wp-block-image size-full\"><img loading=\"lazy\" decoding=\"async\" width=\"700\" height=\"394\" src=\"https:\/\/guentersahler.de\/wp-content\/uploads\/2026\/01\/schnee003.jpg\" alt=\"\" class=\"wp-image-37081\" srcset=\"https:\/\/guentersahler.de\/wp-content\/uploads\/2026\/01\/schnee003.jpg 700w, https:\/\/guentersahler.de\/wp-content\/uploads\/2026\/01\/schnee003-300x169.jpg 300w\" sizes=\"(max-width: 700px) 100vw, 700px\" \/><figcaption class=\"wp-element-caption\">In der H\u00fctte bei Bonners\u00fcng (Anfang Januar 2026).<\/figcaption><\/figure>\n\n\n\n<figure class=\"wp-block-image size-full\"><img loading=\"lazy\" decoding=\"async\" width=\"700\" height=\"414\" src=\"https:\/\/guentersahler.de\/wp-content\/uploads\/2026\/01\/schnee002.jpg\" alt=\"\" class=\"wp-image-37080\" srcset=\"https:\/\/guentersahler.de\/wp-content\/uploads\/2026\/01\/schnee002.jpg 700w, https:\/\/guentersahler.de\/wp-content\/uploads\/2026\/01\/schnee002-300x177.jpg 300w\" sizes=\"(max-width: 700px) 100vw, 700px\" \/><figcaption class=\"wp-element-caption\">In der H\u00fctte bei Bonners\u00fcng (Anfang Januar 2026).<\/figcaption><\/figure>\n\n\n\n<figure class=\"wp-block-image size-full\"><img loading=\"lazy\" decoding=\"async\" width=\"700\" height=\"363\" src=\"https:\/\/guentersahler.de\/wp-content\/uploads\/2026\/01\/schnee001.jpg\" alt=\"\" class=\"wp-image-37079\" srcset=\"https:\/\/guentersahler.de\/wp-content\/uploads\/2026\/01\/schnee001.jpg 700w, https:\/\/guentersahler.de\/wp-content\/uploads\/2026\/01\/schnee001-300x156.jpg 300w\" sizes=\"(max-width: 700px) 100vw, 700px\" \/><figcaption class=\"wp-element-caption\">In der H\u00fctte bei Bonners\u00fcng (Anfang Januar 2026).<\/figcaption><\/figure>\n\n\n\n<figure class=\"wp-block-image size-full\"><img loading=\"lazy\" decoding=\"async\" width=\"700\" height=\"446\" src=\"https:\/\/guentersahler.de\/wp-content\/uploads\/2026\/01\/schnee004.jpg\" alt=\"\" class=\"wp-image-37082\" srcset=\"https:\/\/guentersahler.de\/wp-content\/uploads\/2026\/01\/schnee004.jpg 700w, https:\/\/guentersahler.de\/wp-content\/uploads\/2026\/01\/schnee004-300x191.jpg 300w, https:\/\/guentersahler.de\/wp-content\/uploads\/2026\/01\/schnee004-80x50.jpg 80w\" sizes=\"(max-width: 700px) 100vw, 700px\" \/><figcaption class=\"wp-element-caption\">In der H\u00fctte bei Bonners\u00fcng (Anfang Januar 2026).<\/figcaption><\/figure>\n\n\n\n<figure class=\"wp-block-image size-full\"><img loading=\"lazy\" decoding=\"async\" width=\"700\" height=\"348\" src=\"https:\/\/guentersahler.de\/wp-content\/uploads\/2026\/01\/schnee005.jpg\" alt=\"\" class=\"wp-image-37083\" srcset=\"https:\/\/guentersahler.de\/wp-content\/uploads\/2026\/01\/schnee005.jpg 700w, https:\/\/guentersahler.de\/wp-content\/uploads\/2026\/01\/schnee005-300x149.jpg 300w\" sizes=\"(max-width: 700px) 100vw, 700px\" \/><figcaption class=\"wp-element-caption\">Am Stelberg (Anfang Januar 2026).<\/figcaption><\/figure>\n\n\n\n<figure class=\"wp-block-image size-full\"><img loading=\"lazy\" decoding=\"async\" width=\"700\" height=\"332\" src=\"https:\/\/guentersahler.de\/wp-content\/uploads\/2026\/01\/schnee007.jpg\" alt=\"\" class=\"wp-image-37085\" srcset=\"https:\/\/guentersahler.de\/wp-content\/uploads\/2026\/01\/schnee007.jpg 700w, https:\/\/guentersahler.de\/wp-content\/uploads\/2026\/01\/schnee007-300x142.jpg 300w\" sizes=\"(max-width: 700px) 100vw, 700px\" \/><figcaption class=\"wp-element-caption\">Stelberger Wiesen mit Vogel(s)berg im Hintergrund (Anfang Januar 2026).<\/figcaption><\/figure>\n\n\n\n<figure class=\"wp-block-image size-full\"><img loading=\"lazy\" decoding=\"async\" width=\"700\" height=\"394\" src=\"https:\/\/guentersahler.de\/wp-content\/uploads\/2026\/01\/schnee008.jpg\" alt=\"\" class=\"wp-image-37086\" srcset=\"https:\/\/guentersahler.de\/wp-content\/uploads\/2026\/01\/schnee008.jpg 700w, https:\/\/guentersahler.de\/wp-content\/uploads\/2026\/01\/schnee008-300x169.jpg 300w\" sizes=\"(max-width: 700px) 100vw, 700px\" \/><figcaption class=\"wp-element-caption\">Am Stelberg mit Blick in Richtung Oberb\u00fcschem\/Roderwiese (Anfang Januar 2026).<\/figcaption><\/figure>\n\n\n\n<figure class=\"wp-block-image size-full\"><img loading=\"lazy\" decoding=\"async\" width=\"700\" height=\"538\" src=\"https:\/\/guentersahler.de\/wp-content\/uploads\/2026\/01\/schnee009.jpg\" alt=\"\" class=\"wp-image-37087\" srcset=\"https:\/\/guentersahler.de\/wp-content\/uploads\/2026\/01\/schnee009.jpg 700w, https:\/\/guentersahler.de\/wp-content\/uploads\/2026\/01\/schnee009-300x231.jpg 300w\" sizes=\"(max-width: 700px) 100vw, 700px\" \/><figcaption class=\"wp-element-caption\">Am Stelberg (Anfang Januar 2026).<\/figcaption><\/figure>\n\n\n\n<figure class=\"wp-block-image size-full\"><img loading=\"lazy\" decoding=\"async\" width=\"700\" height=\"394\" src=\"https:\/\/guentersahler.de\/wp-content\/uploads\/2026\/01\/schnee011.jpg\" alt=\"\" class=\"wp-image-37089\" srcset=\"https:\/\/guentersahler.de\/wp-content\/uploads\/2026\/01\/schnee011.jpg 700w, https:\/\/guentersahler.de\/wp-content\/uploads\/2026\/01\/schnee011-300x169.jpg 300w\" sizes=\"(max-width: 700px) 100vw, 700px\" \/><figcaption class=\"wp-element-caption\">Am Stelberg (Anfang Januar 2026).<\/figcaption><\/figure>\n\n\n\n<figure class=\"wp-block-image size-full\"><img loading=\"lazy\" decoding=\"async\" width=\"700\" height=\"445\" src=\"https:\/\/guentersahler.de\/wp-content\/uploads\/2026\/01\/schnee012.jpg\" alt=\"\" class=\"wp-image-37090\" srcset=\"https:\/\/guentersahler.de\/wp-content\/uploads\/2026\/01\/schnee012.jpg 700w, https:\/\/guentersahler.de\/wp-content\/uploads\/2026\/01\/schnee012-300x191.jpg 300w, https:\/\/guentersahler.de\/wp-content\/uploads\/2026\/01\/schnee012-80x50.jpg 80w\" sizes=\"(max-width: 700px) 100vw, 700px\" \/><figcaption class=\"wp-element-caption\">Obstbaum Stelberger Wiesen bei Bonners\u00fcng (Anfang Januar 2026).<\/figcaption><\/figure>\n","protected":false},"excerpt":{"rendered":"<p>Januar 2026 Seit Anfang des Jahres haben wir das sch\u00f6nste Winterwetter mit ein paar Zentimetern Schnee. Allerdings finden die V\u00f6gel kein Futter mehr und kommen jetzt verst\u00e4rkt in die G\u00e4rten. Daher Futter und Wasser raus in die G\u00e4rten. Gestern wurde &hellip; <a href=\"https:\/\/guentersahler.de\/?p=31059\">Weiter<\/a><\/p>\n","protected":false},"author":1,"featured_media":31046,"comment_status":"closed","ping_status":"closed","sticky":false,"template":"","format":"standard","meta":{"footnotes":""},"categories":[33,42,83,117,36],"tags":[],"class_list":["post-31059","post","type-post","status-publish","format-standard","has-post-thumbnail","hentry","category-blog","category-natur","category-natur-der-suenger-berge-die-landschaft","category-schnee","category-suenger-berge"],"_links":{"self":[{"href":"https:\/\/guentersahler.de\/index.php?rest_route=\/wp\/v2\/posts\/31059"}],"collection":[{"href":"https:\/\/guentersahler.de\/index.php?rest_route=\/wp\/v2\/posts"}],"about":[{"href":"https:\/\/guentersahler.de\/index.php?rest_route=\/wp\/v2\/types\/post"}],"author":[{"embeddable":true,"href":"https:\/\/guentersahler.de\/index.php?rest_route=\/wp\/v2\/users\/1"}],"replies":[{"embeddable":true,"href":"https:\/\/guentersahler.de\/index.php?rest_route=%2Fwp%2Fv2%2Fcomments&post=31059"}],"version-history":[{"count":15,"href":"https:\/\/guentersahler.de\/index.php?rest_route=\/wp\/v2\/posts\/31059\/revisions"}],"predecessor-version":[{"id":37095,"href":"https:\/\/guentersahler.de\/index.php?rest_route=\/wp\/v2\/posts\/31059\/revisions\/37095"}],"wp:featuredmedia":[{"embeddable":true,"href":"https:\/\/guentersahler.de\/index.php?rest_route=\/wp\/v2\/media\/31046"}],"wp:attachment":[{"href":"https:\/\/guentersahler.de\/index.php?rest_route=%2Fwp%2Fv2%2Fmedia&parent=31059"}],"wp:term":[{"taxonomy":"category","embeddable":true,"href":"https:\/\/guentersahler.de\/index.php?rest_route=%2Fwp%2Fv2%2Fcategories&post=31059"},{"taxonomy":"post_tag","embeddable":true,"href":"https:\/\/guentersahler.de\/index.php?rest_route=%2Fwp%2Fv2%2Ftags&post=31059"}],"curies":[{"name":"wp","href":"https:\/\/api.w.org\/{rel}","templated":true}]}}