{"id":31889,"date":"2024-06-12T15:37:00","date_gmt":"2024-06-12T15:37:00","guid":{"rendered":"http:\/\/guentersahler.de\/?p=31889"},"modified":"2025-10-24T21:18:26","modified_gmt":"2025-10-24T21:18:26","slug":"herrlich-am-see","status":"publish","type":"post","link":"https:\/\/guentersahler.de\/?p=31889","title":{"rendered":"F\u00fcnfseenland"},"content":{"rendered":"\n<figure class=\"wp-block-image size-large\"><img loading=\"lazy\" decoding=\"async\" width=\"500\" height=\"163\" src=\"https:\/\/guentersahler.de\/wp-content\/uploads\/2024\/06\/5seenlandimage.gif\" alt=\"\" class=\"wp-image-32391\"\/><\/figure>\n\n\n\n<figure class=\"wp-block-image size-large\"><img loading=\"lazy\" decoding=\"async\" width=\"400\" height=\"239\" src=\"https:\/\/guentersahler.de\/wp-content\/uploads\/2024\/05\/postherr001.jpg\" alt=\"\" class=\"wp-image-31891\" srcset=\"https:\/\/guentersahler.de\/wp-content\/uploads\/2024\/05\/postherr001.jpg 400w, https:\/\/guentersahler.de\/wp-content\/uploads\/2024\/05\/postherr001-300x179.jpg 300w\" sizes=\"(max-width: 400px) 100vw, 400px\" \/><figcaption class=\"wp-element-caption\">Postkarte: Herrsching am See<\/figcaption><\/figure>\n\n\n\n<figure class=\"wp-block-image size-large\"><img loading=\"lazy\" decoding=\"async\" width=\"400\" height=\"241\" src=\"https:\/\/guentersahler.de\/wp-content\/uploads\/2024\/03\/postherr002.jpg\" alt=\"\" class=\"wp-image-31892\" srcset=\"https:\/\/guentersahler.de\/wp-content\/uploads\/2024\/03\/postherr002.jpg 400w, https:\/\/guentersahler.de\/wp-content\/uploads\/2024\/03\/postherr002-300x181.jpg 300w\" sizes=\"(max-width: 400px) 100vw, 400px\" \/><figcaption class=\"wp-element-caption\">Postkarte: Herrsching am See<\/figcaption><\/figure>\n\n\n\n<figure class=\"wp-block-image size-large\"><img loading=\"lazy\" decoding=\"async\" width=\"700\" height=\"197\" src=\"https:\/\/guentersahler.de\/wp-content\/uploads\/2024\/06\/Herr1002.jpg\" alt=\"\" class=\"wp-image-32308\" srcset=\"https:\/\/guentersahler.de\/wp-content\/uploads\/2024\/06\/Herr1002.jpg 700w, https:\/\/guentersahler.de\/wp-content\/uploads\/2024\/06\/Herr1002-300x84.jpg 300w\" sizes=\"(max-width: 700px) 100vw, 700px\" \/><figcaption class=\"wp-element-caption\">Blick \u00fcber den See zu den Alpen.<\/figcaption><\/figure>\n\n\n\n<p><strong>Unwetter Ende Mai und Anfang Juni 2024 in S\u00fcddeutschland<\/strong><\/p>\n\n\n\n<p>Auf der Autofahrt aus dem Rheinland nach Oberbayern hat es 3\/4 der Zeit kr\u00e4ftig geregnet. In Hessen noch m\u00e4\u00dfig, in Baden-W\u00fcrttemberg und Bayern kr\u00e4ftig. Wir beobachteten das Geschehen bereits seit Tagen und auch w\u00e4hrend der Fahrt \u00fcber verschiedene Wetterapps. <\/p>\n\n\n\n<p>Bereits am Nachmittag sahen wir im Raum Memmingen bereits \u00fcbervolle Fl\u00fcsse. Es hatte ja bereits am Vortag, also am Freitag in S\u00fcddeutschland kr\u00e4ftig geregnet. Auf der Autobahn A96 gab es einen Stau, da Wasser von einem Feld auf die Fahrbahn lief. Die dramatischen Auswirkungen des Unwetters sahen wir aber erst im Fernsehen bzw. in den Internetmeldungen. <\/p>\n\n\n\n<p>Das <a rel=\"noreferrer noopener\" href=\"https:\/\/www.dwd.de\/DE\/wetter\/thema_des_tages\/2024\/5\/30.html\" target=\"_blank\">Tief (<em>Orinoco<\/em>)<\/a> \u00fcber dem S\u00fcden von Deutschland kam aufgrund einer <a rel=\"noreferrer noopener\" href=\"https:\/\/de.wikipedia.org\/wiki\/Mittelmeertief\" target=\"_blank\">\u201eF\u00fcnf-B-Wetterlage\u201c<\/a> nicht raus aus dem S\u00fcden. Haupts\u00e4chlich betroffen war die Bodenseeregion, der Allg\u00e4u und Oberbayern bis hin vor die Tore M\u00fcnchens. <\/p>\n\n\n\n<p>Am Samstag in Herrsching am Ammersee stieg der Pegel ebenfalls. Das Seewasser schwappte aber wohl nur wegen der hohen Welle etwas \u00fcber die Seepromenade. <\/p>\n\n\n\n<figure class=\"wp-block-image size-large\"><img loading=\"lazy\" decoding=\"async\" width=\"700\" height=\"394\" src=\"https:\/\/guentersahler.de\/wp-content\/uploads\/2024\/06\/herr008.jpg\" alt=\"\" class=\"wp-image-32186\" srcset=\"https:\/\/guentersahler.de\/wp-content\/uploads\/2024\/06\/herr008.jpg 700w, https:\/\/guentersahler.de\/wp-content\/uploads\/2024\/06\/herr008-300x169.jpg 300w\" sizes=\"(max-width: 700px) 100vw, 700px\" \/><figcaption class=\"wp-element-caption\">Herrsching: Dampferanleger am See nach Unwetter<\/figcaption><\/figure>\n\n\n\n<figure class=\"wp-block-image size-large\"><img loading=\"lazy\" decoding=\"async\" width=\"700\" height=\"394\" src=\"https:\/\/guentersahler.de\/wp-content\/uploads\/2024\/06\/herr006.jpg\" alt=\"\" class=\"wp-image-32184\" srcset=\"https:\/\/guentersahler.de\/wp-content\/uploads\/2024\/06\/herr006.jpg 700w, https:\/\/guentersahler.de\/wp-content\/uploads\/2024\/06\/herr006-300x169.jpg 300w\" sizes=\"(max-width: 700px) 100vw, 700px\" \/><figcaption class=\"wp-element-caption\">Herrsching: Ammersee nach Unwetter<\/figcaption><\/figure>\n\n\n\n<p><strong>Der Kienbach<\/strong><\/p>\n\n\n\n<p>Kurze B\u00e4che mit kleinen Einzugsgebieten k\u00f6nnen schnell ansteigen und eine Prognose f\u00fcr diese B\u00e4che sei schwer. Auch weil sich die Wetterlage f\u00fcr diese B\u00e4che kaum vorhersagen lie\u00dfe, so ein Hydrologie-Professor aus Garmisch-Partenkirchen im Fernsehen (den Namen habe ich mir nicht gemerkt und seine Aussage habe ich hier auch sicher sehr ungenau widergegeben). Bei ung\u00fcnstiger Wetterlage kann so ein Bach schnell anschwellen und \u00fcber das Ufer gehen.<\/p>\n\n\n\n<p>Der Kienbach entspringt bei Andecks auf einer H\u00f6he von 713 Meter. Er flie\u00dft n\u00f6rdlich zum See. Der Bach hat sich eine tiefe Schlucht gegraben, die bis zu 70 Meter tief ist. Nach 180 H\u00f6henmeter flie\u00dft der Bach in Herrsching (auf 533 Meter) in den See.<\/p>\n\n\n\n<p>Aufgrund der Hochwassererfahrung von 1885 wurde der Bach zum Hochwasserschutz mit St\u00fctzmauern versehen. Dadurch wurde das Bachbett schmaler und die Flie\u00dfgeschwindigkeit des Wassers nahm zu. Aber trotzdem wurde der Bach dadurch sicher gegen Platz- und Starkregen. Was aber ist mit Dauerregen beim Unwettern wie am Wochenende 31. Mai und 1. Juni 2024? <\/p>\n\n\n\n<figure class=\"wp-block-image size-large\"><img loading=\"lazy\" decoding=\"async\" width=\"700\" height=\"452\" src=\"https:\/\/guentersahler.de\/wp-content\/uploads\/2024\/06\/herr001.jpg\" alt=\"\" class=\"wp-image-32179\" srcset=\"https:\/\/guentersahler.de\/wp-content\/uploads\/2024\/06\/herr001.jpg 700w, https:\/\/guentersahler.de\/wp-content\/uploads\/2024\/06\/herr001-300x194.jpg 300w\" sizes=\"(max-width: 700px) 100vw, 700px\" \/><figcaption class=\"wp-element-caption\">Kienbach am Tag des Unwetters (nach 17.00 Uhr) und am Tag danach (der Pegel scheint nur leicht gesunken).<\/figcaption><\/figure>\n\n\n\n<p>Der Liveticker der Zeitung Merkur meldete auch \u00fcber den Kienbach:<\/p>\n\n\n\n<p><em>&#8222;Der Kienbach aus Richtung Andechs f\u00fchre viel Wasser. Da sei zwar noch etwas Luft, aber vorsorglich l\u00e4sst die Wehr Tausende Sands\u00e4cke f\u00fcllen, um auch diesen Bach &gt;einzudeichen&lt;.&#8220;<\/em> (Merkur.de, 12.11 Uhr am Unwettertag)<\/p>\n\n\n\n<figure class=\"wp-block-image size-large\"><img loading=\"lazy\" decoding=\"async\" width=\"700\" height=\"670\" src=\"https:\/\/guentersahler.de\/wp-content\/uploads\/2024\/06\/Herr1006.jpg\" alt=\"\" class=\"wp-image-32311\" srcset=\"https:\/\/guentersahler.de\/wp-content\/uploads\/2024\/06\/Herr1006.jpg 700w, https:\/\/guentersahler.de\/wp-content\/uploads\/2024\/06\/Herr1006-300x287.jpg 300w\" sizes=\"(max-width: 700px) 100vw, 700px\" \/><figcaption class=\"wp-element-caption\">Herrsching: Sands\u00e4cke im Kurpark.<\/figcaption><\/figure>\n\n\n\n<p>Aber:<\/p>\n\n\n\n<p><em>&#8222;Da der Regen etwas nachgelassen hat, sinken an einigen B\u00e4chen die Pegel wieder, etwa der Kienbach in Herrsching.&#8220;<\/em> (Merkur.de, 15.45 Uhr am Unwettertag)<\/p>\n\n\n\n<figure class=\"wp-block-image size-large\"><img decoding=\"async\" src=\"https:\/\/guentersahler.de\/wp-content\/uploads\/2024\/06\/herr009.jpg\" alt=\"\"\/><figcaption class=\"wp-element-caption\">Herrsching am See:  Es klart langsam auf am Tag (Sonntag) nach dem Unwetter. Blick auf die andere Uferseite.<\/figcaption><\/figure>\n\n\n\n<figure class=\"wp-block-image size-large\"><img decoding=\"async\" src=\"https:\/\/guentersahler.de\/wp-content\/uploads\/2024\/06\/herr007.jpg\" alt=\"\"\/><figcaption class=\"wp-element-caption\">Herrsching am See: Am Tag (Sonntag) nach dem Unwetter. Der See ist wieder ruhig.<\/figcaption><\/figure>\n\n\n\n<p>Das war am Samstag. Am Sonntag und Montag kam weiterer Regen hinzu. Nach drei Tagen Regen (den ersten Regentag haben wir nicht mitbekommen) fragten wir uns, ob es jemals wieder aufh\u00f6ren w\u00fcrde.<\/p>\n\n\n\n<figure class=\"wp-block-image size-large\"><img loading=\"lazy\" decoding=\"async\" width=\"700\" height=\"394\" src=\"https:\/\/guentersahler.de\/wp-content\/uploads\/2024\/06\/Herr1000.jpg\" alt=\"\" class=\"wp-image-32306\" srcset=\"https:\/\/guentersahler.de\/wp-content\/uploads\/2024\/06\/Herr1000.jpg 700w, https:\/\/guentersahler.de\/wp-content\/uploads\/2024\/06\/Herr1000-300x169.jpg 300w\" sizes=\"(max-width: 700px) 100vw, 700px\" \/><figcaption class=\"wp-element-caption\">Herrsching: Seepromenade: Noch steht das Wasser im Ammersee.<\/figcaption><\/figure>\n\n\n\n<figure class=\"wp-block-image size-large\"><img loading=\"lazy\" decoding=\"async\" width=\"700\" height=\"362\" src=\"https:\/\/guentersahler.de\/wp-content\/uploads\/2024\/06\/Herr1001.jpg\" alt=\"\" class=\"wp-image-32307\" srcset=\"https:\/\/guentersahler.de\/wp-content\/uploads\/2024\/06\/Herr1001.jpg 700w, https:\/\/guentersahler.de\/wp-content\/uploads\/2024\/06\/Herr1001-300x155.jpg 300w\" sizes=\"(max-width: 700px) 100vw, 700px\" \/><figcaption class=\"wp-element-caption\">Herrsching: Im Kurpark.<\/figcaption><\/figure>\n\n\n\n<figure class=\"wp-block-image size-large\"><img loading=\"lazy\" decoding=\"async\" width=\"700\" height=\"394\" src=\"https:\/\/guentersahler.de\/wp-content\/uploads\/2024\/06\/Herr1005.jpg\" alt=\"\" class=\"wp-image-32310\" srcset=\"https:\/\/guentersahler.de\/wp-content\/uploads\/2024\/06\/Herr1005.jpg 700w, https:\/\/guentersahler.de\/wp-content\/uploads\/2024\/06\/Herr1005-300x169.jpg 300w\" sizes=\"(max-width: 700px) 100vw, 700px\" \/><figcaption class=\"wp-element-caption\">Herrsching: Im Kurpark.<\/figcaption><\/figure>\n\n\n\n<figure class=\"wp-block-image size-large\"><img loading=\"lazy\" decoding=\"async\" width=\"700\" height=\"782\" src=\"https:\/\/guentersahler.de\/wp-content\/uploads\/2024\/06\/Herr1004.jpg\" alt=\"\" class=\"wp-image-32309\" srcset=\"https:\/\/guentersahler.de\/wp-content\/uploads\/2024\/06\/Herr1004.jpg 700w, https:\/\/guentersahler.de\/wp-content\/uploads\/2024\/06\/Herr1004-269x300.jpg 269w\" sizes=\"(max-width: 700px) 100vw, 700px\" \/><figcaption class=\"wp-element-caption\">Herrsching: Im Kurpark.<\/figcaption><\/figure>\n\n\n\n<figure class=\"wp-block-image size-large\"><img loading=\"lazy\" decoding=\"async\" width=\"700\" height=\"358\" src=\"https:\/\/guentersahler.de\/wp-content\/uploads\/2024\/06\/Herr1007.jpg\" alt=\"\" class=\"wp-image-32312\" srcset=\"https:\/\/guentersahler.de\/wp-content\/uploads\/2024\/06\/Herr1007.jpg 700w, https:\/\/guentersahler.de\/wp-content\/uploads\/2024\/06\/Herr1007-300x153.jpg 300w\" sizes=\"(max-width: 700px) 100vw, 700px\" \/><figcaption class=\"wp-element-caption\">Herrsching: Eintagsfliege<\/figcaption><\/figure>\n\n\n\n<figure class=\"wp-block-image size-large\"><img loading=\"lazy\" decoding=\"async\" width=\"700\" height=\"482\" src=\"https:\/\/guentersahler.de\/wp-content\/uploads\/2024\/06\/Herr1011.jpg\" alt=\"\" class=\"wp-image-32316\" srcset=\"https:\/\/guentersahler.de\/wp-content\/uploads\/2024\/06\/Herr1011.jpg 700w, https:\/\/guentersahler.de\/wp-content\/uploads\/2024\/06\/Herr1011-300x207.jpg 300w\" sizes=\"(max-width: 700px) 100vw, 700px\" \/><figcaption class=\"wp-element-caption\">Skizze mit Eintagsfliege<\/figcaption><\/figure>\n\n\n\n<figure class=\"wp-block-image size-large\"><img loading=\"lazy\" decoding=\"async\" width=\"700\" height=\"383\" src=\"https:\/\/guentersahler.de\/wp-content\/uploads\/2024\/06\/Herr1008.jpg\" alt=\"\" class=\"wp-image-32313\" srcset=\"https:\/\/guentersahler.de\/wp-content\/uploads\/2024\/06\/Herr1008.jpg 700w, https:\/\/guentersahler.de\/wp-content\/uploads\/2024\/06\/Herr1008-300x164.jpg 300w\" sizes=\"(max-width: 700px) 100vw, 700px\" \/><figcaption class=\"wp-element-caption\">Kienbach in Herrsching.<\/figcaption><\/figure>\n\n\n\n<p><strong>Landkreis Landsberg, westlicher Ammersee bei Die\u00dfen<\/strong><\/p>\n\n\n\n<figure class=\"wp-block-image size-large\"><img loading=\"lazy\" decoding=\"async\" width=\"700\" height=\"368\" src=\"https:\/\/guentersahler.de\/wp-content\/uploads\/2024\/06\/herri013.jpg\" alt=\"\" class=\"wp-image-32369\" srcset=\"https:\/\/guentersahler.de\/wp-content\/uploads\/2024\/06\/herri013.jpg 700w, https:\/\/guentersahler.de\/wp-content\/uploads\/2024\/06\/herri013-300x158.jpg 300w\" sizes=\"(max-width: 700px) 100vw, 700px\" \/><figcaption class=\"wp-element-caption\">Blick von Herrsching \u00fcber den Ammersee nach Die\u00dfen.<\/figcaption><\/figure>\n\n\n\n<p>Auf der westlichen Seite des Ammersees liegt der Landkreis Landsberg. Am s\u00fcdwestlichen Ufer liegt der alte Fischerort Die\u00dfen am Ammersee. Die Fahrt dorthin dauerte rund 20 Minuten. Es war Kaiserwetter, unglaublicher Sonnenschein und angenehme 20 Grad.<\/p>\n\n\n\n<figure class=\"wp-block-image size-large\"><img loading=\"lazy\" decoding=\"async\" width=\"700\" height=\"636\" src=\"https:\/\/guentersahler.de\/wp-content\/uploads\/2024\/06\/diessen001.jpg\" alt=\"\" class=\"wp-image-32252\" srcset=\"https:\/\/guentersahler.de\/wp-content\/uploads\/2024\/06\/diessen001.jpg 700w, https:\/\/guentersahler.de\/wp-content\/uploads\/2024\/06\/diessen001-300x273.jpg 300w\" sizes=\"(max-width: 700px) 100vw, 700px\" \/><figcaption class=\"wp-element-caption\"><a rel=\"noreferrer noopener\" href=\"https:\/\/www.matthias-rodach.de\/derdiez\" target=\"_blank\">\u201eDer Diez\u201c<\/a> (\u201eDer Mann mit dem goldenen Fisch\u201c) auf dem Unterm\u00fcllerplatz in Die\u00dfen am Ammersee von Bildhauer <a rel=\"noreferrer noopener\" href=\"https:\/\/www.matthias-rodach.de\/\" target=\"_blank\">Mathias Rodach<\/a>. Blick vom <a href=\"https:\/\/www.unterbraeu-diessen.de\/wirtshaus\/\" target=\"_blank\" rel=\"noreferrer noopener\">Wirtshaus Unterbr\u00e4u<\/a> aus. <\/figcaption><\/figure>\n\n\n\n<p>Hier war bereits am Wochenende gemeldet worden: <em>&#8222;Uferpromenade Fussg\u00e4ngerunterf\u00fchrung der Eisenbahnbr\u00fccke ca. 20 cm im Wasser.&#8220;<\/em> (Q: Hochwassernachrichtendienst Bayern). Uns dies war auch noch am Dienstag der Fall, sodass bei Ortsunkundigen Verwirrung herrschte wie man vom Unterm\u00fcllerplatz zum See kommt. Ein Weg fand sich \u00fcber die Gleise am Bahnhof (Strecke Weilheim &#8211; Augsburg). <\/p>\n\n\n\n<figure class=\"wp-block-image size-large\"><img loading=\"lazy\" decoding=\"async\" width=\"700\" height=\"345\" src=\"https:\/\/guentersahler.de\/wp-content\/uploads\/2024\/06\/diessen006.jpg\" alt=\"\" class=\"wp-image-32257\" srcset=\"https:\/\/guentersahler.de\/wp-content\/uploads\/2024\/06\/diessen006.jpg 700w, https:\/\/guentersahler.de\/wp-content\/uploads\/2024\/06\/diessen006-300x148.jpg 300w\" sizes=\"(max-width: 700px) 100vw, 700px\" \/><figcaption class=\"wp-element-caption\">An der Fu\u00dfg\u00e4ngerunterf\u00fchrung mit \u00dcberflutung im Vordergrund sowie Ammersee im Hintergrund.<\/figcaption><\/figure>\n\n\n\n<p>In der in Die\u00dfen ans\u00e4ssigen Zeitung &#8222;Ammersee Kurier&#8220; konnte ich \u00fcber die Niederschlagsmengen des Unwetterwochenendes lesen:<\/p>\n\n\n\n<p><em>&#8222;Von Fronleichnam [30. Mai] bis Montagmittag [3. Juni] fielen westlich des Ammersees laut den Aufzeichnungen der Wetterstation H\u00fcbschenried [Ortsteil von Die\u00dfen] insgesamt 138 Liter Regen pro Quadratmeter. Am meisten regnete es am Samstag, als 66 Liter Niederschlag gemessen wurden.&#8220;<\/em> (Q: Ammersee Kurier, Dienstag, 4. Juni 2024)<\/p>\n\n\n\n<p>Trotzdem kam es nicht zu gr\u00f6\u00dferen Sch\u00e4den, was man auch auf den Windachspeicher zur\u00fcckf\u00fchrte. Der <em>Kurier<\/em> berichtete:<\/p>\n\n\n\n<p><em>&#8222;&#8230; auch der Windachspeicher ist noch aufnahmef\u00e4hig. Am Montagmorgen lag der Speicherspiegel bei 629,77 Metern \u00fcber dem Meer, das sind 4,77 Meter \u00fcber dem Normal-Stauziel, aber noch 1,63 Meter unter dem Hochwasserstauziel. Damit waren gut 75 Prozent des Stauraums beansprucht.&#8220;<\/em> (Q: Ammersee Kurier, Dienstag, 4. Juni 2024)<\/p>\n\n\n\n<p>Der Windachspeicher wurde zum Hochwasserschutz in den Jahren 1961\u20131964 errichtet. Er sch\u00fctz die Gemeinden am Westufer vor Hochwasser, indem die B\u00e4che Windach, Beurerbach und Schl\u00f6glbach gestaut werden.<\/p>\n\n\n\n<figure class=\"wp-block-image size-large\"><img loading=\"lazy\" decoding=\"async\" width=\"700\" height=\"394\" src=\"https:\/\/guentersahler.de\/wp-content\/uploads\/2024\/06\/diessen005.jpg\" alt=\"\" class=\"wp-image-32256\" srcset=\"https:\/\/guentersahler.de\/wp-content\/uploads\/2024\/06\/diessen005.jpg 700w, https:\/\/guentersahler.de\/wp-content\/uploads\/2024\/06\/diessen005-300x169.jpg 300w\" sizes=\"(max-width: 700px) 100vw, 700px\" \/><figcaption class=\"wp-element-caption\">An der Fu\u00dfg\u00e4ngerunterf\u00fchrung mit \u00dcberflutung mit Blick in Richtung Ammersee.<\/figcaption><\/figure>\n\n\n\n<p>Der Anleger f\u00fcr die Dampfer am Ammersee stand am Dienstag leicht unter Wasser. Am Vortag soll er noch wasserfrei gewesen sein. D.h., der Wasserspiegel steigt noch weiter. Den Grund konnte im im <em>Kurier<\/em> lesen: <\/p>\n\n\n\n<p><em>&#8222;Der Ammersee-Spiegel werde weiter steigen &#8230; denn in der Ammer baue sich in Oberammergau eine zweite Welle auf, ebenso in Weilheim und Pei\u00dfenberg. &gt;Das flie\u00dft dann in den Ammersee rein und dementsprechend wird er weiter ansteigen.&lt;&#8222;<\/em> (Q: Ammersee Kurier, Dienstag, 4. Juni 2024)<\/p>\n\n\n\n<p>In der Zeitung wurde auch \u00fcber weitere Hochwasser-R\u00fcckhalteseen in der Regien berichtet, so \u00fcber den in der L\u00e4ngenmoosgraben-Schlucht und den bei Igling.<\/p>\n\n\n\n<p><em>&#8222;In Eching habe die neue Hochwasser-R\u00fcckhaltung in der L\u00e4ngenmoosgraben-Schlucht ihre &gt;Feuertaufe bestanden&lt; &#8230; Bis zu einer H\u00f6he von 4,50 Meter habe sich das Wasser an dem 7,50 Meter hohen Damm angestaut.&#8220;<\/em> (Q: Ammersee Kurier, Dienstag, 4. Juni 2024)<\/p>\n\n\n\n<p><em>&#8222;Das Iglinger R\u00fcckhaltebecken sei am sp\u00e4ten Sonntagnachmittag zu 80 Prozent voll gewesen &#8230; danach wurde das Wasser langsam abgelassen, damit mehr Platz f\u00fcr den n\u00e4chsten angek\u00fcndigten Regen am Nachmittag vorhanden sei.<\/em>&#8220; (Q: Ammersee Kurier, Dienstag, 4. Juni 2024)<\/p>\n\n\n\n<p>Das Iglinger R\u00fcckhaltebecken soll nun die Ortschaften Schwabm\u00fcnchen und Langerringen vor Hochwasser sch\u00fctzen. In das Becken passen 850.000 Kubikmeter Wasser. [siehe auch <a href=\"https:\/\/www.augsburger-allgemeine.de\/schwabmuenchen\/landkreis-augsburg-bewaehrungsprobe-fuer-das-neue-rueckhaltebecken-holzhausen-id70951281.html\" target=\"_blank\" rel=\"noreferrer noopener\">(1)<\/a>]<\/p>\n\n\n\n<figure class=\"wp-block-image size-large\"><img loading=\"lazy\" decoding=\"async\" width=\"700\" height=\"377\" src=\"https:\/\/guentersahler.de\/wp-content\/uploads\/2024\/06\/diessen012.jpg\" alt=\"\" class=\"wp-image-32263\" srcset=\"https:\/\/guentersahler.de\/wp-content\/uploads\/2024\/06\/diessen012.jpg 700w, https:\/\/guentersahler.de\/wp-content\/uploads\/2024\/06\/diessen012-300x162.jpg 300w\" sizes=\"(max-width: 700px) 100vw, 700px\" \/><figcaption class=\"wp-element-caption\">Der Anleger f\u00fcr die Dampfer am Ammersee stand am Dienstag leicht unter Wasser. Am Vortag soll er noch wasserfrei gewesen sein. <\/figcaption><\/figure>\n\n\n\n<figure class=\"wp-block-image size-large\"><img loading=\"lazy\" decoding=\"async\" width=\"700\" height=\"359\" src=\"https:\/\/guentersahler.de\/wp-content\/uploads\/2024\/06\/diessen010.jpg\" alt=\"\" class=\"wp-image-32261\" srcset=\"https:\/\/guentersahler.de\/wp-content\/uploads\/2024\/06\/diessen010.jpg 700w, https:\/\/guentersahler.de\/wp-content\/uploads\/2024\/06\/diessen010-300x154.jpg 300w\" sizes=\"(max-width: 700px) 100vw, 700px\" \/><figcaption class=\"wp-element-caption\">Uferpromenade in Die\u00dfen: Die Treppe ist im Wasser und auf den B\u00e4nken gibt es nasse F\u00fc\u00dfe.<\/figcaption><\/figure>\n\n\n\n<figure class=\"wp-block-image size-large\"><img loading=\"lazy\" decoding=\"async\" width=\"700\" height=\"412\" src=\"https:\/\/guentersahler.de\/wp-content\/uploads\/2024\/06\/diessen011.jpg\" alt=\"\" class=\"wp-image-32262\" srcset=\"https:\/\/guentersahler.de\/wp-content\/uploads\/2024\/06\/diessen011.jpg 700w, https:\/\/guentersahler.de\/wp-content\/uploads\/2024\/06\/diessen011-300x177.jpg 300w\" sizes=\"(max-width: 700px) 100vw, 700px\" \/><figcaption class=\"wp-element-caption\">Blick von der Uferpromenade in Die\u00dfen in Richtung Herrsching auf der Ostseite des Ammersees.<\/figcaption><\/figure>\n\n\n\n<figure class=\"wp-block-image size-large\"><img loading=\"lazy\" decoding=\"async\" width=\"700\" height=\"394\" src=\"https:\/\/guentersahler.de\/wp-content\/uploads\/2024\/06\/diessen009.jpg\" alt=\"\" class=\"wp-image-32260\" srcset=\"https:\/\/guentersahler.de\/wp-content\/uploads\/2024\/06\/diessen009.jpg 700w, https:\/\/guentersahler.de\/wp-content\/uploads\/2024\/06\/diessen009-300x169.jpg 300w\" sizes=\"(max-width: 700px) 100vw, 700px\" \/><figcaption class=\"wp-element-caption\">Blick von der Uferpromenade in Die\u00dfen in Richtung Herrsching auf der Ostseite des Ammersees.<\/figcaption><\/figure>\n\n\n\n<figure class=\"wp-block-image size-large\"><img loading=\"lazy\" decoding=\"async\" width=\"700\" height=\"394\" src=\"https:\/\/guentersahler.de\/wp-content\/uploads\/2024\/06\/diessen007.jpg\" alt=\"\" class=\"wp-image-32258\" srcset=\"https:\/\/guentersahler.de\/wp-content\/uploads\/2024\/06\/diessen007.jpg 700w, https:\/\/guentersahler.de\/wp-content\/uploads\/2024\/06\/diessen007-300x169.jpg 300w\" sizes=\"(max-width: 700px) 100vw, 700px\" \/><figcaption class=\"wp-element-caption\">\u00dcberschwemmung am Ammersee in Die\u00dfen.<\/figcaption><\/figure>\n\n\n\n<figure class=\"wp-block-image size-large\"><img loading=\"lazy\" decoding=\"async\" width=\"700\" height=\"335\" src=\"https:\/\/guentersahler.de\/wp-content\/uploads\/2024\/06\/diessen008.jpg\" alt=\"\" class=\"wp-image-32259\" srcset=\"https:\/\/guentersahler.de\/wp-content\/uploads\/2024\/06\/diessen008.jpg 700w, https:\/\/guentersahler.de\/wp-content\/uploads\/2024\/06\/diessen008-300x144.jpg 300w\" sizes=\"(max-width: 700px) 100vw, 700px\" \/><figcaption class=\"wp-element-caption\">\u00dcberschwemmung am Ammersee in Die\u00dfen.<\/figcaption><\/figure>\n\n\n\n<figure class=\"wp-block-image size-large\"><img loading=\"lazy\" decoding=\"async\" width=\"700\" height=\"379\" src=\"https:\/\/guentersahler.de\/wp-content\/uploads\/2024\/06\/herr010.jpg\" alt=\"\" class=\"wp-image-32188\" srcset=\"https:\/\/guentersahler.de\/wp-content\/uploads\/2024\/06\/herr010.jpg 700w, https:\/\/guentersahler.de\/wp-content\/uploads\/2024\/06\/herr010-300x162.jpg 300w\" sizes=\"(max-width: 700px) 100vw, 700px\" \/><figcaption class=\"wp-element-caption\">Herrsching: Tote Europ\u00e4ische Hornisse&nbsp;(<em>Vespa crabro<\/em>).<\/figcaption><\/figure>\n\n\n\n<figure class=\"wp-block-image size-large\"><img loading=\"lazy\" decoding=\"async\" width=\"700\" height=\"483\" src=\"https:\/\/guentersahler.de\/wp-content\/uploads\/2024\/06\/Horniss01.jpg\" alt=\"\" class=\"wp-image-32268\" srcset=\"https:\/\/guentersahler.de\/wp-content\/uploads\/2024\/06\/Horniss01.jpg 700w, https:\/\/guentersahler.de\/wp-content\/uploads\/2024\/06\/Horniss01-300x207.jpg 300w\" sizes=\"(max-width: 700px) 100vw, 700px\" \/><figcaption class=\"wp-element-caption\">In Herrsching:<\/figcaption><\/figure>\n\n\n\n<figure class=\"wp-block-image size-large\"><img loading=\"lazy\" decoding=\"async\" width=\"700\" height=\"452\" src=\"https:\/\/guentersahler.de\/wp-content\/uploads\/2024\/06\/herri003.jpg\" alt=\"\" class=\"wp-image-32359\" srcset=\"https:\/\/guentersahler.de\/wp-content\/uploads\/2024\/06\/herri003.jpg 700w, https:\/\/guentersahler.de\/wp-content\/uploads\/2024\/06\/herri003-300x194.jpg 300w\" sizes=\"(max-width: 700px) 100vw, 700px\" \/><figcaption class=\"wp-element-caption\">Herrsching (Prinzenh\u00f6he)<\/figcaption><\/figure>\n\n\n\n<figure class=\"wp-block-image size-large\"><img loading=\"lazy\" decoding=\"async\" width=\"700\" height=\"391\" src=\"https:\/\/guentersahler.de\/wp-content\/uploads\/2024\/06\/herr011.jpg\" alt=\"\" class=\"wp-image-32189\" srcset=\"https:\/\/guentersahler.de\/wp-content\/uploads\/2024\/06\/herr011.jpg 700w, https:\/\/guentersahler.de\/wp-content\/uploads\/2024\/06\/herr011-300x168.jpg 300w\" sizes=\"(max-width: 700px) 100vw, 700px\" \/><figcaption class=\"wp-element-caption\">In Herrsching: &#8222;Stinkwanze genie\u00dft den Seeblick&#8220;.<\/figcaption><\/figure>\n\n\n\n<figure class=\"wp-block-image size-large\"><img loading=\"lazy\" decoding=\"async\" width=\"700\" height=\"433\" src=\"https:\/\/guentersahler.de\/wp-content\/uploads\/2024\/06\/herri014.jpg\" alt=\"\" class=\"wp-image-32370\" srcset=\"https:\/\/guentersahler.de\/wp-content\/uploads\/2024\/06\/herri014.jpg 700w, https:\/\/guentersahler.de\/wp-content\/uploads\/2024\/06\/herri014-300x186.jpg 300w, https:\/\/guentersahler.de\/wp-content\/uploads\/2024\/06\/herri014-80x50.jpg 80w\" sizes=\"(max-width: 700px) 100vw, 700px\" \/><figcaption class=\"wp-element-caption\">Wanze auf der Aussichtsplattform des Buchheim Museums in Bernried am Starnberger See<\/figcaption><\/figure>\n\n\n\n<figure class=\"wp-block-image size-large\"><img loading=\"lazy\" decoding=\"async\" width=\"700\" height=\"375\" src=\"https:\/\/guentersahler.de\/wp-content\/uploads\/2024\/06\/diessen015.jpg\" alt=\"\" class=\"wp-image-32266\" srcset=\"https:\/\/guentersahler.de\/wp-content\/uploads\/2024\/06\/diessen015.jpg 700w, https:\/\/guentersahler.de\/wp-content\/uploads\/2024\/06\/diessen015-300x161.jpg 300w\" sizes=\"(max-width: 700px) 100vw, 700px\" \/><figcaption class=\"wp-element-caption\">Kanadagans am Ammersee in Die\u00dfen.<\/figcaption><\/figure>\n\n\n\n<figure class=\"wp-block-image size-large\"><img loading=\"lazy\" decoding=\"async\" width=\"700\" height=\"394\" src=\"https:\/\/guentersahler.de\/wp-content\/uploads\/2024\/06\/diessen016.jpg\" alt=\"\" class=\"wp-image-32267\" srcset=\"https:\/\/guentersahler.de\/wp-content\/uploads\/2024\/06\/diessen016.jpg 700w, https:\/\/guentersahler.de\/wp-content\/uploads\/2024\/06\/diessen016-300x169.jpg 300w\" sizes=\"(max-width: 700px) 100vw, 700px\" \/><figcaption class=\"wp-element-caption\">Kanadag\u00e4nse am Ammersee in Die\u00dfen.<\/figcaption><\/figure>\n\n\n\n<figure class=\"wp-block-image size-large\"><img loading=\"lazy\" decoding=\"async\" width=\"700\" height=\"479\" src=\"https:\/\/guentersahler.de\/wp-content\/uploads\/2024\/06\/diessen014.jpg\" alt=\"\" class=\"wp-image-32265\" srcset=\"https:\/\/guentersahler.de\/wp-content\/uploads\/2024\/06\/diessen014.jpg 700w, https:\/\/guentersahler.de\/wp-content\/uploads\/2024\/06\/diessen014-300x205.jpg 300w\" sizes=\"(max-width: 700px) 100vw, 700px\" \/><figcaption class=\"wp-element-caption\">Kanadagans am Ammersee in Die\u00dfen.<\/figcaption><\/figure>\n\n\n\n<figure class=\"wp-block-image size-large\"><img loading=\"lazy\" decoding=\"async\" width=\"700\" height=\"408\" src=\"https:\/\/guentersahler.de\/wp-content\/uploads\/2024\/06\/diessen013.jpg\" alt=\"\" class=\"wp-image-32264\" srcset=\"https:\/\/guentersahler.de\/wp-content\/uploads\/2024\/06\/diessen013.jpg 700w, https:\/\/guentersahler.de\/wp-content\/uploads\/2024\/06\/diessen013-300x175.jpg 300w\" sizes=\"(max-width: 700px) 100vw, 700px\" \/><figcaption class=\"wp-element-caption\">Kanadag\u00e4nse am Ammersee in Die\u00dfen.<\/figcaption><\/figure>\n\n\n\n<p>Im Biergarten besuchte uns ein Haussperrling. Er flog erwartungsvoll auf den Tisch und holte sich einen Essensrest.<\/p>\n\n\n\n<figure class=\"wp-block-image size-large\"><img loading=\"lazy\" decoding=\"async\" width=\"700\" height=\"222\" src=\"https:\/\/guentersahler.de\/wp-content\/uploads\/2024\/06\/diessen002.jpg\" alt=\"\" class=\"wp-image-32253\" srcset=\"https:\/\/guentersahler.de\/wp-content\/uploads\/2024\/06\/diessen002.jpg 700w, https:\/\/guentersahler.de\/wp-content\/uploads\/2024\/06\/diessen002-300x95.jpg 300w\" sizes=\"(max-width: 700px) 100vw, 700px\" \/><figcaption class=\"wp-element-caption\">Haussperling in Die\u00dfen.<\/figcaption><\/figure>\n\n\n\n<figure class=\"wp-block-image size-large\"><img loading=\"lazy\" decoding=\"async\" width=\"700\" height=\"262\" src=\"https:\/\/guentersahler.de\/wp-content\/uploads\/2024\/06\/diessen003.jpg\" alt=\"\" class=\"wp-image-32254\" srcset=\"https:\/\/guentersahler.de\/wp-content\/uploads\/2024\/06\/diessen003.jpg 700w, https:\/\/guentersahler.de\/wp-content\/uploads\/2024\/06\/diessen003-300x112.jpg 300w\" sizes=\"(max-width: 700px) 100vw, 700px\" \/><figcaption class=\"wp-element-caption\">Haussperling in Die\u00dfen.<\/figcaption><\/figure>\n\n\n\n<figure class=\"wp-block-image size-large\"><img loading=\"lazy\" decoding=\"async\" width=\"700\" height=\"883\" src=\"https:\/\/guentersahler.de\/wp-content\/uploads\/2024\/06\/diessen004.jpg\" alt=\"\" class=\"wp-image-32255\" srcset=\"https:\/\/guentersahler.de\/wp-content\/uploads\/2024\/06\/diessen004.jpg 700w, https:\/\/guentersahler.de\/wp-content\/uploads\/2024\/06\/diessen004-238x300.jpg 238w\" sizes=\"(max-width: 700px) 100vw, 700px\" \/><figcaption class=\"wp-element-caption\">Haussperling in Die\u00dfen.<\/figcaption><\/figure>\n\n\n\n<p>Auf der Prinzenh\u00f6he sah ich Feuerwanzen in verschiedenen Altersklassen. Fast k\u00f6nnte man es als Familienleben bezeichnen.<\/p>\n\n\n\n<figure class=\"wp-block-image size-large\"><img loading=\"lazy\" decoding=\"async\" width=\"700\" height=\"394\" src=\"https:\/\/guentersahler.de\/wp-content\/uploads\/2024\/06\/herri004.jpg\" alt=\"\" class=\"wp-image-32360\" srcset=\"https:\/\/guentersahler.de\/wp-content\/uploads\/2024\/06\/herri004.jpg 700w, https:\/\/guentersahler.de\/wp-content\/uploads\/2024\/06\/herri004-300x169.jpg 300w\" sizes=\"(max-width: 700px) 100vw, 700px\" \/><figcaption class=\"wp-element-caption\">Feuerwanzen in Herrsching \/ Prinzenh\u00f6he<\/figcaption><\/figure>\n\n\n\n<figure class=\"wp-block-image size-large\"><img loading=\"lazy\" decoding=\"async\" width=\"700\" height=\"389\" src=\"https:\/\/guentersahler.de\/wp-content\/uploads\/2024\/06\/herri005.jpg\" alt=\"\" class=\"wp-image-32361\" srcset=\"https:\/\/guentersahler.de\/wp-content\/uploads\/2024\/06\/herri005.jpg 700w, https:\/\/guentersahler.de\/wp-content\/uploads\/2024\/06\/herri005-300x167.jpg 300w\" sizes=\"(max-width: 700px) 100vw, 700px\" \/><figcaption class=\"wp-element-caption\">Feuerwanzen in Herrsching \/ Prinzenh\u00f6he<\/figcaption><\/figure>\n\n\n\n<figure class=\"wp-block-image size-large\"><img loading=\"lazy\" decoding=\"async\" width=\"700\" height=\"370\" src=\"https:\/\/guentersahler.de\/wp-content\/uploads\/2024\/06\/herri006.jpg\" alt=\"\" class=\"wp-image-32362\" srcset=\"https:\/\/guentersahler.de\/wp-content\/uploads\/2024\/06\/herri006.jpg 700w, https:\/\/guentersahler.de\/wp-content\/uploads\/2024\/06\/herri006-300x159.jpg 300w\" sizes=\"(max-width: 700px) 100vw, 700px\" \/><figcaption class=\"wp-element-caption\">Feuerwanzen in Herrsching \/ Prinzenh\u00f6he<\/figcaption><\/figure>\n\n\n\n<figure class=\"wp-block-image size-large\"><img loading=\"lazy\" decoding=\"async\" width=\"700\" height=\"431\" src=\"https:\/\/guentersahler.de\/wp-content\/uploads\/2024\/06\/herri008.jpg\" alt=\"\" class=\"wp-image-32364\" srcset=\"https:\/\/guentersahler.de\/wp-content\/uploads\/2024\/06\/herri008.jpg 700w, https:\/\/guentersahler.de\/wp-content\/uploads\/2024\/06\/herri008-300x185.jpg 300w, https:\/\/guentersahler.de\/wp-content\/uploads\/2024\/06\/herri008-80x50.jpg 80w\" sizes=\"(max-width: 700px) 100vw, 700px\" \/><figcaption class=\"wp-element-caption\">Feuerwanze in Herrsching \/ Prinzenh\u00f6he<\/figcaption><\/figure>\n\n\n\n<figure class=\"wp-block-image size-large\"><img loading=\"lazy\" decoding=\"async\" width=\"700\" height=\"373\" src=\"https:\/\/guentersahler.de\/wp-content\/uploads\/2024\/06\/herri009.jpg\" alt=\"\" class=\"wp-image-32365\" srcset=\"https:\/\/guentersahler.de\/wp-content\/uploads\/2024\/06\/herri009.jpg 700w, https:\/\/guentersahler.de\/wp-content\/uploads\/2024\/06\/herri009-300x160.jpg 300w\" sizes=\"(max-width: 700px) 100vw, 700px\" \/><figcaption class=\"wp-element-caption\">Feuerwanze in Herrsching \/ Prinzenh\u00f6he<\/figcaption><\/figure>\n\n\n\n<figure class=\"wp-block-image size-large\"><img loading=\"lazy\" decoding=\"async\" width=\"700\" height=\"399\" src=\"https:\/\/guentersahler.de\/wp-content\/uploads\/2024\/06\/herri010.jpg\" alt=\"\" class=\"wp-image-32366\" srcset=\"https:\/\/guentersahler.de\/wp-content\/uploads\/2024\/06\/herri010.jpg 700w, https:\/\/guentersahler.de\/wp-content\/uploads\/2024\/06\/herri010-300x171.jpg 300w\" sizes=\"(max-width: 700px) 100vw, 700px\" \/><figcaption class=\"wp-element-caption\">Feuerwanzen in Herrsching \/ Prinzenh\u00f6he<\/figcaption><\/figure>\n\n\n\n<figure class=\"wp-block-image size-large\"><img loading=\"lazy\" decoding=\"async\" width=\"700\" height=\"394\" src=\"https:\/\/guentersahler.de\/wp-content\/uploads\/2024\/06\/herri011.jpg\" alt=\"\" class=\"wp-image-32367\" srcset=\"https:\/\/guentersahler.de\/wp-content\/uploads\/2024\/06\/herri011.jpg 700w, https:\/\/guentersahler.de\/wp-content\/uploads\/2024\/06\/herri011-300x169.jpg 300w\" sizes=\"(max-width: 700px) 100vw, 700px\" \/><figcaption class=\"wp-element-caption\">Feuerwanzen in Herrsching \/ Prinzenh\u00f6he<\/figcaption><\/figure>\n\n\n\n<figure class=\"wp-block-image size-large\"><img loading=\"lazy\" decoding=\"async\" width=\"700\" height=\"455\" src=\"https:\/\/guentersahler.de\/wp-content\/uploads\/2024\/06\/herri016.jpg\" alt=\"\" class=\"wp-image-32372\" srcset=\"https:\/\/guentersahler.de\/wp-content\/uploads\/2024\/06\/herri016.jpg 700w, https:\/\/guentersahler.de\/wp-content\/uploads\/2024\/06\/herri016-300x195.jpg 300w\" sizes=\"(max-width: 700px) 100vw, 700px\" \/><figcaption class=\"wp-element-caption\">Feuerwanze in Herrsching \/ Prinzenh\u00f6he<\/figcaption><\/figure>\n\n\n\n<p><strong>Starnberg, Buchheim Museum bei Bernried und Schloss Seefeld<\/strong><\/p>\n\n\n\n<figure class=\"wp-block-image size-large\"><img loading=\"lazy\" decoding=\"async\" width=\"700\" height=\"394\" src=\"https:\/\/guentersahler.de\/wp-content\/uploads\/2024\/06\/herri002.jpg\" alt=\"\" class=\"wp-image-32358\" srcset=\"https:\/\/guentersahler.de\/wp-content\/uploads\/2024\/06\/herri002.jpg 700w, https:\/\/guentersahler.de\/wp-content\/uploads\/2024\/06\/herri002-300x169.jpg 300w\" sizes=\"(max-width: 700px) 100vw, 700px\" \/><figcaption class=\"wp-element-caption\">Am Starnberger See in Starnberg.<\/figcaption><\/figure>\n\n\n\n<figure class=\"wp-block-image size-large\"><img loading=\"lazy\" decoding=\"async\" width=\"700\" height=\"393\" src=\"https:\/\/guentersahler.de\/wp-content\/uploads\/2024\/06\/herri015.jpg\" alt=\"\" class=\"wp-image-32371\" srcset=\"https:\/\/guentersahler.de\/wp-content\/uploads\/2024\/06\/herri015.jpg 700w, https:\/\/guentersahler.de\/wp-content\/uploads\/2024\/06\/herri015-300x168.jpg 300w\" sizes=\"(max-width: 700px) 100vw, 700px\" \/><figcaption class=\"wp-element-caption\">Blick in Richtung Alpen vom Buchheim Museum, Bernried am Starnberger See<\/figcaption><\/figure>\n\n\n\n<p>Das Buchheim-Museum bei Bernried ist sowohl etwas f\u00fcr Kunstfreunde als auch f\u00fcr Fans von Lothar-G\u00fcnther Buchheims Buch &#8222;Das Boot&#8220;. Der Autor war auch Kunstsammler. Hier im Museum sieht man beides: die Kunst die er gesammelt hat und auch Objekte zu seinem weltbekannten Buch.<\/p>\n\n\n\n<figure class=\"wp-block-image size-large\"><img loading=\"lazy\" decoding=\"async\" width=\"700\" height=\"365\" src=\"https:\/\/guentersahler.de\/wp-content\/uploads\/2024\/06\/herri017.jpg\" alt=\"\" class=\"wp-image-32373\" srcset=\"https:\/\/guentersahler.de\/wp-content\/uploads\/2024\/06\/herri017.jpg 700w, https:\/\/guentersahler.de\/wp-content\/uploads\/2024\/06\/herri017-300x156.jpg 300w\" sizes=\"(max-width: 700px) 100vw, 700px\" \/><figcaption class=\"wp-element-caption\">Buchheim Museum, Bernried am Starnberger See<\/figcaption><\/figure>\n\n\n\n<figure class=\"wp-block-image size-large\"><img loading=\"lazy\" decoding=\"async\" width=\"700\" height=\"359\" src=\"https:\/\/guentersahler.de\/wp-content\/uploads\/2024\/06\/herri012.jpg\" alt=\"\" class=\"wp-image-32368\" srcset=\"https:\/\/guentersahler.de\/wp-content\/uploads\/2024\/06\/herri012.jpg 700w, https:\/\/guentersahler.de\/wp-content\/uploads\/2024\/06\/herri012-300x154.jpg 300w\" sizes=\"(max-width: 700px) 100vw, 700px\" \/><figcaption class=\"wp-element-caption\">Garten an Schloss Seefeld in der N\u00e4he des Pilsensees.<\/figcaption><\/figure>\n\n\n\n<p><strong>Wanderung nach Kloster Andechs<\/strong><\/p>\n\n\n\n<figure class=\"wp-block-image size-large\"><img loading=\"lazy\" decoding=\"async\" width=\"700\" height=\"355\" src=\"https:\/\/guentersahler.de\/wp-content\/uploads\/2024\/03\/andechs001.jpg\" alt=\"\" class=\"wp-image-32275\" srcset=\"https:\/\/guentersahler.de\/wp-content\/uploads\/2024\/03\/andechs001.jpg 700w, https:\/\/guentersahler.de\/wp-content\/uploads\/2024\/03\/andechs001-300x152.jpg 300w\" sizes=\"(max-width: 700px) 100vw, 700px\" \/><figcaption class=\"wp-element-caption\">Kloster Andechs: Gesehen \u00fcber den Ammersee von Die\u00dfen aus.<\/figcaption><\/figure>\n\n\n\n<p>Von M\u00fcnchen ist es einfach nach Andechs zu kommen, f\u00e4hrt doch eine S-Bahn direkt bis ins Zentrum von Herrsching. Schon am S-Bahnhof wird auf die &#8222;Wanderung auf den Heiligen Berg durch das Kiental&#8220; aufmerksam gemacht.<\/p>\n\n\n\n<figure class=\"wp-block-image size-large is-resized\"><img loading=\"lazy\" decoding=\"async\" width=\"550\" height=\"957\" src=\"https:\/\/guentersahler.de\/wp-content\/uploads\/2024\/03\/Herr1028.jpg\" alt=\"\" class=\"wp-image-32340\" srcset=\"https:\/\/guentersahler.de\/wp-content\/uploads\/2024\/03\/Herr1028.jpg 550w, https:\/\/guentersahler.de\/wp-content\/uploads\/2024\/03\/Herr1028-172x300.jpg 172w\" sizes=\"(max-width: 550px) 100vw, 550px\" \/><figcaption class=\"wp-element-caption\">Hinweiss\u00e4ule auf Kloster Andechs in Herrsching in Bahnhofsn\u00e4he.<\/figcaption><\/figure>\n\n\n\n<p>Zur Kirche St. Martin in Herrsching geht es steil nach oben, entweder \u00fcber eine lange Treppe oder etwas einfacher \u00fcber die Prinzenh\u00f6he.<\/p>\n\n\n\n<figure class=\"wp-block-image size-large\"><img loading=\"lazy\" decoding=\"async\" width=\"700\" height=\"403\" src=\"https:\/\/guentersahler.de\/wp-content\/uploads\/2024\/06\/Herr1010.jpg\" alt=\"\" class=\"wp-image-32315\" srcset=\"https:\/\/guentersahler.de\/wp-content\/uploads\/2024\/06\/Herr1010.jpg 700w, https:\/\/guentersahler.de\/wp-content\/uploads\/2024\/06\/Herr1010-300x173.jpg 300w\" sizes=\"(max-width: 700px) 100vw, 700px\" \/><figcaption class=\"wp-element-caption\">Kirche in Herrsching auf der Prinzenh\u00f6he.<\/figcaption><\/figure>\n\n\n\n<figure class=\"wp-block-image size-large\"><img decoding=\"async\" src=\"https:\/\/guentersahler.de\/wp-content\/uploads\/2024\/06\/herr003.jpg\" alt=\"\"\/><figcaption class=\"wp-element-caption\">Herrsching: Kirche St. Martin auf der H\u00f6he.<\/figcaption><\/figure>\n\n\n\n<figure class=\"wp-block-image size-large\"><img decoding=\"async\" src=\"https:\/\/guentersahler.de\/wp-content\/uploads\/2024\/06\/herr002.jpg\" alt=\"\"\/><figcaption class=\"wp-element-caption\">Herrsching: Kirche auf der H\u00f6he.<\/figcaption><\/figure>\n\n\n\n<figure class=\"wp-block-image size-large\"><img decoding=\"async\" src=\"https:\/\/guentersahler.de\/wp-content\/uploads\/2024\/06\/herr004.jpg\" alt=\"\"\/><figcaption class=\"wp-element-caption\">Herrsching: Die Treppe hoch zur Kirche.<\/figcaption><\/figure>\n\n\n\n<figure class=\"wp-block-image size-large\"><img loading=\"lazy\" decoding=\"async\" width=\"700\" height=\"375\" src=\"https:\/\/guentersahler.de\/wp-content\/uploads\/2024\/06\/Herr1012.jpg\" alt=\"\" class=\"wp-image-32317\" srcset=\"https:\/\/guentersahler.de\/wp-content\/uploads\/2024\/06\/Herr1012.jpg 700w, https:\/\/guentersahler.de\/wp-content\/uploads\/2024\/06\/Herr1012-300x161.jpg 300w\" sizes=\"(max-width: 700px) 100vw, 700px\" \/><figcaption class=\"wp-element-caption\">Kirche in Herrsching auf der Prinzenh\u00f6he.<\/figcaption><\/figure>\n\n\n\n<p>Auf dem Hinweg gingen wir nicht durch Kienbachtal, sondern einen Weg parallel dazu, mit einigen sch\u00f6nen Blicken auf den Ammersee. <\/p>\n\n\n\n<figure class=\"wp-block-image size-large\"><img loading=\"lazy\" decoding=\"async\" width=\"700\" height=\"368\" src=\"https:\/\/guentersahler.de\/wp-content\/uploads\/2024\/06\/Herr1013.jpg\" alt=\"\" class=\"wp-image-32318\" srcset=\"https:\/\/guentersahler.de\/wp-content\/uploads\/2024\/06\/Herr1013.jpg 700w, https:\/\/guentersahler.de\/wp-content\/uploads\/2024\/06\/Herr1013-300x158.jpg 300w\" sizes=\"(max-width: 700px) 100vw, 700px\" \/><figcaption class=\"wp-element-caption\">Blick auf den Ammersee bei Herrsching.<\/figcaption><\/figure>\n\n\n\n<p>Gr\u00f6\u00dftenteils ging es \u00fcber Wege durch den Laubwald. Nur oben fast bei Andechs ging es \u00fcber eine gr\u00f6\u00dfere Wiese. Auf dieser Wiese bei Andechs sah ich Goldstaub-Laufk\u00e4fer, die in den Alpen und im Alpenvorland vorkommen.<\/p>\n\n\n\n<figure class=\"wp-block-image size-large\"><img loading=\"lazy\" decoding=\"async\" width=\"700\" height=\"463\" src=\"https:\/\/guentersahler.de\/wp-content\/uploads\/2024\/06\/Herr1014.jpg\" alt=\"\" class=\"wp-image-32319\" srcset=\"https:\/\/guentersahler.de\/wp-content\/uploads\/2024\/06\/Herr1014.jpg 700w, https:\/\/guentersahler.de\/wp-content\/uploads\/2024\/06\/Herr1014-300x198.jpg 300w\" sizes=\"(max-width: 700px) 100vw, 700px\" \/><figcaption class=\"wp-element-caption\">Goldstaub-Laufk\u00e4fer bei Andechs auf einer Wiese.<\/figcaption><\/figure>\n\n\n\n<figure class=\"wp-block-image size-large\"><img loading=\"lazy\" decoding=\"async\" width=\"700\" height=\"429\" src=\"https:\/\/guentersahler.de\/wp-content\/uploads\/2024\/06\/Herr1016.jpg\" alt=\"\" class=\"wp-image-32321\" srcset=\"https:\/\/guentersahler.de\/wp-content\/uploads\/2024\/06\/Herr1016.jpg 700w, https:\/\/guentersahler.de\/wp-content\/uploads\/2024\/06\/Herr1016-300x184.jpg 300w, https:\/\/guentersahler.de\/wp-content\/uploads\/2024\/06\/Herr1016-80x50.jpg 80w\" sizes=\"(max-width: 700px) 100vw, 700px\" \/><figcaption class=\"wp-element-caption\">Goldstaub-Laufk\u00e4fer bei Andechs auf einer Wiese.<\/figcaption><\/figure>\n\n\n\n<figure class=\"wp-block-image size-large\"><img loading=\"lazy\" decoding=\"async\" width=\"700\" height=\"296\" src=\"https:\/\/guentersahler.de\/wp-content\/uploads\/2024\/06\/Herr1015.jpg\" alt=\"\" class=\"wp-image-32320\" srcset=\"https:\/\/guentersahler.de\/wp-content\/uploads\/2024\/06\/Herr1015.jpg 700w, https:\/\/guentersahler.de\/wp-content\/uploads\/2024\/06\/Herr1015-300x127.jpg 300w\" sizes=\"(max-width: 700px) 100vw, 700px\" \/><figcaption class=\"wp-element-caption\">Goldstaub-Laufk\u00e4fer bei Andechs auf einer Wiese.<\/figcaption><\/figure>\n\n\n\n<figure class=\"wp-block-image size-large is-resized\"><img loading=\"lazy\" decoding=\"async\" width=\"450\" height=\"242\" src=\"https:\/\/guentersahler.de\/wp-content\/uploads\/2024\/06\/Herr1018.jpg\" alt=\"\" class=\"wp-image-32323\" srcset=\"https:\/\/guentersahler.de\/wp-content\/uploads\/2024\/06\/Herr1018.jpg 450w, https:\/\/guentersahler.de\/wp-content\/uploads\/2024\/06\/Herr1018-300x161.jpg 300w\" sizes=\"(max-width: 450px) 100vw, 450px\" \/><figcaption class=\"wp-element-caption\">Goldstaub-Laufk\u00e4fer bei Andechs auf einer Wiese.<\/figcaption><\/figure>\n\n\n\n<figure class=\"wp-block-image size-large\"><img loading=\"lazy\" decoding=\"async\" width=\"700\" height=\"429\" src=\"https:\/\/guentersahler.de\/wp-content\/uploads\/2024\/06\/Herr1017.jpg\" alt=\"\" class=\"wp-image-32322\" srcset=\"https:\/\/guentersahler.de\/wp-content\/uploads\/2024\/06\/Herr1017.jpg 700w, https:\/\/guentersahler.de\/wp-content\/uploads\/2024\/06\/Herr1017-300x184.jpg 300w, https:\/\/guentersahler.de\/wp-content\/uploads\/2024\/06\/Herr1017-80x50.jpg 80w\" sizes=\"(max-width: 700px) 100vw, 700px\" \/><figcaption class=\"wp-element-caption\">Goldstaub-Laufk\u00e4fer bei Andechs auf einer Wiese.<\/figcaption><\/figure>\n\n\n\n<p>Von dort ging es hinab ins Kiental und dann wieder hoch zum Kloster.<\/p>\n\n\n\n<figure class=\"wp-block-image size-large\"><img loading=\"lazy\" decoding=\"async\" width=\"700\" height=\"344\" src=\"https:\/\/guentersahler.de\/wp-content\/uploads\/2024\/06\/Herr1021.jpg\" alt=\"\" class=\"wp-image-32326\" srcset=\"https:\/\/guentersahler.de\/wp-content\/uploads\/2024\/06\/Herr1021.jpg 700w, https:\/\/guentersahler.de\/wp-content\/uploads\/2024\/06\/Herr1021-300x147.jpg 300w\" sizes=\"(max-width: 700px) 100vw, 700px\" \/><figcaption class=\"wp-element-caption\">Kloster Andechs.<\/figcaption><\/figure>\n\n\n\n<figure class=\"wp-block-image size-large\"><img loading=\"lazy\" decoding=\"async\" width=\"700\" height=\"310\" src=\"https:\/\/guentersahler.de\/wp-content\/uploads\/2024\/06\/Herr1020.jpg\" alt=\"\" class=\"wp-image-32325\" srcset=\"https:\/\/guentersahler.de\/wp-content\/uploads\/2024\/06\/Herr1020.jpg 700w, https:\/\/guentersahler.de\/wp-content\/uploads\/2024\/06\/Herr1020-300x133.jpg 300w\" sizes=\"(max-width: 700px) 100vw, 700px\" \/><figcaption class=\"wp-element-caption\">Kloster Andechs (Modell).<\/figcaption><\/figure>\n\n\n\n<figure class=\"wp-block-image size-large\"><img loading=\"lazy\" decoding=\"async\" width=\"700\" height=\"237\" src=\"https:\/\/guentersahler.de\/wp-content\/uploads\/2024\/06\/Herr1022.jpg\" alt=\"\" class=\"wp-image-32327\" srcset=\"https:\/\/guentersahler.de\/wp-content\/uploads\/2024\/06\/Herr1022.jpg 700w, https:\/\/guentersahler.de\/wp-content\/uploads\/2024\/06\/Herr1022-300x102.jpg 300w\" sizes=\"(max-width: 700px) 100vw, 700px\" \/><figcaption class=\"wp-element-caption\">Kloster Andechs (links steht &#8222;AMPER&#8220;).<\/figcaption><\/figure>\n\n\n\n<figure class=\"wp-block-image size-large\"><img loading=\"lazy\" decoding=\"async\" width=\"700\" height=\"203\" src=\"https:\/\/guentersahler.de\/wp-content\/uploads\/2024\/06\/Herr1024.jpg\" alt=\"\" class=\"wp-image-32329\" srcset=\"https:\/\/guentersahler.de\/wp-content\/uploads\/2024\/06\/Herr1024.jpg 700w, https:\/\/guentersahler.de\/wp-content\/uploads\/2024\/06\/Herr1024-300x87.jpg 300w\" sizes=\"(max-width: 700px) 100vw, 700px\" \/><figcaption class=\"wp-element-caption\">Kloster Andechs (links die Alpen, rechts der Ammersee).<\/figcaption><\/figure>\n\n\n\n<figure class=\"wp-block-image size-large\"><img loading=\"lazy\" decoding=\"async\" width=\"700\" height=\"394\" src=\"https:\/\/guentersahler.de\/wp-content\/uploads\/2024\/06\/Herr1023.jpg\" alt=\"\" class=\"wp-image-32328\" srcset=\"https:\/\/guentersahler.de\/wp-content\/uploads\/2024\/06\/Herr1023.jpg 700w, https:\/\/guentersahler.de\/wp-content\/uploads\/2024\/06\/Herr1023-300x169.jpg 300w\" sizes=\"(max-width: 700px) 100vw, 700px\" \/><figcaption class=\"wp-element-caption\">Kloster Andechs.<\/figcaption><\/figure>\n\n\n\n<figure class=\"wp-block-image size-large\"><img loading=\"lazy\" decoding=\"async\" width=\"700\" height=\"338\" src=\"https:\/\/guentersahler.de\/wp-content\/uploads\/2024\/06\/Herr1019.jpg\" alt=\"\" class=\"wp-image-32324\" srcset=\"https:\/\/guentersahler.de\/wp-content\/uploads\/2024\/06\/Herr1019.jpg 700w, https:\/\/guentersahler.de\/wp-content\/uploads\/2024\/06\/Herr1019-300x145.jpg 300w\" sizes=\"(max-width: 700px) 100vw, 700px\" \/><figcaption class=\"wp-element-caption\">Kloster Andechs.<\/figcaption><\/figure>\n\n\n\n<p>Zur\u00fcck gingen wir dann durchs Kiental. Erst hielten wir uns oben, dann stiegen wir \u00fcber eine lange Treppe hinab ins Tal und konnten dann bis Herrsching entlang des Bachs laufen.<\/p>\n\n\n\n<figure class=\"wp-block-image size-large\"><img loading=\"lazy\" decoding=\"async\" width=\"700\" height=\"394\" src=\"https:\/\/guentersahler.de\/wp-content\/uploads\/2024\/06\/Herr1025.jpg\" alt=\"\" class=\"wp-image-32330\" srcset=\"https:\/\/guentersahler.de\/wp-content\/uploads\/2024\/06\/Herr1025.jpg 700w, https:\/\/guentersahler.de\/wp-content\/uploads\/2024\/06\/Herr1025-300x169.jpg 300w\" sizes=\"(max-width: 700px) 100vw, 700px\" \/><figcaption class=\"wp-element-caption\">Abstiegs ins Tal zum Kienbach.<\/figcaption><\/figure>\n\n\n\n<figure class=\"wp-block-image size-large\"><img loading=\"lazy\" decoding=\"async\" width=\"700\" height=\"394\" src=\"https:\/\/guentersahler.de\/wp-content\/uploads\/2024\/06\/Herr1026.jpg\" alt=\"\" class=\"wp-image-32331\" srcset=\"https:\/\/guentersahler.de\/wp-content\/uploads\/2024\/06\/Herr1026.jpg 700w, https:\/\/guentersahler.de\/wp-content\/uploads\/2024\/06\/Herr1026-300x169.jpg 300w\" sizes=\"(max-width: 700px) 100vw, 700px\" \/><figcaption class=\"wp-element-caption\">Im Tal des Kienbachs.<\/figcaption><\/figure>\n\n\n\n<figure class=\"wp-block-image size-large\"><img loading=\"lazy\" decoding=\"async\" width=\"700\" height=\"370\" src=\"https:\/\/guentersahler.de\/wp-content\/uploads\/2024\/06\/Herr1027.jpg\" alt=\"\" class=\"wp-image-32332\" srcset=\"https:\/\/guentersahler.de\/wp-content\/uploads\/2024\/06\/Herr1027.jpg 700w, https:\/\/guentersahler.de\/wp-content\/uploads\/2024\/06\/Herr1027-300x159.jpg 300w\" sizes=\"(max-width: 700px) 100vw, 700px\" \/><figcaption class=\"wp-element-caption\">Der Kienbach im Tal in Herrsching.<\/figcaption><\/figure>\n\n\n\n<p>W\u00e4hrend der Reise hatte ich mit dem Lesen von Romanen begonnen die im F\u00fcnfseenland spielen.  Oliver P\u00f6tzschs &#8222;Der Hexer und die Henkerstochter&#8220; spielt im Juni 1666 im und um das Kloster Andechs (es gibt Abstecher in den Kerker von Weilheim). Die Protagonisten laufen auch einige Male durchs Kienbachtal, so dass ich nach der Wanderung von Herrsching nach Andechs die Handlungsorte klar vor Augen hatte, auch wenn sich nat\u00fcrlich in den letzten 358 Jahren einiges ver\u00e4ndert hat. Aber der Autor Oliver P\u00f6tzsch konnte ja auch den Ort nur in der Jetztzeit besuchen (was er im seinem Nachwort beschreibt) und recherchieren. <\/p>\n\n\n\n<figure class=\"wp-block-image size-full\"><img loading=\"lazy\" decoding=\"async\" width=\"300\" height=\"469\" src=\"https:\/\/guentersahler.de\/wp-content\/uploads\/2024\/06\/Buch003b.jpg\" alt=\"\" class=\"wp-image-32947\" srcset=\"https:\/\/guentersahler.de\/wp-content\/uploads\/2024\/06\/Buch003b.jpg 300w, https:\/\/guentersahler.de\/wp-content\/uploads\/2024\/06\/Buch003b-192x300.jpg 192w\" sizes=\"(max-width: 300px) 100vw, 300px\" \/><figcaption class=\"wp-element-caption\">Buchumschlag: Oliver P\u00f6tzsch &#8211; Der Hexer und die Henkerstochter<\/figcaption><\/figure>\n\n\n\n<p>Guido Buettgens Krimi &#8222;Champagnergrab&#8220; spielt ebenfalls in Andechs, aber auch in Starnberg.<\/p>\n\n\n\n<figure class=\"wp-block-image size-full\"><img loading=\"lazy\" decoding=\"async\" width=\"300\" height=\"460\" src=\"https:\/\/guentersahler.de\/wp-content\/uploads\/2024\/06\/Buch002b.jpg\" alt=\"\" class=\"wp-image-32950\" srcset=\"https:\/\/guentersahler.de\/wp-content\/uploads\/2024\/06\/Buch002b.jpg 300w, https:\/\/guentersahler.de\/wp-content\/uploads\/2024\/06\/Buch002b-196x300.jpg 196w\" sizes=\"(max-width: 300px) 100vw, 300px\" \/><figcaption class=\"wp-element-caption\">Buchumschlag: Guido Buettgen &#8211; Champagnergrab<\/figcaption><\/figure>\n\n\n\n<figure class=\"wp-block-image size-full\"><img loading=\"lazy\" decoding=\"async\" width=\"300\" height=\"462\" src=\"https:\/\/guentersahler.de\/wp-content\/uploads\/2024\/06\/Buch001b.jpg\" alt=\"\" class=\"wp-image-32951\" srcset=\"https:\/\/guentersahler.de\/wp-content\/uploads\/2024\/06\/Buch001b.jpg 300w, https:\/\/guentersahler.de\/wp-content\/uploads\/2024\/06\/Buch001b-195x300.jpg 195w\" sizes=\"(max-width: 300px) 100vw, 300px\" \/><figcaption class=\"wp-element-caption\">Buchumschlag: Inga Persson &#8211; Hundling<\/figcaption><\/figure>\n","protected":false},"excerpt":{"rendered":"<p>Unwetter Ende Mai und Anfang Juni 2024 in S\u00fcddeutschland Auf der Autofahrt aus dem Rheinland nach Oberbayern hat es 3\/4 der Zeit kr\u00e4ftig geregnet. In Hessen noch m\u00e4\u00dfig, in Baden-W\u00fcrttemberg und Bayern kr\u00e4ftig. Wir beobachteten das Geschehen bereits seit Tagen &hellip; <a href=\"https:\/\/guentersahler.de\/?p=31889\">Weiter<\/a><\/p>\n","protected":false},"author":1,"featured_media":32308,"comment_status":"closed","ping_status":"closed","sticky":false,"template":"","format":"standard","meta":{"footnotes":""},"categories":[99,33,42,115],"tags":[],"class_list":["post-31889","post","type-post","status-publish","format-standard","has-post-thumbnail","hentry","category-bayern","category-blog","category-natur","category-reisen-als-nature-journaler"],"_links":{"self":[{"href":"https:\/\/guentersahler.de\/index.php?rest_route=\/wp\/v2\/posts\/31889"}],"collection":[{"href":"https:\/\/guentersahler.de\/index.php?rest_route=\/wp\/v2\/posts"}],"about":[{"href":"https:\/\/guentersahler.de\/index.php?rest_route=\/wp\/v2\/types\/post"}],"author":[{"embeddable":true,"href":"https:\/\/guentersahler.de\/index.php?rest_route=\/wp\/v2\/users\/1"}],"replies":[{"embeddable":true,"href":"https:\/\/guentersahler.de\/index.php?rest_route=%2Fwp%2Fv2%2Fcomments&post=31889"}],"version-history":[{"count":66,"href":"https:\/\/guentersahler.de\/index.php?rest_route=\/wp\/v2\/posts\/31889\/revisions"}],"predecessor-version":[{"id":32953,"href":"https:\/\/guentersahler.de\/index.php?rest_route=\/wp\/v2\/posts\/31889\/revisions\/32953"}],"wp:featuredmedia":[{"embeddable":true,"href":"https:\/\/guentersahler.de\/index.php?rest_route=\/wp\/v2\/media\/32308"}],"wp:attachment":[{"href":"https:\/\/guentersahler.de\/index.php?rest_route=%2Fwp%2Fv2%2Fmedia&parent=31889"}],"wp:term":[{"taxonomy":"category","embeddable":true,"href":"https:\/\/guentersahler.de\/index.php?rest_route=%2Fwp%2Fv2%2Fcategories&post=31889"},{"taxonomy":"post_tag","embeddable":true,"href":"https:\/\/guentersahler.de\/index.php?rest_route=%2Fwp%2Fv2%2Ftags&post=31889"}],"curies":[{"name":"wp","href":"https:\/\/api.w.org\/{rel}","templated":true}]}}