{"id":34984,"date":"2025-07-10T16:16:42","date_gmt":"2025-07-10T16:16:42","guid":{"rendered":"https:\/\/guentersahler.de\/?p=34984"},"modified":"2025-07-27T14:21:12","modified_gmt":"2025-07-27T14:21:12","slug":"suenger-berge-insekten-im-juli-2025","status":"publish","type":"post","link":"https:\/\/guentersahler.de\/?p=34984","title":{"rendered":"S\u00fcnger Berge &#8211; Insekten im Juli 2025"},"content":{"rendered":"\n<p>Ja es ist wieder Insektenzeit. Im normalen Gehen sah ich die meisten gar nicht. Blieb ich stehen, sah ich sie \u00fcberall. Hier eine Auswahl.<\/p>\n\n\n\n<figure class=\"wp-block-image size-full\"><img loading=\"lazy\" decoding=\"async\" width=\"700\" height=\"472\" src=\"https:\/\/guentersahler.de\/wp-content\/uploads\/2025\/07\/insekt003.jpg\" alt=\"\" class=\"wp-image-34983\" srcset=\"https:\/\/guentersahler.de\/wp-content\/uploads\/2025\/07\/insekt003.jpg 700w, https:\/\/guentersahler.de\/wp-content\/uploads\/2025\/07\/insekt003-300x202.jpg 300w\" sizes=\"(max-width: 700px) 100vw, 700px\" \/><figcaption class=\"wp-element-caption\">Wanze (?) in Hartegasse (Anfang Juli 2025)<\/figcaption><\/figure>\n\n\n\n<figure class=\"wp-block-image size-full\"><img loading=\"lazy\" decoding=\"async\" width=\"700\" height=\"550\" src=\"https:\/\/guentersahler.de\/wp-content\/uploads\/2025\/07\/wanze004.jpg\" alt=\"\" class=\"wp-image-34979\" srcset=\"https:\/\/guentersahler.de\/wp-content\/uploads\/2025\/07\/wanze004.jpg 700w, https:\/\/guentersahler.de\/wp-content\/uploads\/2025\/07\/wanze004-300x236.jpg 300w\" sizes=\"(max-width: 700px) 100vw, 700px\" \/><figcaption class=\"wp-element-caption\">Wanze (?) bei Hartegasse (Anfang Juli 2025)<\/figcaption><\/figure>\n\n\n\n<figure class=\"wp-block-image size-full\"><img loading=\"lazy\" decoding=\"async\" width=\"700\" height=\"537\" src=\"https:\/\/guentersahler.de\/wp-content\/uploads\/2025\/07\/wanze003.jpg\" alt=\"\" class=\"wp-image-34981\" srcset=\"https:\/\/guentersahler.de\/wp-content\/uploads\/2025\/07\/wanze003.jpg 700w, https:\/\/guentersahler.de\/wp-content\/uploads\/2025\/07\/wanze003-300x230.jpg 300w\" sizes=\"(max-width: 700px) 100vw, 700px\" \/><figcaption class=\"wp-element-caption\">Feuerwanze in Hartegasse (Anfang Juli 2025)<\/figcaption><\/figure>\n\n\n\n<figure class=\"wp-block-image size-full\"><img loading=\"lazy\" decoding=\"async\" width=\"700\" height=\"455\" src=\"https:\/\/guentersahler.de\/wp-content\/uploads\/2025\/07\/Mkaefer002.jpg\" alt=\"\" class=\"wp-image-34980\" srcset=\"https:\/\/guentersahler.de\/wp-content\/uploads\/2025\/07\/Mkaefer002.jpg 700w, https:\/\/guentersahler.de\/wp-content\/uploads\/2025\/07\/Mkaefer002-300x195.jpg 300w\" sizes=\"(max-width: 700px) 100vw, 700px\" \/><figcaption class=\"wp-element-caption\">Marienk\u00e4fer am S\u00fclztrail (Anfang Juli 2025)<\/figcaption><\/figure>\n\n\n\n<figure class=\"wp-block-image size-full\"><img loading=\"lazy\" decoding=\"async\" width=\"700\" height=\"423\" src=\"https:\/\/guentersahler.de\/wp-content\/uploads\/2025\/07\/Mkaefer001.jpg\" alt=\"\" class=\"wp-image-34982\" srcset=\"https:\/\/guentersahler.de\/wp-content\/uploads\/2025\/07\/Mkaefer001.jpg 700w, https:\/\/guentersahler.de\/wp-content\/uploads\/2025\/07\/Mkaefer001-300x181.jpg 300w\" sizes=\"(max-width: 700px) 100vw, 700px\" \/><figcaption class=\"wp-element-caption\">Marienk\u00e4fer am S\u00fclztrail (Anfang Juli 2025)<\/figcaption><\/figure>\n\n\n\n<figure class=\"wp-block-image size-full\"><img loading=\"lazy\" decoding=\"async\" width=\"700\" height=\"440\" src=\"https:\/\/guentersahler.de\/wp-content\/uploads\/2025\/07\/Mkaefer003.jpg\" alt=\"\" class=\"wp-image-34967\" srcset=\"https:\/\/guentersahler.de\/wp-content\/uploads\/2025\/07\/Mkaefer003.jpg 700w, https:\/\/guentersahler.de\/wp-content\/uploads\/2025\/07\/Mkaefer003-300x189.jpg 300w, https:\/\/guentersahler.de\/wp-content\/uploads\/2025\/07\/Mkaefer003-80x50.jpg 80w\" sizes=\"(max-width: 700px) 100vw, 700px\" \/><figcaption class=\"wp-element-caption\">Marienk\u00e4fer am S\u00fclztrail (Anfang Juli 2025)<\/figcaption><\/figure>\n\n\n\n<figure class=\"wp-block-image size-large\"><img decoding=\"async\" src=\"https:\/\/guentersahler.de\/wp-content\/uploads\/2024\/05\/Karte001.jpg\" alt=\"\"\/><\/figure>\n\n\n\n<figure class=\"wp-block-image size-full\"><img loading=\"lazy\" decoding=\"async\" width=\"700\" height=\"450\" src=\"https:\/\/guentersahler.de\/wp-content\/uploads\/2025\/07\/wanze005.jpg\" alt=\"\" class=\"wp-image-34978\" srcset=\"https:\/\/guentersahler.de\/wp-content\/uploads\/2025\/07\/wanze005.jpg 700w, https:\/\/guentersahler.de\/wp-content\/uploads\/2025\/07\/wanze005-300x193.jpg 300w, https:\/\/guentersahler.de\/wp-content\/uploads\/2025\/07\/wanze005-80x50.jpg 80w\" sizes=\"(max-width: 700px) 100vw, 700px\" \/><figcaption class=\"wp-element-caption\">Rote Weichwanze am S\u00fclztrail (Anfang Juli 2025)<\/figcaption><\/figure>\n\n\n\n<figure class=\"wp-block-image size-full\"><img loading=\"lazy\" decoding=\"async\" width=\"700\" height=\"582\" src=\"https:\/\/guentersahler.de\/wp-content\/uploads\/2025\/07\/wanze006.jpg\" alt=\"\" class=\"wp-image-34977\" srcset=\"https:\/\/guentersahler.de\/wp-content\/uploads\/2025\/07\/wanze006.jpg 700w, https:\/\/guentersahler.de\/wp-content\/uploads\/2025\/07\/wanze006-300x249.jpg 300w\" sizes=\"(max-width: 700px) 100vw, 700px\" \/><figcaption class=\"wp-element-caption\">Rote Weichwanze am S\u00fclztrail (Anfang Juli 2025)<\/figcaption><\/figure>\n\n\n\n<figure class=\"wp-block-image size-full\"><img loading=\"lazy\" decoding=\"async\" width=\"700\" height=\"517\" src=\"https:\/\/guentersahler.de\/wp-content\/uploads\/2025\/07\/wanze007.jpg\" alt=\"\" class=\"wp-image-34976\" srcset=\"https:\/\/guentersahler.de\/wp-content\/uploads\/2025\/07\/wanze007.jpg 700w, https:\/\/guentersahler.de\/wp-content\/uploads\/2025\/07\/wanze007-300x222.jpg 300w\" sizes=\"(max-width: 700px) 100vw, 700px\" \/><figcaption class=\"wp-element-caption\">Rote Weichwanze am S\u00fclztrail (Anfang Juli 2025)<\/figcaption><\/figure>\n\n\n\n<figure class=\"wp-block-image size-full\"><img loading=\"lazy\" decoding=\"async\" width=\"700\" height=\"490\" src=\"https:\/\/guentersahler.de\/wp-content\/uploads\/2025\/07\/wanze008.jpg\" alt=\"\" class=\"wp-image-34975\" srcset=\"https:\/\/guentersahler.de\/wp-content\/uploads\/2025\/07\/wanze008.jpg 700w, https:\/\/guentersahler.de\/wp-content\/uploads\/2025\/07\/wanze008-300x210.jpg 300w\" sizes=\"(max-width: 700px) 100vw, 700px\" \/><figcaption class=\"wp-element-caption\">Rote Weichwanze am S\u00fclztrail (Anfang Juli 2025)<\/figcaption><\/figure>\n\n\n\n<figure class=\"wp-block-image size-full\"><img loading=\"lazy\" decoding=\"async\" width=\"700\" height=\"366\" src=\"https:\/\/guentersahler.de\/wp-content\/uploads\/2025\/07\/wanze009.jpg\" alt=\"\" class=\"wp-image-34974\" srcset=\"https:\/\/guentersahler.de\/wp-content\/uploads\/2025\/07\/wanze009.jpg 700w, https:\/\/guentersahler.de\/wp-content\/uploads\/2025\/07\/wanze009-300x157.jpg 300w\" sizes=\"(max-width: 700px) 100vw, 700px\" \/><figcaption class=\"wp-element-caption\">Wanze am S\u00fclztrail (Anfang Juli 2025)<\/figcaption><\/figure>\n\n\n\n<figure class=\"wp-block-image size-full\"><img loading=\"lazy\" decoding=\"async\" width=\"700\" height=\"439\" src=\"https:\/\/guentersahler.de\/wp-content\/uploads\/2025\/07\/Kaefer805.jpg\" alt=\"\" class=\"wp-image-34970\" srcset=\"https:\/\/guentersahler.de\/wp-content\/uploads\/2025\/07\/Kaefer805.jpg 700w, https:\/\/guentersahler.de\/wp-content\/uploads\/2025\/07\/Kaefer805-300x188.jpg 300w, https:\/\/guentersahler.de\/wp-content\/uploads\/2025\/07\/Kaefer805-80x50.jpg 80w\" sizes=\"(max-width: 700px) 100vw, 700px\" \/><figcaption class=\"wp-element-caption\">Totengr\u00e4ber (K\u00e4fer) mit Schmarotzermilben am S\u00fclztrail (Anfang Juli 2025). Siehe: <a href=\"http:\/\/www.arthropods.de\/arachnida\/acari\/parasitidae\/poecilochirusCarabi01.htm\">http:\/\/www.arthropods.de\/arachnida\/acari\/parasitidae\/poecilochirusCarabi01.htm<\/a><\/figcaption><\/figure>\n\n\n\n<figure class=\"wp-block-image size-full\"><img loading=\"lazy\" decoding=\"async\" width=\"700\" height=\"396\" src=\"https:\/\/guentersahler.de\/wp-content\/uploads\/2025\/07\/Kaefer804.jpg\" alt=\"\" class=\"wp-image-34971\" srcset=\"https:\/\/guentersahler.de\/wp-content\/uploads\/2025\/07\/Kaefer804.jpg 700w, https:\/\/guentersahler.de\/wp-content\/uploads\/2025\/07\/Kaefer804-300x170.jpg 300w\" sizes=\"(max-width: 700px) 100vw, 700px\" \/><figcaption class=\"wp-element-caption\">Totengr\u00e4ber (K\u00e4fer) mit Schmarotzermilben am S\u00fclztrail (Anfang Juli 2025)<\/figcaption><\/figure>\n\n\n\n<figure class=\"wp-block-image size-full\"><img loading=\"lazy\" decoding=\"async\" width=\"700\" height=\"468\" src=\"https:\/\/guentersahler.de\/wp-content\/uploads\/2025\/07\/Kaefer806.jpg\" alt=\"\" class=\"wp-image-34969\" srcset=\"https:\/\/guentersahler.de\/wp-content\/uploads\/2025\/07\/Kaefer806.jpg 700w, https:\/\/guentersahler.de\/wp-content\/uploads\/2025\/07\/Kaefer806-300x201.jpg 300w\" sizes=\"(max-width: 700px) 100vw, 700px\" \/><figcaption class=\"wp-element-caption\">Totengr\u00e4ber (K\u00e4fer) mit Schmarotzermilben am S\u00fclztrail (Anfang Juli 2025)<\/figcaption><\/figure>\n\n\n\n<figure class=\"wp-block-image size-large\"><img decoding=\"async\" src=\"https:\/\/guentersahler.de\/wp-content\/uploads\/2021\/08\/kaefer044.jpg\" alt=\"\"\/><figcaption class=\"wp-element-caption\">Totengr\u00e4ber lief in Brochhagen \u00fcber den Gehweg (August 2021)<\/figcaption><\/figure>\n\n\n\n<figure class=\"wp-block-image size-full\"><img loading=\"lazy\" decoding=\"async\" width=\"700\" height=\"464\" src=\"https:\/\/guentersahler.de\/wp-content\/uploads\/2025\/07\/insekt005.jpg\" alt=\"\" class=\"wp-image-34972\" srcset=\"https:\/\/guentersahler.de\/wp-content\/uploads\/2025\/07\/insekt005.jpg 700w, https:\/\/guentersahler.de\/wp-content\/uploads\/2025\/07\/insekt005-300x199.jpg 300w\" sizes=\"(max-width: 700px) 100vw, 700px\" \/><figcaption class=\"wp-element-caption\">Skorpionsfliege am S\u00fclztrail (Anfang Juli 2025)<\/figcaption><\/figure>\n\n\n\n<figure class=\"wp-block-image size-full\"><img loading=\"lazy\" decoding=\"async\" width=\"700\" height=\"500\" src=\"https:\/\/guentersahler.de\/wp-content\/uploads\/2025\/07\/insekt004.jpg\" alt=\"\" class=\"wp-image-34973\" srcset=\"https:\/\/guentersahler.de\/wp-content\/uploads\/2025\/07\/insekt004.jpg 700w, https:\/\/guentersahler.de\/wp-content\/uploads\/2025\/07\/insekt004-300x214.jpg 300w\" sizes=\"(max-width: 700px) 100vw, 700px\" \/><figcaption class=\"wp-element-caption\">Skorpionsfliege am S\u00fclztrail (Anfang Juli 2025)<\/figcaption><\/figure>\n\n\n\n<figure class=\"wp-block-image size-full\"><img loading=\"lazy\" decoding=\"async\" width=\"700\" height=\"471\" src=\"https:\/\/guentersahler.de\/wp-content\/uploads\/2025\/07\/wanze010.jpg\" alt=\"\" class=\"wp-image-34966\" srcset=\"https:\/\/guentersahler.de\/wp-content\/uploads\/2025\/07\/wanze010.jpg 700w, https:\/\/guentersahler.de\/wp-content\/uploads\/2025\/07\/wanze010-300x202.jpg 300w\" sizes=\"(max-width: 700px) 100vw, 700px\" \/><figcaption class=\"wp-element-caption\">Nymphe\/Larve einer Stinkwanze am S\u00fclztrail (Anfang Juli 2025)<\/figcaption><\/figure>\n\n\n\n<figure class=\"wp-block-image size-full\"><img loading=\"lazy\" decoding=\"async\" width=\"700\" height=\"374\" src=\"https:\/\/guentersahler.de\/wp-content\/uploads\/2025\/07\/Kaefer807.jpg\" alt=\"\" class=\"wp-image-34968\" srcset=\"https:\/\/guentersahler.de\/wp-content\/uploads\/2025\/07\/Kaefer807.jpg 700w, https:\/\/guentersahler.de\/wp-content\/uploads\/2025\/07\/Kaefer807-300x160.jpg 300w\" sizes=\"(max-width: 700px) 100vw, 700px\" \/><figcaption class=\"wp-element-caption\">K\u00e4fer am S\u00fclztrail (Anfang Juli 2025)<\/figcaption><\/figure>\n\n\n\n<figure class=\"wp-block-image size-full\"><img loading=\"lazy\" decoding=\"async\" width=\"700\" height=\"388\" src=\"https:\/\/guentersahler.de\/wp-content\/uploads\/2025\/07\/wanze011.jpg\" alt=\"\" class=\"wp-image-34964\" srcset=\"https:\/\/guentersahler.de\/wp-content\/uploads\/2025\/07\/wanze011.jpg 700w, https:\/\/guentersahler.de\/wp-content\/uploads\/2025\/07\/wanze011-300x166.jpg 300w\" sizes=\"(max-width: 700px) 100vw, 700px\" \/><figcaption class=\"wp-element-caption\">Gepunktete Nesselwanze am S\u00fclztrail (Anfang Juli 2025)<\/figcaption><\/figure>\n\n\n\n<figure class=\"wp-block-image size-full\"><img loading=\"lazy\" decoding=\"async\" width=\"700\" height=\"432\" src=\"https:\/\/guentersahler.de\/wp-content\/uploads\/2025\/07\/wanze012.jpg\" alt=\"\" class=\"wp-image-34965\" srcset=\"https:\/\/guentersahler.de\/wp-content\/uploads\/2025\/07\/wanze012.jpg 700w, https:\/\/guentersahler.de\/wp-content\/uploads\/2025\/07\/wanze012-300x185.jpg 300w, https:\/\/guentersahler.de\/wp-content\/uploads\/2025\/07\/wanze012-80x50.jpg 80w\" sizes=\"(max-width: 700px) 100vw, 700px\" \/><figcaption class=\"wp-element-caption\">Gepunktete Nesselwanze am S\u00fclztrail (Anfang Juli 2025)<\/figcaption><\/figure>\n\n\n\n<p>Mitte Juli<\/p>\n\n\n\n<figure class=\"wp-block-image size-full\"><img loading=\"lazy\" decoding=\"async\" width=\"700\" height=\"499\" src=\"https:\/\/guentersahler.de\/wp-content\/uploads\/2025\/07\/wespe002.jpg\" alt=\"\" class=\"wp-image-35354\" srcset=\"https:\/\/guentersahler.de\/wp-content\/uploads\/2025\/07\/wespe002.jpg 700w, https:\/\/guentersahler.de\/wp-content\/uploads\/2025\/07\/wespe002-300x214.jpg 300w\" sizes=\"(max-width: 700px) 100vw, 700px\" \/><figcaption class=\"wp-element-caption\">Wespe zwischen Hartegasse und H\u00f6nighausen (Mitte Juli 2025)<\/figcaption><\/figure>\n\n\n\n<figure class=\"wp-block-image size-full\"><img loading=\"lazy\" decoding=\"async\" width=\"700\" height=\"455\" src=\"https:\/\/guentersahler.de\/wp-content\/uploads\/2025\/07\/wespe001.jpg\" alt=\"\" class=\"wp-image-35353\" srcset=\"https:\/\/guentersahler.de\/wp-content\/uploads\/2025\/07\/wespe001.jpg 700w, https:\/\/guentersahler.de\/wp-content\/uploads\/2025\/07\/wespe001-300x195.jpg 300w\" sizes=\"(max-width: 700px) 100vw, 700px\" \/><figcaption class=\"wp-element-caption\">Wespe zwischen Hartegasse und H\u00f6nighausen (Mitte Juli 2025)<\/figcaption><\/figure>\n\n\n\n<figure class=\"wp-block-image size-full\"><img loading=\"lazy\" decoding=\"async\" width=\"700\" height=\"426\" src=\"https:\/\/guentersahler.de\/wp-content\/uploads\/2025\/07\/wanze003-1.jpg\" alt=\"\" class=\"wp-image-35352\" srcset=\"https:\/\/guentersahler.de\/wp-content\/uploads\/2025\/07\/wanze003-1.jpg 700w, https:\/\/guentersahler.de\/wp-content\/uploads\/2025\/07\/wanze003-1-300x183.jpg 300w, https:\/\/guentersahler.de\/wp-content\/uploads\/2025\/07\/wanze003-1-80x50.jpg 80w\" sizes=\"(max-width: 700px) 100vw, 700px\" \/><figcaption class=\"wp-element-caption\">zwischen Hartegasse und H\u00f6nighausen (Mitte Juli 2025)<\/figcaption><\/figure>\n\n\n\n<figure class=\"wp-block-image size-full\"><img loading=\"lazy\" decoding=\"async\" width=\"700\" height=\"416\" src=\"https:\/\/guentersahler.de\/wp-content\/uploads\/2025\/07\/wanze001.jpg\" alt=\"\" class=\"wp-image-35350\" srcset=\"https:\/\/guentersahler.de\/wp-content\/uploads\/2025\/07\/wanze001.jpg 700w, https:\/\/guentersahler.de\/wp-content\/uploads\/2025\/07\/wanze001-300x178.jpg 300w\" sizes=\"(max-width: 700px) 100vw, 700px\" \/><figcaption class=\"wp-element-caption\">zwischen Hartegasse und H\u00f6nighausen (Mitte Juli 2025)<\/figcaption><\/figure>\n\n\n\n<figure class=\"wp-block-image size-full\"><img loading=\"lazy\" decoding=\"async\" width=\"700\" height=\"339\" src=\"https:\/\/guentersahler.de\/wp-content\/uploads\/2025\/07\/wanze002.jpg\" alt=\"\" class=\"wp-image-35351\" srcset=\"https:\/\/guentersahler.de\/wp-content\/uploads\/2025\/07\/wanze002.jpg 700w, https:\/\/guentersahler.de\/wp-content\/uploads\/2025\/07\/wanze002-300x145.jpg 300w\" sizes=\"(max-width: 700px) 100vw, 700px\" \/><figcaption class=\"wp-element-caption\">zwischen Hartegasse und H\u00f6nighausen (Mitte Juli 2025)<\/figcaption><\/figure>\n\n\n\n<figure class=\"wp-block-image size-full\"><img loading=\"lazy\" decoding=\"async\" width=\"700\" height=\"467\" src=\"https:\/\/guentersahler.de\/wp-content\/uploads\/2025\/07\/schwebfliege002.jpg\" alt=\"\" class=\"wp-image-35343\" srcset=\"https:\/\/guentersahler.de\/wp-content\/uploads\/2025\/07\/schwebfliege002.jpg 700w, https:\/\/guentersahler.de\/wp-content\/uploads\/2025\/07\/schwebfliege002-300x200.jpg 300w\" sizes=\"(max-width: 700px) 100vw, 700px\" \/><figcaption class=\"wp-element-caption\">Schwebfliege zwischen Hartegasse und H\u00f6nighausen (Mitte Juli 2025)<\/figcaption><\/figure>\n\n\n\n<figure class=\"wp-block-image size-full\"><img loading=\"lazy\" decoding=\"async\" width=\"700\" height=\"431\" src=\"https:\/\/guentersahler.de\/wp-content\/uploads\/2025\/07\/schwebfliege001.jpg\" alt=\"\" class=\"wp-image-35342\" srcset=\"https:\/\/guentersahler.de\/wp-content\/uploads\/2025\/07\/schwebfliege001.jpg 700w, https:\/\/guentersahler.de\/wp-content\/uploads\/2025\/07\/schwebfliege001-300x185.jpg 300w, https:\/\/guentersahler.de\/wp-content\/uploads\/2025\/07\/schwebfliege001-80x50.jpg 80w\" sizes=\"(max-width: 700px) 100vw, 700px\" \/><figcaption class=\"wp-element-caption\">Schwebfliege zwischen Hartegasse und H\u00f6nighausen (Mitte Juli 2025)<\/figcaption><\/figure>\n\n\n\n<figure class=\"wp-block-image size-full\"><img loading=\"lazy\" decoding=\"async\" width=\"700\" height=\"381\" src=\"https:\/\/guentersahler.de\/wp-content\/uploads\/2025\/07\/schwebfliege003.jpg\" alt=\"\" class=\"wp-image-35344\" srcset=\"https:\/\/guentersahler.de\/wp-content\/uploads\/2025\/07\/schwebfliege003.jpg 700w, https:\/\/guentersahler.de\/wp-content\/uploads\/2025\/07\/schwebfliege003-300x163.jpg 300w\" sizes=\"(max-width: 700px) 100vw, 700px\" \/><figcaption class=\"wp-element-caption\">Schwebfliege zwischen Hartegasse und H\u00f6nighausen (Mitte Juli 2025)<\/figcaption><\/figure>\n\n\n\n<figure class=\"wp-block-image size-full\"><img loading=\"lazy\" decoding=\"async\" width=\"700\" height=\"362\" src=\"https:\/\/guentersahler.de\/wp-content\/uploads\/2025\/07\/raupen001.jpg\" alt=\"\" class=\"wp-image-35341\" srcset=\"https:\/\/guentersahler.de\/wp-content\/uploads\/2025\/07\/raupen001.jpg 700w, https:\/\/guentersahler.de\/wp-content\/uploads\/2025\/07\/raupen001-300x155.jpg 300w\" sizes=\"(max-width: 700px) 100vw, 700px\" \/><figcaption class=\"wp-element-caption\">am S\u00fclztrail (Mitte Juli 2025)<\/figcaption><\/figure>\n\n\n\n<figure class=\"wp-block-image size-full\"><img loading=\"lazy\" decoding=\"async\" width=\"700\" height=\"394\" src=\"https:\/\/guentersahler.de\/wp-content\/uploads\/2025\/07\/kaefer008.jpg\" alt=\"\" class=\"wp-image-35339\" srcset=\"https:\/\/guentersahler.de\/wp-content\/uploads\/2025\/07\/kaefer008.jpg 700w, https:\/\/guentersahler.de\/wp-content\/uploads\/2025\/07\/kaefer008-300x169.jpg 300w\" sizes=\"(max-width: 700px) 100vw, 700px\" \/><figcaption class=\"wp-element-caption\">am S\u00fclztrail (Mitte Juli 2025)<\/figcaption><\/figure>\n\n\n\n<figure class=\"wp-block-image size-full\"><img loading=\"lazy\" decoding=\"async\" width=\"700\" height=\"435\" src=\"https:\/\/guentersahler.de\/wp-content\/uploads\/2025\/07\/kaefer005.jpg\" alt=\"\" class=\"wp-image-35336\" srcset=\"https:\/\/guentersahler.de\/wp-content\/uploads\/2025\/07\/kaefer005.jpg 700w, https:\/\/guentersahler.de\/wp-content\/uploads\/2025\/07\/kaefer005-300x186.jpg 300w, https:\/\/guentersahler.de\/wp-content\/uploads\/2025\/07\/kaefer005-80x50.jpg 80w\" sizes=\"(max-width: 700px) 100vw, 700px\" \/><figcaption class=\"wp-element-caption\">am S\u00fclztrail (Mitte Juli 2025)<\/figcaption><\/figure>\n\n\n\n<figure class=\"wp-block-image size-full\"><img loading=\"lazy\" decoding=\"async\" width=\"700\" height=\"417\" src=\"https:\/\/guentersahler.de\/wp-content\/uploads\/2025\/07\/kaefer006.jpg\" alt=\"\" class=\"wp-image-35337\" srcset=\"https:\/\/guentersahler.de\/wp-content\/uploads\/2025\/07\/kaefer006.jpg 700w, https:\/\/guentersahler.de\/wp-content\/uploads\/2025\/07\/kaefer006-300x179.jpg 300w\" sizes=\"(max-width: 700px) 100vw, 700px\" \/><figcaption class=\"wp-element-caption\">am S\u00fclztrail (Mitte Juli 2025)<\/figcaption><\/figure>\n\n\n\n<figure class=\"wp-block-image size-full\"><img loading=\"lazy\" decoding=\"async\" width=\"700\" height=\"339\" src=\"https:\/\/guentersahler.de\/wp-content\/uploads\/2025\/07\/mkaefer001-1.jpg\" alt=\"\" class=\"wp-image-35340\" srcset=\"https:\/\/guentersahler.de\/wp-content\/uploads\/2025\/07\/mkaefer001-1.jpg 700w, https:\/\/guentersahler.de\/wp-content\/uploads\/2025\/07\/mkaefer001-1-300x145.jpg 300w\" sizes=\"(max-width: 700px) 100vw, 700px\" \/><figcaption class=\"wp-element-caption\">am S\u00fclztrail (Mitte Juli 2025)<\/figcaption><\/figure>\n\n\n\n<figure class=\"wp-block-image size-full\"><img loading=\"lazy\" decoding=\"async\" width=\"700\" height=\"342\" src=\"https:\/\/guentersahler.de\/wp-content\/uploads\/2025\/07\/kaefer004.jpg\" alt=\"\" class=\"wp-image-35335\" srcset=\"https:\/\/guentersahler.de\/wp-content\/uploads\/2025\/07\/kaefer004.jpg 700w, https:\/\/guentersahler.de\/wp-content\/uploads\/2025\/07\/kaefer004-300x147.jpg 300w\" sizes=\"(max-width: 700px) 100vw, 700px\" \/><figcaption class=\"wp-element-caption\">Schwebfliege zwischen Hartegasse und H\u00f6nighausen (Mitte Juli 2025)<\/figcaption><\/figure>\n\n\n\n<figure class=\"wp-block-image size-full\"><img loading=\"lazy\" decoding=\"async\" width=\"700\" height=\"430\" src=\"https:\/\/guentersahler.de\/wp-content\/uploads\/2025\/07\/kaefer003.jpg\" alt=\"\" class=\"wp-image-35334\" srcset=\"https:\/\/guentersahler.de\/wp-content\/uploads\/2025\/07\/kaefer003.jpg 700w, https:\/\/guentersahler.de\/wp-content\/uploads\/2025\/07\/kaefer003-300x184.jpg 300w, https:\/\/guentersahler.de\/wp-content\/uploads\/2025\/07\/kaefer003-80x50.jpg 80w\" sizes=\"(max-width: 700px) 100vw, 700px\" \/><figcaption class=\"wp-element-caption\">Schwebfliege zwischen Hartegasse und H\u00f6nighausen (Mitte Juli 2025)<\/figcaption><\/figure>\n","protected":false},"excerpt":{"rendered":"<p>Ja es ist wieder Insektenzeit. Im normalen Gehen sah ich die meisten gar nicht. Blieb ich stehen, sah ich sie \u00fcberall. Hier eine Auswahl. Mitte Juli<\/p>\n","protected":false},"author":1,"featured_media":34977,"comment_status":"closed","ping_status":"closed","sticky":false,"template":"","format":"standard","meta":{"footnotes":""},"categories":[33,29,42,36],"tags":[],"class_list":["post-34984","post","type-post","status-publish","format-standard","has-post-thumbnail","hentry","category-blog","category-lindlar","category-natur","category-suenger-berge"],"_links":{"self":[{"href":"https:\/\/guentersahler.de\/index.php?rest_route=\/wp\/v2\/posts\/34984"}],"collection":[{"href":"https:\/\/guentersahler.de\/index.php?rest_route=\/wp\/v2\/posts"}],"about":[{"href":"https:\/\/guentersahler.de\/index.php?rest_route=\/wp\/v2\/types\/post"}],"author":[{"embeddable":true,"href":"https:\/\/guentersahler.de\/index.php?rest_route=\/wp\/v2\/users\/1"}],"replies":[{"embeddable":true,"href":"https:\/\/guentersahler.de\/index.php?rest_route=%2Fwp%2Fv2%2Fcomments&post=34984"}],"version-history":[{"count":11,"href":"https:\/\/guentersahler.de\/index.php?rest_route=\/wp\/v2\/posts\/34984\/revisions"}],"predecessor-version":[{"id":35359,"href":"https:\/\/guentersahler.de\/index.php?rest_route=\/wp\/v2\/posts\/34984\/revisions\/35359"}],"wp:featuredmedia":[{"embeddable":true,"href":"https:\/\/guentersahler.de\/index.php?rest_route=\/wp\/v2\/media\/34977"}],"wp:attachment":[{"href":"https:\/\/guentersahler.de\/index.php?rest_route=%2Fwp%2Fv2%2Fmedia&parent=34984"}],"wp:term":[{"taxonomy":"category","embeddable":true,"href":"https:\/\/guentersahler.de\/index.php?rest_route=%2Fwp%2Fv2%2Fcategories&post=34984"},{"taxonomy":"post_tag","embeddable":true,"href":"https:\/\/guentersahler.de\/index.php?rest_route=%2Fwp%2Fv2%2Ftags&post=34984"}],"curies":[{"name":"wp","href":"https:\/\/api.w.org\/{rel}","templated":true}]}}