{"id":35772,"date":"2025-09-05T17:09:08","date_gmt":"2025-09-05T17:09:08","guid":{"rendered":"https:\/\/guentersahler.de\/?p=35772"},"modified":"2025-10-03T13:09:35","modified_gmt":"2025-10-03T13:09:35","slug":"suenger-berge-insekten-im-september-2025","status":"publish","type":"post","link":"https:\/\/guentersahler.de\/?p=35772","title":{"rendered":"S\u00fcnger Berge \u2013 Insekten im September 2025"},"content":{"rendered":"\n<figure class=\"wp-block-image size-full\"><img loading=\"lazy\" decoding=\"async\" width=\"700\" height=\"394\" src=\"https:\/\/guentersahler.de\/wp-content\/uploads\/2025\/08\/wanze001.jpg\" alt=\"\" class=\"wp-image-35768\" srcset=\"https:\/\/guentersahler.de\/wp-content\/uploads\/2025\/08\/wanze001.jpg 700w, https:\/\/guentersahler.de\/wp-content\/uploads\/2025\/08\/wanze001-300x169.jpg 300w\" sizes=\"(max-width: 700px) 100vw, 700px\" \/><figcaption class=\"wp-element-caption\">Beerenw<em>anze in Hartegasse (Anfang September 2025).<\/em><\/figcaption><\/figure>\n\n\n\n<figure class=\"wp-block-image size-full\"><img loading=\"lazy\" decoding=\"async\" width=\"700\" height=\"394\" src=\"https:\/\/guentersahler.de\/wp-content\/uploads\/2025\/08\/wanze002.jpg\" alt=\"\" class=\"wp-image-35769\" srcset=\"https:\/\/guentersahler.de\/wp-content\/uploads\/2025\/08\/wanze002.jpg 700w, https:\/\/guentersahler.de\/wp-content\/uploads\/2025\/08\/wanze002-300x169.jpg 300w\" sizes=\"(max-width: 700px) 100vw, 700px\" \/><figcaption class=\"wp-element-caption\"><em>Beerenwanze in Hartegasse (Anfang September 2025).<\/em><\/figcaption><\/figure>\n\n\n\n<figure class=\"wp-block-image size-full\"><img loading=\"lazy\" decoding=\"async\" width=\"700\" height=\"572\" src=\"https:\/\/guentersahler.de\/wp-content\/uploads\/2025\/08\/wanze003.jpg\" alt=\"\" class=\"wp-image-35771\" srcset=\"https:\/\/guentersahler.de\/wp-content\/uploads\/2025\/08\/wanze003.jpg 700w, https:\/\/guentersahler.de\/wp-content\/uploads\/2025\/08\/wanze003-300x245.jpg 300w\" sizes=\"(max-width: 700px) 100vw, 700px\" \/><figcaption class=\"wp-element-caption\"><em>Beerenwanze in Hartegasse (Anfang September 2025).<\/em><\/figcaption><\/figure>\n\n\n\n<figure class=\"wp-block-image size-full\"><img loading=\"lazy\" decoding=\"async\" width=\"700\" height=\"483\" src=\"https:\/\/guentersahler.de\/wp-content\/uploads\/2025\/09\/wanze008.jpg\" alt=\"\" class=\"wp-image-36027\" srcset=\"https:\/\/guentersahler.de\/wp-content\/uploads\/2025\/09\/wanze008.jpg 700w, https:\/\/guentersahler.de\/wp-content\/uploads\/2025\/09\/wanze008-300x207.jpg 300w\" sizes=\"(max-width: 700px) 100vw, 700px\" \/><figcaption class=\"wp-element-caption\">Ertrunkene Wanzennymphe in Hartegasse (Mitte September 2025)<\/figcaption><\/figure>\n\n\n\n<figure class=\"wp-block-image size-full\"><img loading=\"lazy\" decoding=\"async\" width=\"700\" height=\"426\" src=\"https:\/\/guentersahler.de\/wp-content\/uploads\/2025\/09\/wanze009.jpg\" alt=\"\" class=\"wp-image-36017\" srcset=\"https:\/\/guentersahler.de\/wp-content\/uploads\/2025\/09\/wanze009.jpg 700w, https:\/\/guentersahler.de\/wp-content\/uploads\/2025\/09\/wanze009-300x183.jpg 300w, https:\/\/guentersahler.de\/wp-content\/uploads\/2025\/09\/wanze009-80x50.jpg 80w\" sizes=\"(max-width: 700px) 100vw, 700px\" \/><figcaption class=\"wp-element-caption\">Bodenwanze in Hartegasse (Mitte September 2025)<\/figcaption><\/figure>\n\n\n\n<figure class=\"wp-block-image size-full\"><img loading=\"lazy\" decoding=\"async\" width=\"700\" height=\"450\" src=\"https:\/\/guentersahler.de\/wp-content\/uploads\/2025\/09\/steinfliege003.jpg\" alt=\"\" class=\"wp-image-36003\" srcset=\"https:\/\/guentersahler.de\/wp-content\/uploads\/2025\/09\/steinfliege003.jpg 700w, https:\/\/guentersahler.de\/wp-content\/uploads\/2025\/09\/steinfliege003-300x193.jpg 300w, https:\/\/guentersahler.de\/wp-content\/uploads\/2025\/09\/steinfliege003-80x50.jpg 80w\" sizes=\"(max-width: 700px) 100vw, 700px\" \/><figcaption class=\"wp-element-caption\"><em>Steinfliege in Hartegasse (Mitte September 2025)<\/em><\/figcaption><\/figure>\n\n\n\n<figure class=\"wp-block-image size-full\"><img loading=\"lazy\" decoding=\"async\" width=\"700\" height=\"486\" src=\"https:\/\/guentersahler.de\/wp-content\/uploads\/2025\/09\/steinfliege002.jpg\" alt=\"\" class=\"wp-image-36002\" srcset=\"https:\/\/guentersahler.de\/wp-content\/uploads\/2025\/09\/steinfliege002.jpg 700w, https:\/\/guentersahler.de\/wp-content\/uploads\/2025\/09\/steinfliege002-300x208.jpg 300w\" sizes=\"(max-width: 700px) 100vw, 700px\" \/><figcaption class=\"wp-element-caption\"><em>Steinfliege in Hartegasse (Mitte September 2025)<\/em><\/figcaption><\/figure>\n\n\n\n<figure class=\"wp-block-image size-full\"><img loading=\"lazy\" decoding=\"async\" width=\"700\" height=\"469\" src=\"https:\/\/guentersahler.de\/wp-content\/uploads\/2025\/09\/steinfliege001.jpg\" alt=\"\" class=\"wp-image-35999\" srcset=\"https:\/\/guentersahler.de\/wp-content\/uploads\/2025\/09\/steinfliege001.jpg 700w, https:\/\/guentersahler.de\/wp-content\/uploads\/2025\/09\/steinfliege001-300x201.jpg 300w\" sizes=\"(max-width: 700px) 100vw, 700px\" \/><figcaption class=\"wp-element-caption\"><em>Die Steinfliege im Skizzenbuch.<\/em><\/figcaption><\/figure>\n\n\n\n<figure class=\"wp-block-image size-full\"><img loading=\"lazy\" decoding=\"async\" width=\"700\" height=\"491\" src=\"https:\/\/guentersahler.de\/wp-content\/uploads\/2025\/09\/mot001.jpg\" alt=\"\" class=\"wp-image-36049\" srcset=\"https:\/\/guentersahler.de\/wp-content\/uploads\/2025\/09\/mot001.jpg 700w, https:\/\/guentersahler.de\/wp-content\/uploads\/2025\/09\/mot001-300x210.jpg 300w\" sizes=\"(max-width: 700px) 100vw, 700px\" \/><figcaption class=\"wp-element-caption\">Falter in Hartegasse (Mitte September 2025)<\/figcaption><\/figure>\n\n\n\n<figure class=\"wp-block-image size-full\"><img loading=\"lazy\" decoding=\"async\" width=\"700\" height=\"287\" src=\"https:\/\/guentersahler.de\/wp-content\/uploads\/2025\/09\/wesp002.jpg\" alt=\"\" class=\"wp-image-36112\" srcset=\"https:\/\/guentersahler.de\/wp-content\/uploads\/2025\/09\/wesp002.jpg 700w, https:\/\/guentersahler.de\/wp-content\/uploads\/2025\/09\/wesp002-300x123.jpg 300w\" sizes=\"(max-width: 700px) 100vw, 700px\" \/><figcaption class=\"wp-element-caption\">Skizze einer Deutschen Wespe in Hartegasse (Ende September 2025)<\/figcaption><\/figure>\n\n\n\n<figure class=\"wp-block-image size-full\"><img loading=\"lazy\" decoding=\"async\" width=\"700\" height=\"394\" src=\"https:\/\/guentersahler.de\/wp-content\/uploads\/2025\/09\/wesp006.jpg\" alt=\"\" class=\"wp-image-36116\" srcset=\"https:\/\/guentersahler.de\/wp-content\/uploads\/2025\/09\/wesp006.jpg 700w, https:\/\/guentersahler.de\/wp-content\/uploads\/2025\/09\/wesp006-300x169.jpg 300w\" sizes=\"(max-width: 700px) 100vw, 700px\" \/><figcaption class=\"wp-element-caption\">Deutschen Wespe in Hartegasse (Ende September 2025)<\/figcaption><\/figure>\n\n\n\n<figure class=\"wp-block-image size-full\"><img loading=\"lazy\" decoding=\"async\" width=\"700\" height=\"451\" src=\"https:\/\/guentersahler.de\/wp-content\/uploads\/2025\/09\/wesp007.jpg\" alt=\"\" class=\"wp-image-36117\" srcset=\"https:\/\/guentersahler.de\/wp-content\/uploads\/2025\/09\/wesp007.jpg 700w, https:\/\/guentersahler.de\/wp-content\/uploads\/2025\/09\/wesp007-300x193.jpg 300w\" sizes=\"(max-width: 700px) 100vw, 700px\" \/><figcaption class=\"wp-element-caption\">Deutschen Wespe in Hartegasse (Ende September 2025)<\/figcaption><\/figure>\n\n\n\n<figure class=\"wp-block-image size-full\"><img loading=\"lazy\" decoding=\"async\" width=\"700\" height=\"380\" src=\"https:\/\/guentersahler.de\/wp-content\/uploads\/2025\/09\/wesp003.jpg\" alt=\"\" class=\"wp-image-36113\" srcset=\"https:\/\/guentersahler.de\/wp-content\/uploads\/2025\/09\/wesp003.jpg 700w, https:\/\/guentersahler.de\/wp-content\/uploads\/2025\/09\/wesp003-300x163.jpg 300w\" sizes=\"(max-width: 700px) 100vw, 700px\" \/><figcaption class=\"wp-element-caption\">Deutschen Wespe in Hartegasse (Ende September 2025)<\/figcaption><\/figure>\n\n\n\n<figure class=\"wp-block-image size-full\"><img loading=\"lazy\" decoding=\"async\" width=\"700\" height=\"418\" src=\"https:\/\/guentersahler.de\/wp-content\/uploads\/2025\/09\/wesp005.jpg\" alt=\"\" class=\"wp-image-36115\" srcset=\"https:\/\/guentersahler.de\/wp-content\/uploads\/2025\/09\/wesp005.jpg 700w, https:\/\/guentersahler.de\/wp-content\/uploads\/2025\/09\/wesp005-300x179.jpg 300w\" sizes=\"(max-width: 700px) 100vw, 700px\" \/><figcaption class=\"wp-element-caption\">Deutschen Wespe in Hartegasse (Ende September 2025)<\/figcaption><\/figure>\n\n\n\n<figure class=\"wp-block-image size-full\"><img loading=\"lazy\" decoding=\"async\" width=\"700\" height=\"283\" src=\"https:\/\/guentersahler.de\/wp-content\/uploads\/2025\/09\/wesp004.jpg\" alt=\"\" class=\"wp-image-36114\" srcset=\"https:\/\/guentersahler.de\/wp-content\/uploads\/2025\/09\/wesp004.jpg 700w, https:\/\/guentersahler.de\/wp-content\/uploads\/2025\/09\/wesp004-300x121.jpg 300w\" sizes=\"(max-width: 700px) 100vw, 700px\" \/><figcaption class=\"wp-element-caption\">Deutschen Wespe in Hartegasse (Ende September 2025)<\/figcaption><\/figure>\n\n\n\n<figure class=\"wp-block-image size-full\"><img loading=\"lazy\" decoding=\"async\" width=\"500\" height=\"709\" src=\"https:\/\/guentersahler.de\/wp-content\/uploads\/2025\/09\/wesp008.jpg\" alt=\"\" class=\"wp-image-36120\" srcset=\"https:\/\/guentersahler.de\/wp-content\/uploads\/2025\/09\/wesp008.jpg 500w, https:\/\/guentersahler.de\/wp-content\/uploads\/2025\/09\/wesp008-212x300.jpg 212w\" sizes=\"(max-width: 500px) 100vw, 500px\" \/><figcaption class=\"wp-element-caption\">Im Skizzenbuch Deutschen Wespe in Hartegasse (Ende September 2025)<\/figcaption><\/figure>\n\n\n\n<figure class=\"wp-block-image size-full\"><img loading=\"lazy\" decoding=\"async\" width=\"700\" height=\"426\" src=\"https:\/\/guentersahler.de\/wp-content\/uploads\/2025\/09\/herbst3_008.jpg\" alt=\"\" class=\"wp-image-36142\" srcset=\"https:\/\/guentersahler.de\/wp-content\/uploads\/2025\/09\/herbst3_008.jpg 700w, https:\/\/guentersahler.de\/wp-content\/uploads\/2025\/09\/herbst3_008-300x183.jpg 300w, https:\/\/guentersahler.de\/wp-content\/uploads\/2025\/09\/herbst3_008-80x50.jpg 80w\" sizes=\"(max-width: 700px) 100vw, 700px\" \/><figcaption class=\"wp-element-caption\">&#8230; in der H\u00fctte (Ende September 2025)<\/figcaption><\/figure>\n\n\n\n<figure class=\"wp-block-image size-full\"><img loading=\"lazy\" decoding=\"async\" width=\"700\" height=\"394\" src=\"https:\/\/guentersahler.de\/wp-content\/uploads\/2025\/09\/herbst3_005.jpg\" alt=\"\" class=\"wp-image-36139\" srcset=\"https:\/\/guentersahler.de\/wp-content\/uploads\/2025\/09\/herbst3_005.jpg 700w, https:\/\/guentersahler.de\/wp-content\/uploads\/2025\/09\/herbst3_005-300x169.jpg 300w\" sizes=\"(max-width: 700px) 100vw, 700px\" \/><figcaption class=\"wp-element-caption\">Breitf\u00fc\u00dfige Erlenblattwespe, auch<br>Breitf\u00fc\u00dfige Birken-Blattwespe genannt (Nematus septentrionalis) in der H\u00fctte (Ende September 2025)<\/figcaption><\/figure>\n\n\n\n<figure class=\"wp-block-image size-full\"><img loading=\"lazy\" decoding=\"async\" width=\"700\" height=\"331\" src=\"https:\/\/guentersahler.de\/wp-content\/uploads\/2025\/09\/herbst3_006.jpg\" alt=\"\" class=\"wp-image-36140\" srcset=\"https:\/\/guentersahler.de\/wp-content\/uploads\/2025\/09\/herbst3_006.jpg 700w, https:\/\/guentersahler.de\/wp-content\/uploads\/2025\/09\/herbst3_006-300x142.jpg 300w\" sizes=\"(max-width: 700px) 100vw, 700px\" \/><figcaption class=\"wp-element-caption\">Larven der Breitf\u00fc\u00dfigen Erlenblattwespe, auch Breitf\u00fc\u00dfige Birken-Blattwespe genannt (Nematus septentrionalis), in der H\u00fctte (Ende September 2025)<\/figcaption><\/figure>\n\n\n\n<figure class=\"wp-block-image size-full\"><img loading=\"lazy\" decoding=\"async\" width=\"700\" height=\"355\" src=\"https:\/\/guentersahler.de\/wp-content\/uploads\/2025\/09\/herbst3_007.jpg\" alt=\"\" class=\"wp-image-36141\" srcset=\"https:\/\/guentersahler.de\/wp-content\/uploads\/2025\/09\/herbst3_007.jpg 700w, https:\/\/guentersahler.de\/wp-content\/uploads\/2025\/09\/herbst3_007-300x152.jpg 300w\" sizes=\"(max-width: 700px) 100vw, 700px\" \/><figcaption class=\"wp-element-caption\">Die Schreckstellung der Breitf\u00fc\u00dfigen Erlenblattwespe, auch Breitf\u00fc\u00dfige Birken-Blattwespe genannt (Nematus septentrionalis), in der H\u00fctte (Ende September 2025). Ob sich diese Larven vor mir oder einem gerade vorbei fliegenden Insekt erschreckten, kann ich nicht sagen, jedenfalls zucken sie gerade alle zusammen. Sie sind in Auw\u00e4lder und Erlenbr\u00fcchen zu finden, was irgendwie zum Feuchtgebiet &#8222;In der H\u00fctte&#8220; passt.<\/figcaption><\/figure>\n\n\n\n<figure class=\"wp-block-image size-full\"><img loading=\"lazy\" decoding=\"async\" width=\"700\" height=\"394\" src=\"https:\/\/guentersahler.de\/wp-content\/uploads\/2025\/09\/herbst3_004.jpg\" alt=\"\" class=\"wp-image-36138\" srcset=\"https:\/\/guentersahler.de\/wp-content\/uploads\/2025\/09\/herbst3_004.jpg 700w, https:\/\/guentersahler.de\/wp-content\/uploads\/2025\/09\/herbst3_004-300x169.jpg 300w\" sizes=\"(max-width: 700px) 100vw, 700px\" \/><figcaption class=\"wp-element-caption\">&#8230; in der H\u00fctte (Ende September 2025)<\/figcaption><\/figure>\n\n\n\n<figure class=\"wp-block-image size-full\"><img loading=\"lazy\" decoding=\"async\" width=\"700\" height=\"417\" src=\"https:\/\/guentersahler.de\/wp-content\/uploads\/2025\/09\/herbst3_003.jpg\" alt=\"\" class=\"wp-image-36137\" srcset=\"https:\/\/guentersahler.de\/wp-content\/uploads\/2025\/09\/herbst3_003.jpg 700w, https:\/\/guentersahler.de\/wp-content\/uploads\/2025\/09\/herbst3_003-300x179.jpg 300w\" sizes=\"(max-width: 700px) 100vw, 700px\" \/><figcaption class=\"wp-element-caption\">&#8230; in der H\u00fctte (Ende September 2025)<\/figcaption><\/figure>\n\n\n\n<figure class=\"wp-block-image size-full\"><img loading=\"lazy\" decoding=\"async\" width=\"700\" height=\"394\" src=\"https:\/\/guentersahler.de\/wp-content\/uploads\/2025\/10\/baumwanz002.jpg\" alt=\"\" class=\"wp-image-36329\" srcset=\"https:\/\/guentersahler.de\/wp-content\/uploads\/2025\/10\/baumwanz002.jpg 700w, https:\/\/guentersahler.de\/wp-content\/uploads\/2025\/10\/baumwanz002-300x169.jpg 300w\" sizes=\"(max-width: 700px) 100vw, 700px\" \/><figcaption class=\"wp-element-caption\">Rotbeinige Baumwanze in Hartegasse auf einem Apfel. (Ende September 2025)<\/figcaption><\/figure>\n\n\n\n<figure class=\"wp-block-image size-full\"><img loading=\"lazy\" decoding=\"async\" width=\"700\" height=\"394\" src=\"https:\/\/guentersahler.de\/wp-content\/uploads\/2025\/10\/baumwanz004.jpg\" alt=\"\" class=\"wp-image-36331\" srcset=\"https:\/\/guentersahler.de\/wp-content\/uploads\/2025\/10\/baumwanz004.jpg 700w, https:\/\/guentersahler.de\/wp-content\/uploads\/2025\/10\/baumwanz004-300x169.jpg 300w\" sizes=\"(max-width: 700px) 100vw, 700px\" \/><figcaption class=\"wp-element-caption\">Rotbeinige Baumwanze in Hartegasse auf einem Apfel. Von hinten n\u00e4hert sich eine Gemeine Wespe. (Ende September 2025)<\/figcaption><\/figure>\n\n\n\n<figure class=\"wp-block-image size-full\"><img loading=\"lazy\" decoding=\"async\" width=\"500\" height=\"732\" src=\"https:\/\/guentersahler.de\/wp-content\/uploads\/2025\/10\/wespe002.jpg\" alt=\"\" class=\"wp-image-36336\" srcset=\"https:\/\/guentersahler.de\/wp-content\/uploads\/2025\/10\/wespe002.jpg 500w, https:\/\/guentersahler.de\/wp-content\/uploads\/2025\/10\/wespe002-205x300.jpg 205w\" sizes=\"(max-width: 500px) 100vw, 500px\" \/><figcaption class=\"wp-element-caption\">In meinem Journal.<\/figcaption><\/figure>\n\n\n\n<figure class=\"wp-block-image size-full\"><img loading=\"lazy\" decoding=\"async\" width=\"700\" height=\"394\" src=\"https:\/\/guentersahler.de\/wp-content\/uploads\/2025\/10\/baumwanz001.jpg\" alt=\"\" class=\"wp-image-36328\" srcset=\"https:\/\/guentersahler.de\/wp-content\/uploads\/2025\/10\/baumwanz001.jpg 700w, https:\/\/guentersahler.de\/wp-content\/uploads\/2025\/10\/baumwanz001-300x169.jpg 300w\" sizes=\"(max-width: 700px) 100vw, 700px\" \/><figcaption class=\"wp-element-caption\">Rotbeinige Baumwanze in Hartegasse auf einem Apfel. (Ende September 2025)<\/figcaption><\/figure>\n\n\n\n<figure class=\"wp-block-image size-full\"><img loading=\"lazy\" decoding=\"async\" width=\"700\" height=\"718\" src=\"https:\/\/guentersahler.de\/wp-content\/uploads\/2025\/10\/baumwanz003.jpg\" alt=\"\" class=\"wp-image-36330\" srcset=\"https:\/\/guentersahler.de\/wp-content\/uploads\/2025\/10\/baumwanz003.jpg 700w, https:\/\/guentersahler.de\/wp-content\/uploads\/2025\/10\/baumwanz003-292x300.jpg 292w\" sizes=\"(max-width: 700px) 100vw, 700px\" \/><figcaption class=\"wp-element-caption\">Rotbeinige Baumwanze in Hartegasse auf einem Apfel. (Ende September 2025)<\/figcaption><\/figure>\n\n\n\n<figure class=\"wp-block-image size-full\"><img loading=\"lazy\" decoding=\"async\" width=\"700\" height=\"358\" src=\"https:\/\/guentersahler.de\/wp-content\/uploads\/2025\/10\/insect003.jpg\" alt=\"\" class=\"wp-image-36334\" srcset=\"https:\/\/guentersahler.de\/wp-content\/uploads\/2025\/10\/insect003.jpg 700w, https:\/\/guentersahler.de\/wp-content\/uploads\/2025\/10\/insect003-300x153.jpg 300w\" sizes=\"(max-width: 700px) 100vw, 700px\" \/><figcaption class=\"wp-element-caption\">Falter auf dem KVB-Bahnsteig an der Amsterdamerstr.\/G\u00fcrtel in K\u00f6ln. (Ende September 2025)<\/figcaption><\/figure>\n\n\n\n<figure class=\"wp-block-image size-full\"><img loading=\"lazy\" decoding=\"async\" width=\"700\" height=\"448\" src=\"https:\/\/guentersahler.de\/wp-content\/uploads\/2025\/10\/insect001.jpg\" alt=\"\" class=\"wp-image-36332\" srcset=\"https:\/\/guentersahler.de\/wp-content\/uploads\/2025\/10\/insect001.jpg 700w, https:\/\/guentersahler.de\/wp-content\/uploads\/2025\/10\/insect001-300x192.jpg 300w, https:\/\/guentersahler.de\/wp-content\/uploads\/2025\/10\/insect001-80x50.jpg 80w\" sizes=\"(max-width: 700px) 100vw, 700px\" \/><figcaption class=\"wp-element-caption\">Links &#8230;wespe, Rechts Larve der Breitf\u00fc\u00dfigen Erlenblattwespe &#8222;in der H\u00fctte&#8220; bei Bonners\u00fcng. (Ende September 2025)<\/figcaption><\/figure>\n\n\n\n<figure class=\"wp-block-image size-full\"><img loading=\"lazy\" decoding=\"async\" width=\"700\" height=\"507\" src=\"https:\/\/guentersahler.de\/wp-content\/uploads\/2025\/10\/insect002.jpg\" alt=\"\" class=\"wp-image-36333\" srcset=\"https:\/\/guentersahler.de\/wp-content\/uploads\/2025\/10\/insect002.jpg 700w, https:\/\/guentersahler.de\/wp-content\/uploads\/2025\/10\/insect002-300x217.jpg 300w\" sizes=\"(max-width: 700px) 100vw, 700px\" \/><figcaption class=\"wp-element-caption\">Ich tippe auf eine Wespe. &#8222;in der H\u00fctte&#8220; bei Bonners\u00fcng. (Ende September 2025)<\/figcaption><\/figure>\n","protected":false},"excerpt":{"rendered":"","protected":false},"author":1,"featured_media":35769,"comment_status":"closed","ping_status":"closed","sticky":false,"template":"","format":"standard","meta":{"footnotes":""},"categories":[33,42,36],"tags":[],"class_list":["post-35772","post","type-post","status-publish","format-standard","has-post-thumbnail","hentry","category-blog","category-natur","category-suenger-berge"],"_links":{"self":[{"href":"https:\/\/guentersahler.de\/index.php?rest_route=\/wp\/v2\/posts\/35772"}],"collection":[{"href":"https:\/\/guentersahler.de\/index.php?rest_route=\/wp\/v2\/posts"}],"about":[{"href":"https:\/\/guentersahler.de\/index.php?rest_route=\/wp\/v2\/types\/post"}],"author":[{"embeddable":true,"href":"https:\/\/guentersahler.de\/index.php?rest_route=\/wp\/v2\/users\/1"}],"replies":[{"embeddable":true,"href":"https:\/\/guentersahler.de\/index.php?rest_route=%2Fwp%2Fv2%2Fcomments&post=35772"}],"version-history":[{"count":16,"href":"https:\/\/guentersahler.de\/index.php?rest_route=\/wp\/v2\/posts\/35772\/revisions"}],"predecessor-version":[{"id":36340,"href":"https:\/\/guentersahler.de\/index.php?rest_route=\/wp\/v2\/posts\/35772\/revisions\/36340"}],"wp:featuredmedia":[{"embeddable":true,"href":"https:\/\/guentersahler.de\/index.php?rest_route=\/wp\/v2\/media\/35769"}],"wp:attachment":[{"href":"https:\/\/guentersahler.de\/index.php?rest_route=%2Fwp%2Fv2%2Fmedia&parent=35772"}],"wp:term":[{"taxonomy":"category","embeddable":true,"href":"https:\/\/guentersahler.de\/index.php?rest_route=%2Fwp%2Fv2%2Fcategories&post=35772"},{"taxonomy":"post_tag","embeddable":true,"href":"https:\/\/guentersahler.de\/index.php?rest_route=%2Fwp%2Fv2%2Ftags&post=35772"}],"curies":[{"name":"wp","href":"https:\/\/api.w.org\/{rel}","templated":true}]}}