{"id":37691,"date":"2026-03-14T15:56:18","date_gmt":"2026-03-14T15:56:18","guid":{"rendered":"https:\/\/guentersahler.de\/?p=37691"},"modified":"2026-04-09T17:09:34","modified_gmt":"2026-04-09T17:09:34","slug":"interview-c-w","status":"publish","type":"post","link":"https:\/\/guentersahler.de\/?p=37691","title":{"rendered":"Interview #14: Carolin Willach"},"content":{"rendered":"\n<p><strong>Carolin Willach<\/strong> ist Aquarellmalerin, Urban Sketcherin und Gr\u00fcnderin der Urban Sketchers in Solingen.<\/p>\n\n\n\n<p>Dies ist Teil meiner Reihe:<\/p>\n\n\n\n<style>\n  h6 {\n    font-size: 2em; \/* Gr\u00f6\u00dfe anpassen *\/\n    font-weight: bold;\n    background: linear-gradient(90deg, green, blue, red); \/* Farbverlauf *\/\n    -webkit-background-clip: text;\n    -webkit-text-fill-color: transparent;\n    background-clip: text; \/* f\u00fcr moderne Browser *\/\n    text-align: left; \/* optional *\/\n  }\n<\/style>\n<\/head>\n<body>\n\n<h6>Bergische Sketchers<\/h6>\n\n\n\n<figure class=\"wp-block-image size-full\"><img loading=\"lazy\" decoding=\"async\" width=\"500\" height=\"163\" src=\"https:\/\/guentersahler.de\/wp-content\/uploads\/2026\/03\/cw004.jpg\" alt=\"\" class=\"wp-image-37723\" srcset=\"https:\/\/guentersahler.de\/wp-content\/uploads\/2026\/03\/cw004.jpg 500w, https:\/\/guentersahler.de\/wp-content\/uploads\/2026\/03\/cw004-300x98.jpg 300w\" sizes=\"(max-width: 500px) 100vw, 500px\" \/><\/figure>\n\n\n\n<p><span style=\"color:#2b6978\" class=\"has-inline-color\"><strong>Caro, wann hast Du mit dem Malen angefangen?<\/strong><\/span><\/p>\n\n\n\n<p>Seit 2020 ist das Aquarellmalen meine gro\u00dfe Leidenschaft. Schon als Kind war ich fasziniert von Farben \u2013 besonders von meinen Aquarell-Buntstiften. Damals dachte ich mir: \u201eWenn ich mal irgendwann male, dann mit Aquarell!\u201c<br>Seit meiner Kindheit, hatte ich kein kreatives Hobby mehr, dem ich nachging. Meine kreative Seite lebte ich in Form von Kochen und Backen aus, da ich 28 Jahre lang selbstst\u00e4ndige Gastronomin war.<br>Die Lockdown-Zeit schenkte mir den Raum, den Wunsch der Aquarellmalerei Wirklichkeit werden zu lassen. Ich tauchte tief ein in die Welt der Aquarellfarben \u2013 mit B\u00fcchern, Videos, Livestreams und vor allem: mit ganz viel Freude am Experimentieren. Aquarellmalen ist f\u00fcr mich mehr als Kreativit\u00e4t \u2013 es ist eine Form von Selbstf\u00fcrsorge. Es bringt mich zur Ruhe, gibt mir neue Energie und l\u00e4sst mich den Alltag aus einer farbenfroheren Perspektive betrachten. Jeder Farbverlauf, jeder Pinselstrich ist f\u00fcr mich ein kleines Abenteuer.<\/p>\n\n\n\n<figure class=\"wp-block-image size-full\"><img loading=\"lazy\" decoding=\"async\" width=\"290\" height=\"237\" src=\"https:\/\/guentersahler.de\/wp-content\/uploads\/2026\/03\/cw001.jpg\" alt=\"\" class=\"wp-image-37715\"\/><figcaption class=\"wp-element-caption\">Aquarell von Carolin Willach (Mit freundlicher Genehmigung von Carolin Willach).<\/figcaption><\/figure>\n\n\n\n<p><br>Besonders inspiriert haben mich einige tolle K\u00fcnstler*innen auf Instagram, deren Werke mich motiviert haben, mein eigenes Aquarell-Abenteuer zu starten: <a href=\"https:\/\/www.instagram.com\/cube.w3\/\" target=\"_blank\" rel=\"noreferrer noopener\">@cube.w3<\/a>, <a href=\"https:\/\/www.instagram.com\/mayandberry\/\" target=\"_blank\" rel=\"noreferrer noopener\">@mayandberry<\/a>, <a href=\"https:\/\/www.instagram.com\/_frau_von_bommel_art_\/\" target=\"_blank\" rel=\"noreferrer noopener\">@_frau_von_bommel_art_<\/a>, <a href=\"https:\/\/www.instagram.com\/gris030.de\/\" target=\"_blank\" rel=\"noreferrer noopener\">@gris030.de<\/a>, <a href=\"https:\/\/www.instagram.com\/kristina_jurick\/\" target=\"_blank\" rel=\"noreferrer noopener\">@kristina_jurick<\/a>, <a href=\"https:\/\/www.instagram.com\/rabi__rabi\/\" target=\"_blank\" rel=\"noreferrer noopener\">@rabi__rabi<\/a> und @dieaquarellwerkstatt. <br>Seitdem malte ich auch Landschaften, Portraits, Blumen, usw., jedoch lie\u00df mich das Urban Sketching nicht los.<\/p>\n\n\n\n<p><span style=\"color:#2b6978\" class=\"has-inline-color\"><strong>Wie bist Du denn auf Urban Sketching aufmerksam geworden?<\/strong><\/span><\/p>\n\n\n\n<p>Die allererste K\u00fcnstlerin die mich bei Instagram von ihrem Zeichnen her ansprach war Tanja Werner <a href=\"https:\/\/www.instagram.com\/cube.w3\/\" target=\"_blank\" rel=\"noreferrer noopener\">@cube.w3<\/a> und sie ist tats\u00e4chlich leidenschaftliche Sketcherin.<\/p>\n\n\n\n<p><span style=\"color:#2b6978\" class=\"has-inline-color\"><strong>Hast Du dann gleich an einem Treffen der Urban Sketchers teilgenommen?<\/strong><\/span><\/p>\n\n\n\n<p>Ich besuchte Sketcher Treffen in Wuppertal, <a href=\"https:\/\/guentersahler.de\/?p=37972\">Hilden<\/a> und D\u00fcsseldorf. Kurzer Hand gr\u00fcndete ich dann im Oktober 2025 die Urban Sketchers Solingen, ich habe einfach je einen Instagram- und Facebook-Account erstellt und los ging es.<\/p>\n\n\n\n<figure class=\"wp-block-image size-full\"><img loading=\"lazy\" decoding=\"async\" width=\"700\" height=\"643\" src=\"https:\/\/guentersahler.de\/wp-content\/uploads\/2026\/03\/cw003.jpg\" alt=\"\" class=\"wp-image-37719\" srcset=\"https:\/\/guentersahler.de\/wp-content\/uploads\/2026\/03\/cw003.jpg 700w, https:\/\/guentersahler.de\/wp-content\/uploads\/2026\/03\/cw003-300x276.jpg 300w\" sizes=\"(max-width: 700px) 100vw, 700px\" \/><figcaption class=\"wp-element-caption\"><em>Skizze aus dem Sketchbook von Carolin Willach bei einem Treffen mit den USK Hilden<\/em> (Mit freundlicher Genehmigung von Carolin Willach).<\/figcaption><\/figure>\n\n\n\n<p><span style=\"color:#2b6978\" class=\"has-inline-color\"><strong>Wie oft trefft ihr euch und wie l\u00e4uft die Organisation ab?<\/strong><\/span><\/p>\n\n\n\n<p>Wir treffen uns zwei bis dreimal im Monat und erkunden Solingen und Umgebung. Das Logo habe ich selber gezeichnet und davon direkt einen Stempel machen lassen. Ich malte das Logo auch noch in Aquarell und habe damit kleine Flyer machen lassen. Mittlerweile hat es sich schon ganz sch\u00f6n rumgesprochen und ich bekomme von unterschiedlichsten Seiten tolles Feedback. <\/p>\n\n\n\n<figure class=\"wp-block-image size-full\"><img loading=\"lazy\" decoding=\"async\" width=\"700\" height=\"613\" src=\"https:\/\/guentersahler.de\/wp-content\/uploads\/2026\/03\/cw002.jpg\" alt=\"\" class=\"wp-image-37717\" srcset=\"https:\/\/guentersahler.de\/wp-content\/uploads\/2026\/03\/cw002.jpg 700w, https:\/\/guentersahler.de\/wp-content\/uploads\/2026\/03\/cw002-300x263.jpg 300w\" sizes=\"(max-width: 700px) 100vw, 700px\" \/><figcaption class=\"wp-element-caption\"><em>Skizze aus dem Sketchbook von Carolin Willach bei einem Treffen mit den USK Solingen in der <a href=\"https:\/\/industriemuseum.lvr.de\/de\/die_museen\/solingen\/gesenkschmiede_hendrichs.html\" target=\"_blank\" rel=\"noreferrer noopener\">Gesenkschmiede Hendrichs<\/a> im LVR-Industriemuseum (Mit freundlicher Genehmigung von Carolin Willach).<\/em><\/figcaption><\/figure>\n\n\n\n<p><br>Wie Du vielleicht bei meinen Zeilen raush\u00f6ren kannst, bin ich eine \u201eone man Show\u201c. Mein Mann hat keinerlei Interesse am Zeichnen, daf\u00fcr ist er aber ein prima Fahrdienst und beim anschlie\u00dfenden Kaffee trinken auch immer gerne dabei (lacht).<\/p>\n\n\n\n<p><span style=\"color:#2b6978\" class=\"has-inline-color\"><strong>Was nimmst Du beim Urban Sketching mit?<\/strong><\/span><\/p>\n\n\n\n<p>Meine Sketchausr\u00fcstung besteht aus einem wasserfesten Rucksack mit integriertem Klappstuhl. Darin ist immer ein G\u00e4ste-Sketchbook (bisher einmal benutzt), mein eigenes Sketchbook, Stifte, Wassertankpinsel, Aquarellkasten, Stempel und Stempelkissen.<\/p>\n\n\n\n<figure class=\"wp-block-image size-full\"><img loading=\"lazy\" decoding=\"async\" width=\"300\" height=\"314\" src=\"https:\/\/guentersahler.de\/wp-content\/uploads\/2026\/03\/cw005.jpg\" alt=\"\" class=\"wp-image-37725\" srcset=\"https:\/\/guentersahler.de\/wp-content\/uploads\/2026\/03\/cw005.jpg 300w, https:\/\/guentersahler.de\/wp-content\/uploads\/2026\/03\/cw005-287x300.jpg 287w\" sizes=\"(max-width: 300px) 100vw, 300px\" \/><figcaption class=\"wp-element-caption\"><em>Logo der USK Solingen (Entwurf von Carolin Willach).<\/em><\/figcaption><\/figure>\n\n\n\n<p><span style=\"color:#2b6978\" class=\"has-inline-color\"><strong>Welche Erfahrungen konntet ihr bisher mit dem Wetter machen, das einem die Planung unter Umst\u00e4nden vermiesen kann?<\/strong><\/span><\/p>\n\n\n\n<p>Die Treffen versuche ich immer drei Monate im voraus zu planen und bedenke nat\u00fcrlich Jahreszeit und Wetter mit. In den Wintermonaten suche ich nach Orten an denen wir nicht erfrieren! Unsere n\u00e4chsten Termine sind nat\u00fcrlich wieder im Freien, entweder gibt es bei Regen etwas zum Unterstellen, oder aber ein naheliegendes Caf\u00e9, ansonsten muss abgesagt werden.<\/p>\n\n\n\n<p><span style=\"color:#2b6978\" class=\"has-inline-color\"><strong>Es gibt sicher Leute die sagen, dass sie grunds\u00e4tzlich in eurer Gruppe&nbsp; mitmachen w\u00fcrden, aber nicht zeichnen k\u00f6nnten, gar kein Talent h\u00e4tten. Wie \u00fcberzeugt ihr diese Personen und integriert sie?<\/strong><\/span><\/p>\n\n\n\n<p>Wenn neue Leute zu uns kommen und diesen Schritt schon gemacht haben, dann werden sie nat\u00fcrlich in der Gruppe nett empfangen und ganz ehrlich: Gibt es was sch\u00f6neres unter so vielen Malverr\u00fcckten zu sein? <br>Jeder sagt immer er kann nicht zeichnen, aber jeder kann es auf seine eigene Weise. In unserer Gruppe w\u00fcrde niemand sagen, dass er ein Profi ist, wir lernen alle und wenn man durch die Skizzenb\u00fccher bl\u00e4ttert sieht man deutliche Fortschritte. Es geht bei uns nicht um perfekte Ergebnisse, sondern einfach um das gemeinsame kreative Tun.<\/p>\n\n\n\n<p><span style=\"color:#2b6978\" class=\"has-inline-color\"><strong>Was planst Du f\u00fcr die USK Solingen in der Zukunft? <\/strong><\/span><\/p>\n\n\n\n<p>F\u00fcr die Zukunft unserer Gruppe erhoffe ich mir, das es sich ganz einfach so weiterentwickelt wie bisher und das kein Treffen gibt an dem ich mal ganz alleine am Treffpunkt stehe (lacht).<\/p>\n\n\n\n<p>Ja, das w\u00fcnsche ich Dir auch (lacht). Herzlichen Dank f\u00fcr die interessanten Einblicke.<\/p>\n\n\n\n<p><strong>Zum Schluss m\u00f6chte ich noch auf die Instagram-Seite von <em>Carolin<\/em> und und auf die Seite der USK Solingen hinweisen:<\/strong><\/p>\n\n\n\n<p><a href=\"https:\/\/www.instagram.com\/caro.maltundsketcht\/\" target=\"_blank\" rel=\"noreferrer noopener\">@caro.maltundsketcht<\/a><\/p>\n\n\n\n<p><a href=\"https:\/\/www.instagram.com\/usksolingen\/\" target=\"_blank\" rel=\"noreferrer noopener\">@usksolingen<\/a><\/p>\n\n\n\n<figure class=\"wp-block-image size-large\"><img decoding=\"async\" src=\"https:\/\/guentersahler.de\/wp-content\/uploads\/2022\/05\/froglink.gif\" alt=\"\"\/><\/figure>\n\n\n\n<!DOCTYPE html>\n<html>\n<head>\n    <title>Sketching- und Nature Journaling-Gruppen in der Umgebung<\/title>\n    <meta charset=\"utf-8\" \/>\n    <meta name=\"viewport\" content=\"width=device-width, initial-scale=1.0\">\n    <link rel=\"stylesheet\" href=\"https:\/\/unpkg.com\/leaflet@1.9.4\/dist\/leaflet.css\" \/>\n    <style>\n        #map { height: 500px; width: 100%; }\n    <\/style>\n<style>\n  h6 {\n    font-size: 2em; \/* Gr\u00f6\u00dfe anpassen *\/\n    font-weight: bold;\n    background: linear-gradient(90deg, green, blue, red); \/* Farbverlauf *\/\n    -webkit-background-clip: text;\n    -webkit-text-fill-color: transparent;\n    background-clip: text; \/* f\u00fcr moderne Browser *\/\n    text-align: left; \/* optional *\/\n  }\n<\/style>\n<\/head>\n<body>\n\n<h6>Bergische Sketchers<\/h6><p>Ich m\u00f6chte auf die Sketching und Nature Journaling Gruppen in der Region Bergisches Land hinweisen.<\/p><p>Blau = Urban Sketchers, Rot = Nature Journaling, Gr\u00fcn = Sketching und Nature Journaling<\/p>\n<div id=\"map\"><\/div>\n\n<script src=\"https:\/\/unpkg.com\/leaflet@1.9.4\/dist\/leaflet.js\"><\/script>\n<script>\n    \/\/ Karte initialisieren\n    var map = L.map('map').setView([51.1, 7.0], 10);\n\n    \/\/ OpenStreetMap Tiles\n    L.tileLayer('https:\/\/{s}.tile.openstreetmap.org\/{z}\/{x}\/{y}.png', {\n        maxZoom: 19,\n        attribution: '&copy; <a href=\"https:\/\/www.openstreetmap.org\/copyright\">OpenStreetMap<\/a> contributors'\n    }).addTo(map);\n\n    \/\/ Marker-Gruppen mit Farben\n    var blaueOrte = [\n        {name: \"USK Hilden\", lat: 51.16838, lon: 6.92941},\n        {name: \"USK Solingen\", lat: 51.16332, lon: 7.08395},\n        {name: \"USK Wuppertal\", lat: 51.25621, lon: 7.15076},\n\n    ];\n\n    var roteOrte = [\n        {name: \"Nature Journal Club Bergisch Gladbach\", lat: 50.98594, lon: 7.13332},\n    ];\n\n    var grueneOrte = [\n        {name: \"Lindlar skizziert\", lat: 51.019444, lon: 7.376111}\n    ];\n\n    \/\/ Funktion zum Hinzuf\u00fcgen farbiger Marker\n    function addMarker(ort, color) {\n        var icon = L.icon({\n            iconUrl: `https:\/\/raw.githubusercontent.com\/pointhi\/leaflet-color-markers\/master\/img\/marker-icon-${color}.png`,\n            shadowUrl: 'https:\/\/cdnjs.cloudflare.com\/ajax\/libs\/leaflet\/1.7.1\/images\/marker-shadow.png',\n            iconSize: [25, 41],\n            iconAnchor: [12, 41],\n            popupAnchor: [1, -34],\n            shadowSize: [41, 41]\n        });\n        L.marker([ort.lat, ort.lon], {icon: icon})\n         .addTo(map)\n         .bindPopup(\"<b>\" + ort.name + \"<\/b>\");\n    }\n\n    \/\/ Marker hinzuf\u00fcgen\n    blaueOrte.forEach(o => addMarker(o, \"blue\"));\n    roteOrte.forEach(o => addMarker(o, \"red\"));\n    grueneOrte.forEach(o => addMarker(o, \"green\"));\n\n    \/\/ Karte automatisch auf alle Marker anpassen\n    var alleOrte = blaueOrte.concat(roteOrte, grueneOrte);\n    var group = new L.featureGroup(alleOrte.map(o => L.marker([o.lat, o.lon])));\n    map.fitBounds(group.getBounds());\n\n<\/script>\n\n<\/body>\n<\/html>\n\n\n\n<p><\/p>\n\n\n\n<p><\/p>\n\n\n\n<p><\/p>\n","protected":false},"excerpt":{"rendered":"<p>Carolin Willach ist Aquarellmalerin, Urban Sketcherin und Gr\u00fcnderin der Urban Sketchers in Solingen. Dies ist Teil meiner Reihe: Bergische Sketchers Caro, wann hast Du mit dem Malen angefangen? Seit 2020 ist das Aquarellmalen meine gro\u00dfe Leidenschaft. Schon als Kind war &hellip; <a href=\"https:\/\/guentersahler.de\/?p=37691\">Weiter<\/a><\/p>\n","protected":false},"author":1,"featured_media":37723,"comment_status":"closed","ping_status":"closed","sticky":false,"template":"","format":"standard","meta":{"footnotes":""},"categories":[33,39,85,109,44],"tags":[],"class_list":["post-37691","post","type-post","status-publish","format-standard","has-post-thumbnail","hentry","category-blog","category-field-sketching","category-interview","category-urban-sketching","category-zeichnen"],"_links":{"self":[{"href":"https:\/\/guentersahler.de\/index.php?rest_route=\/wp\/v2\/posts\/37691"}],"collection":[{"href":"https:\/\/guentersahler.de\/index.php?rest_route=\/wp\/v2\/posts"}],"about":[{"href":"https:\/\/guentersahler.de\/index.php?rest_route=\/wp\/v2\/types\/post"}],"author":[{"embeddable":true,"href":"https:\/\/guentersahler.de\/index.php?rest_route=\/wp\/v2\/users\/1"}],"replies":[{"embeddable":true,"href":"https:\/\/guentersahler.de\/index.php?rest_route=%2Fwp%2Fv2%2Fcomments&post=37691"}],"version-history":[{"count":62,"href":"https:\/\/guentersahler.de\/index.php?rest_route=\/wp\/v2\/posts\/37691\/revisions"}],"predecessor-version":[{"id":38241,"href":"https:\/\/guentersahler.de\/index.php?rest_route=\/wp\/v2\/posts\/37691\/revisions\/38241"}],"wp:featuredmedia":[{"embeddable":true,"href":"https:\/\/guentersahler.de\/index.php?rest_route=\/wp\/v2\/media\/37723"}],"wp:attachment":[{"href":"https:\/\/guentersahler.de\/index.php?rest_route=%2Fwp%2Fv2%2Fmedia&parent=37691"}],"wp:term":[{"taxonomy":"category","embeddable":true,"href":"https:\/\/guentersahler.de\/index.php?rest_route=%2Fwp%2Fv2%2Fcategories&post=37691"},{"taxonomy":"post_tag","embeddable":true,"href":"https:\/\/guentersahler.de\/index.php?rest_route=%2Fwp%2Fv2%2Ftags&post=37691"}],"curies":[{"name":"wp","href":"https:\/\/api.w.org\/{rel}","templated":true}]}}